{"id":230842,"date":"2025-11-11T18:42:15","date_gmt":"2025-11-11T18:42:15","guid":{"rendered":"https:\/\/www.europesays.com\/es\/230842\/"},"modified":"2025-11-11T18:42:15","modified_gmt":"2025-11-11T18:42:15","slug":"este-piso-barcelones-de-los-anos-70-ahorra-energia-con-estrategias-bioclimaticas","status":"publish","type":"post","link":"https:\/\/www.europesays.com\/es\/230842\/","title":{"rendered":"este piso barcelon\u00e9s de los a\u00f1os 70 ahorra energ\u00eda con estrategias bioclim\u00e1ticas"},"content":{"rendered":"<p>En una lista de cosas que deber\u00eda tener el piso perfecto, \u00bfqui\u00e9n no incluir\u00eda que fuera eficiente energ\u00e9ticamente, que en verano no hiciera calor (ni fr\u00edo en invierno) y que se tratara de un ambiente sano y con mucha luz natural? Todas esas cosas, y m\u00e1s, tiene este piso en el barrio de Gracia, Barcelona, renovado por los arquitectos de Slow Studio, cuyo objetivo era <strong>\u201cconseguir un ambiente sano y libre de t\u00f3xicos, apostando por <a href=\"https:\/\/www.arquitecturaydiseno.es\/arquitectura\/que-es-arquitectura-bioclimatica-breve-guia-puntos-mas-relevantes_9791\" rel=\"nofollow noopener\" target=\"_blank\">estrategias bioclim\u00e1ticas<\/a>\u00a0<\/strong>de captaci\u00f3n y protecci\u00f3n solar, ventilaci\u00f3n cruzada y el empleo de materiales naturales con una reducida huella de carbono\u201d, explican.<\/p>\n<p>&#13;<img loading=\"lazy\" decoding=\"async\"   src=\"https:\/\/www.europesays.com\/es\/wp-content\/uploads\/2025\/11\/cocina-abierta-proyecto-slow-studio_68b6d942_251028125020_1280x960.webp.webp\" alt=\"Cocina abierta. El dise\u00f1o busca minimizar los espacios de circulaci\u00f3n. Proyecto: Slow Studio\" class=\"lazyload\" width=\"1280\" height=\"960\" data-aspectratio=\"1280\/960\"\/><\/p>\n<p>Cocina abierta. El dise\u00f1o busca minimizar los espacios de circulaci\u00f3n. Proyecto: Slow Studio<\/p>\n<p>&#13;Ariadna Puigdom\u00e8nech<\/p>\n<p>Construido <strong>en los a\u00f1os 70, <\/strong>el piso est\u00e1 muy cerca del parque G\u00fcell y destaca por una amplia terraza en toda su fachada este y dos generosos patios de ventilaci\u00f3n en la oeste. Los arquitectos cuentan que han trabajado \u201cpor franjas; es decir, aprovechando la longitudinalidad de la terraza: un esquema que permite <strong>minimizar los espacios de circulaci\u00f3n<\/strong> para aumentar la compacidad del conjunto, generando ambientes m\u00e1s eficientes desde el punto de vista energ\u00e9tico y econ\u00f3mico\u201d.<\/p>\n<p>&#13;<img loading=\"lazy\" decoding=\"async\"   src=\"https:\/\/www.europesays.com\/es\/wp-content\/uploads\/2025\/11\/zona-de-dia-con-espacios-abiertos-proyecto-slow-studio_7e54759a_251028124931_1280x960.webp.webp\" alt=\"Zona de d\u00eda con espacios abiertos. Proyecto: Slow Studio\" class=\"lazyload\" width=\"1280\" height=\"960\" data-aspectratio=\"1280\/960\"\/><\/p>\n<p>Zona de d\u00eda con espacios abiertos. Proyecto: Slow Studio<\/p>\n<p>&#13;Ariadna Puigdom\u00e8nech<br \/>\n Un programa resuelto \u201cpor franjas\u201d que se saca much\u00edsimo partido a las terrazas<\/p>\n<p>La franja central corresponde a los espacios interiores de d\u00eda y <strong>habitaciones conectadas con la terraza, <\/strong>que est\u00e1 llena de plantas y se convierte en una extensi\u00f3n del espacio interior. As\u00ed, la sala de estar y el comedor, ambos en el centro de la vivienda, se abren a la terraza doblando su superficie. Por otro lado, las habitaciones a ambos lados, en contacto con las medianeras, cuentan con terrazas \u00edntimas planteadas como espacios flexibles.<\/p>\n<p><a href=\"https:\/\/www.arquitecturaydiseno.es\/arquitectura\/propuesta-gaudiana-norman-foster-para-camp-nou-que-quedo-cajon-fc-barcelona_12657\" data-ga4_event=\"custom_event\" data-ga4_event_name=\"click_intext\" data-ga4_link_url=\"https:\/\/www.arquitecturaydiseno.es\/arquitectura\/propuesta-gaudiana-norman-foster-para-camp-nou-que-quedo-cajon-fc-barcelona_12657\" data-ga4_link_text=\"la_propuesta_de_norman_foster_para_el_camp_nou_que_el_fc_barcelona_abandono\" data-ga4_content_type=\"photo\" data-ga4_element=\"related\" rel=\"nofollow noopener\" target=\"_blank\">&#13;&#13;<img loading=\"lazy\" decoding=\"async\" src=\"https:\/\/www.europesays.com\/es\/wp-content\/uploads\/2025\/11\/detalle-de-la-fachada-del-camp-nou-de-norman-foster_dd095508_251111152424_600x600.webp.webp\" alt=\"Detalle de la fachada del Camp Nou de Norman Foster\" class=\"lazyload\" width=\"600\" height=\"600\" data-aspectratio=\"600\/600\"\/>&#13;&#13;<\/p>\n<p class=\"epigraph\">&#13;Noticia relacionada<\/p>\n<p class=\"title\">La propuesta de Norman Foster para el Camp Nou que el FC Barcelona abandon\u00f3<\/p>\n<p><\/a>&#13;<img loading=\"lazy\" decoding=\"async\"   src=\"https:\/\/www.europesays.com\/es\/wp-content\/uploads\/2025\/11\/distribuidor-de-la-vivienda-con-amplio-espacio-de-almacenamiento-proyecto-slow-studio_aff2bc44_25102.webp\" alt=\"Distribuidor de la vivienda, con amplio espacio de almacenamiento. Proyecto: Slow Studio\" class=\"lazyload\" width=\"1280\" height=\"1707\" data-aspectratio=\"1280\/1707\"\/><\/p>\n<p>Distribuidor de la vivienda, con amplio espacio de almacenamiento. Proyecto: Slow Studio<\/p>\n<p>&#13;Ariadna Puigdom\u00e8nech<\/p>\n<p>Al otro lado de la vivienda, en contacto con el acceso y los patios de luz, aparece una primera franja que \u201cresuelve ba\u00f1os, lavander\u00eda, cocina y despensa, pero tambi\u00e9n espacios de almacenamiento general asociados al vest\u00edbulo o vestidores, que funcionan como espacio bisagra entre la franja de servicios y los dormitorios, solucionando a la vez almacenaje, circulaciones y ventilaci\u00f3n cruzada\u201d.<\/p>\n<p>&#13;<img loading=\"lazy\" decoding=\"async\"   src=\"https:\/\/www.europesays.com\/es\/wp-content\/uploads\/2025\/11\/salon-abierto_93fe5017_251028130111_1280x960.webp.webp\" alt=\"Los arquitectos de Slow Studio han buscado conseguir un ambiente sano y libre de t\u00f3xicos en el que la clave est\u00e1 en apostar por estrategias bioclim\u00e1ticas\" class=\"lazyload\" width=\"1280\" height=\"960\" data-aspectratio=\"1280\/960\"\/><\/p>\n<p>Los arquitectos de Slow Studio han buscado conseguir un ambiente sano y libre de t\u00f3xicos en el que la clave est\u00e1 en apostar por estrategias bioclim\u00e1ticas<\/p>\n<p>&#13;Ariadna Puigdom\u00e8nech<br \/>\n Una estrategia bioclim\u00e1tica muy bien pensada que minimiza la necesidad energ\u00e9tica<\/p>\n<p>Como dec\u00edamos en el subt\u00edtulo del art\u00edculo, los arquitectos han prestado especial atenci\u00f3n a las estrategias pasivas de climatizaci\u00f3n, que se concentran \u201cen aprovechar las entradas de luz y aire a la hora de distribuir los espacios\u201d.<\/p>\n<p>&#13;<img loading=\"lazy\" decoding=\"async\"   src=\"https:\/\/www.europesays.com\/es\/wp-content\/uploads\/2025\/11\/en-el-diseno-del-piso-se-ha-cuidado-la-ventilacion-cruzada-proyecto-slow-studio_eaae4458_25102812570.webp\" alt=\"En el dise\u00f1o del piso se ha cuidado la ventilaci\u00f3n cruzada. Proyecto: Slow Studio\" class=\"lazyload\" width=\"1280\" height=\"1707\" data-aspectratio=\"1280\/1707\"\/><\/p>\n<p>En el dise\u00f1o del piso se ha cuidado la ventilaci\u00f3n cruzada. Proyecto: Slow Studio<\/p>\n<p>&#13;Ariadna Puigdom\u00e8nech<\/p>\n<p>Como se trata de <a href=\"https:\/\/www.arquitecturaydiseno.es\/arquitectura\/que-son-las-casas-entre-medianeras-como-sacar-partido-a-algunas-de-sus-desventajas-y-algunas-ideas-para-decorarlas_10357\" rel=\"nofollow noopener\" target=\"_blank\"><strong>una vivienda entre medianeras,\u00a0<\/strong><\/a>y por lo tanto compacta, \u201casegurar la ventilaci\u00f3n cruzada en todas las estancias se ha convertido en el punto m\u00e1s importante de la reforma para garantizar el confort t\u00e9rmico en verano\u201d. Ese es el motivo de que las aberturas en los patios de luz, opuestas a las de la terraza, que facilitan las corrientes de aire en la vivienda. Adem\u00e1s, para enfatizar la ventilaci\u00f3n cruzada, se han instalado unos ventiladores de madera en los espacios a lo largo de la franja que conecta con la terraza.<\/p>\n<p><a href=\"https:\/\/www.arquitecturaydiseno.es\/casas\/piso-pocas-cosas-pero-gran-calidad-que-propone-nueva-forma-habitar-barcelona_12519\" data-ga4_event=\"custom_event\" data-ga4_event_name=\"click_intext\" data-ga4_link_url=\"https:\/\/www.arquitecturaydiseno.es\/casas\/piso-pocas-cosas-pero-gran-calidad-que-propone-nueva-forma-habitar-barcelona_12519\" data-ga4_link_text=\"un_piso_con_pocas_cosas_pero_de_gran_calidad_que_propone_una_nueva_forma_de_habitar_en_barcelona\" data-ga4_content_type=\"photo\" data-ga4_element=\"related\" rel=\"nofollow noopener\" target=\"_blank\">&#13;&#13;<img loading=\"lazy\" decoding=\"async\" src=\"https:\/\/www.europesays.com\/es\/wp-content\/uploads\/2025\/11\/01-sant-gervasi-forma-en-tamano-grande_b80210ed_251015112341_600x600.webp.webp\" alt=\"01 SANT GERVASI FORMA en taman\u0303o grande\" class=\"lazyload\" width=\"600\" height=\"600\" data-aspectratio=\"600\/600\"\/>&#13;&#13;<\/p>\n<p class=\"epigraph\">&#13;Noticia relacionada<\/p>\n<p class=\"title\">Un piso con \u00abpocas cosas pero de gran calidad\u00bb que propone una nueva forma de habitar en Barcelona<\/p>\n<p><\/a>&#13;<img loading=\"lazy\" decoding=\"async\"   src=\"https:\/\/www.europesays.com\/es\/wp-content\/uploads\/2025\/11\/dormitorio-piso-en-gracia-proyecto-slow-studio_ce1a6ed6_251028125454_1280x1707.webp.webp\" alt=\"Dormitorio piso en Gracia. Proyecto: Slow Studio\" class=\"lazyload\" width=\"1280\" height=\"1707\" data-aspectratio=\"1280\/1707\"\/><\/p>\n<p>Dormitorio piso en Gracia. Proyecto: Slow Studio<\/p>\n<p>&#13;Ariadna Puigdom\u00e8nech<\/p>\n<p>Todas las estrategias que acabamos de mencionar contribuyen a <strong><a href=\"https:\/\/www.arquitecturaydiseno.es\/pasion-eco\/rehabilitaciones-energeticas-se-puede-transformar-piso-antiguo-vivienda-energeticamente-eficiente_11372\" rel=\"nofollow noopener\" target=\"_blank\">minimizar la necesidad energ\u00e9tica.<\/a>\u00a0<\/strong>En todo caso, y para disfrutar de agua caliente sanitaria, se ha apostado por <a href=\"https:\/\/www.arquitecturaydiseno.es\/arquitectura\/que-es-aerotermia-y-cuanto-dinero-se-ahorra-instalandola_12504\" rel=\"nofollow noopener\" target=\"_blank\">aerotermia<\/a> \u2013una fuente de energ\u00eda completamente renovable\u2013. En cuanto a la calefacci\u00f3n, Slow Studio ha apostado por eliminar la instalaci\u00f3n de gas, que sustituyen por la opci\u00f3n de instalar radiadores el\u00e9ctricos, que, en todo caso, es muy probable que no ser\u00e1n necesarios \u201cporque, seg\u00fan los c\u00e1lculos clim\u00e1ticos, confiamos en no ser\u00e1 necesario ning\u00fan sistema activo de calefacci\u00f3n, o solo se necesite de manera puntual durante los picos de fr\u00edo en invierno\u201d.<\/p>\n","protected":false},"excerpt":{"rendered":"En una lista de cosas que deber\u00eda tener el piso perfecto, \u00bfqui\u00e9n no incluir\u00eda que fuera eficiente energ\u00e9ticamente,&hellip;\n","protected":false},"author":2,"featured_media":230843,"comment_status":"","ping_status":"","sticky":false,"template":"","format":"standard","meta":{"footnotes":""},"categories":[173],"tags":[229,233,231,230,232,234,146,147,25,24,23],"class_list":{"0":"post-230842","1":"post","2":"type-post","3":"status-publish","4":"format-standard","5":"has-post-thumbnail","7":"category-arte-y-diseno","8":"tag-arte","9":"tag-arte-y-diseno","10":"tag-arts","11":"tag-arts-and-design","12":"tag-design","13":"tag-diseno","14":"tag-entertainment","15":"tag-entretenimiento","16":"tag-es","17":"tag-espana","18":"tag-spain"},"share_on_mastodon":{"url":"https:\/\/pubeurope.com\/@es\/115532539263691740","error":""},"_links":{"self":[{"href":"https:\/\/www.europesays.com\/es\/wp-json\/wp\/v2\/posts\/230842","targetHints":{"allow":["GET"]}}],"collection":[{"href":"https:\/\/www.europesays.com\/es\/wp-json\/wp\/v2\/posts"}],"about":[{"href":"https:\/\/www.europesays.com\/es\/wp-json\/wp\/v2\/types\/post"}],"author":[{"embeddable":true,"href":"https:\/\/www.europesays.com\/es\/wp-json\/wp\/v2\/users\/2"}],"replies":[{"embeddable":true,"href":"https:\/\/www.europesays.com\/es\/wp-json\/wp\/v2\/comments?post=230842"}],"version-history":[{"count":0,"href":"https:\/\/www.europesays.com\/es\/wp-json\/wp\/v2\/posts\/230842\/revisions"}],"wp:featuredmedia":[{"embeddable":true,"href":"https:\/\/www.europesays.com\/es\/wp-json\/wp\/v2\/media\/230843"}],"wp:attachment":[{"href":"https:\/\/www.europesays.com\/es\/wp-json\/wp\/v2\/media?parent=230842"}],"wp:term":[{"taxonomy":"category","embeddable":true,"href":"https:\/\/www.europesays.com\/es\/wp-json\/wp\/v2\/categories?post=230842"},{"taxonomy":"post_tag","embeddable":true,"href":"https:\/\/www.europesays.com\/es\/wp-json\/wp\/v2\/tags?post=230842"}],"curies":[{"name":"wp","href":"https:\/\/api.w.org\/{rel}","templated":true}]}}