{"id":230846,"date":"2025-11-11T18:45:11","date_gmt":"2025-11-11T18:45:11","guid":{"rendered":"https:\/\/www.europesays.com\/es\/230846\/"},"modified":"2025-11-11T18:45:11","modified_gmt":"2025-11-11T18:45:11","slug":"cadena-dial-renueva-su-claim-con-lo-mejor-de-nuestra-musica","status":"publish","type":"post","link":"https:\/\/www.europesays.com\/es\/230846\/","title":{"rendered":"Cadena Dial renueva su claim con &#8216;Lo mejor de nuestra m\u00fasica&#8217;"},"content":{"rendered":"<p class=\"x_elementtoproof\"><b data-olk-copy-source=\"MessageBody\">Cadena Dial renueva su claim con \u2018Lo mejor de nuestra m\u00fasica\u2019 <\/b>para<b>\u00a0<\/b>enriquecer la cultura, legado musical y talento de la m\u00fasica en espa\u00f1ol.<b>\u00a0<\/b>Adem\u00e1s,\u00a0<a href=\"https:\/\/www.cadenadial.com\/2025\/amaia-montero-y-leire-martinez-se-besan-en-una-original-pintada-que-simboliza-la-paz-entre-las-dos-eras-de-lodvg-434403.html\" rel=\"nofollow noopener\" target=\"_blank\"><b>Leire Mart\u00ednez<\/b><\/a>\u00a0ser\u00e1 la encargada de interpretar los nuevos jingles de la emisora.<b\/><\/p>\n<p class=\"x_MsoNormal\">\u00ab<b>Cadena Dial es la emisora musical m\u00e1s comprometida con el talento espa\u00f1ol y queremos reforzar esa idea a trav\u00e9s del <\/b><b>claim<\/b>. La m\u00fasica es algo maravilloso, especialmente cuando es en tu idioma y entiendes y disfrutas cada palabra que cantas. Hay canciones m\u00edticas que te llevan a momentos o vivencias importantes; esa canci\u00f3n que te recuerda a los viajes en coche con tus padres, o la de aquel concierto m\u00edtico al que fuiste con tus amigos un verano hace tiempo o quiz\u00e1s una canci\u00f3n que compartes con tu pareja, vuestra canci\u00f3n. Esa es la m\u00fasica que suena en Cadena Dial y lo que tan bien expresa el claim \u2018lo mejor de nuestra m\u00fasica\u2019\u00ab, explica\u00a0<b>\u00d3scar Oca\u00f1a<\/b>, director general de Marketing de PRISA Media.<\/p>\n<p class=\"x_MsoNormal\">La renovaci\u00f3n de la identidad sonora de Cadena Dial se completa con la\u00a0<b>elecci\u00f3n de Leire Mart\u00ednez<\/b>, una de las int\u00e9rpretes m\u00e1s destacadas del pop nacional, como\u00a0<b>nueva voz de sus jingles<\/b>. Este movimiento reafirma el\u00a0<b>compromiso de la emisora con la m\u00fasica en espa\u00f1ol y sus artistas<\/b>. Adem\u00e1s, refuerza su v\u00ednculo con la cantante navarra, que present\u00f3 la \u00faltima edici\u00f3n de los Premios Dial, celebrada el pasado 20 de marzo en Santa Cruz de Tenerife.<\/p>\n<p class=\"x_elementtoproof\">\u00ab<b>Es un enorme placer poder poner voz a una de las radios de mi vida.\u00a0<\/b>Si hablamos de m\u00fasica en espa\u00f1ol, hablamos de Cadena Dial. Ya fui la presentadora de los Premios Dial 2025 y estoy s\u00faper agradecida a que hayan querido seguir contando conmigo para una tarea tan importante esta\u00ab, asegura\u00a0<b>Leire Mart\u00ednez<\/b>.<\/p>\n","protected":false},"excerpt":{"rendered":"Cadena Dial renueva su claim con \u2018Lo mejor de nuestra m\u00fasica\u2019 para\u00a0enriquecer la cultura, legado musical y talento&hellip;\n","protected":false},"author":2,"featured_media":230847,"comment_status":"","ping_status":"","sticky":false,"template":"","format":"standard","meta":{"footnotes":""},"categories":[170],"tags":[60438,146,147,25,24,184,185,23],"class_list":{"0":"post-230846","1":"post","2":"type-post","3":"status-publish","4":"format-standard","5":"has-post-thumbnail","7":"category-musica","8":"tag-cadena-dial","9":"tag-entertainment","10":"tag-entretenimiento","11":"tag-es","12":"tag-espana","13":"tag-music","14":"tag-musica","15":"tag-spain"},"share_on_mastodon":{"url":"https:\/\/pubeurope.com\/@es\/115532551023773443","error":""},"_links":{"self":[{"href":"https:\/\/www.europesays.com\/es\/wp-json\/wp\/v2\/posts\/230846","targetHints":{"allow":["GET"]}}],"collection":[{"href":"https:\/\/www.europesays.com\/es\/wp-json\/wp\/v2\/posts"}],"about":[{"href":"https:\/\/www.europesays.com\/es\/wp-json\/wp\/v2\/types\/post"}],"author":[{"embeddable":true,"href":"https:\/\/www.europesays.com\/es\/wp-json\/wp\/v2\/users\/2"}],"replies":[{"embeddable":true,"href":"https:\/\/www.europesays.com\/es\/wp-json\/wp\/v2\/comments?post=230846"}],"version-history":[{"count":0,"href":"https:\/\/www.europesays.com\/es\/wp-json\/wp\/v2\/posts\/230846\/revisions"}],"wp:featuredmedia":[{"embeddable":true,"href":"https:\/\/www.europesays.com\/es\/wp-json\/wp\/v2\/media\/230847"}],"wp:attachment":[{"href":"https:\/\/www.europesays.com\/es\/wp-json\/wp\/v2\/media?parent=230846"}],"wp:term":[{"taxonomy":"category","embeddable":true,"href":"https:\/\/www.europesays.com\/es\/wp-json\/wp\/v2\/categories?post=230846"},{"taxonomy":"post_tag","embeddable":true,"href":"https:\/\/www.europesays.com\/es\/wp-json\/wp\/v2\/tags?post=230846"}],"curies":[{"name":"wp","href":"https:\/\/api.w.org\/{rel}","templated":true}]}}