{"id":230857,"date":"2025-11-11T18:51:09","date_gmt":"2025-11-11T18:51:09","guid":{"rendered":"https:\/\/www.europesays.com\/es\/230857\/"},"modified":"2025-11-11T18:51:09","modified_gmt":"2025-11-11T18:51:09","slug":"el-ibex-35-vuelve-a-marcar-un-maximo-historico-y-roza-los-16-400-tras-el-acuerdo-en-ee-uu-que-reabre-su-gobierno","status":"publish","type":"post","link":"https:\/\/www.europesays.com\/es\/230857\/","title":{"rendered":"El Ibex 35 vuelve a marcar un m\u00e1ximo hist\u00f3rico y roza los 16.400 tras el acuerdo en EE.UU. que reabre su Gobierno"},"content":{"rendered":"<p style=\"\">El <a href=\"https:\/\/www.abc.es\/noticias\/ibex-35\/pagina-1.html\" title=\"www.abc.es\" data-voc-vtm-id=\"in-text-traffic\" data-mrf-link=\"www.abc.es\" rel=\"nofollow noopener\" target=\"_blank\">Ibex 35<\/a> ha culminado este martes una nueva sesi\u00f3n en m\u00e1ximos hist\u00f3ricos, cerrando en <strong>16.388,8 puntos<\/strong>, un 1,27% m\u00e1s, tras aprobar el Senado estadounidense un paquete de medidas de financiaci\u00f3n que desbloquean la v\u00eda para poner fin al cierre  &#8230; gubernamental m\u00e1s largo de la historia del pa\u00eds con 41 d\u00edas.<\/p>\n<p class=\"voc-p\" style=\"\">Al cierre, el selectivo ha superado brevemente los 16.400 puntos, aunque finalmente los ha perdido. El cierre registrado este martes es su mayor nivel hist\u00f3rico. De los 15 d\u00edas con mayor nivel del Ibex registrado en su historia, 12 de ellos se han registrado entre octubre y noviembre de 2025. Los otros tres, entre <strong>noviembre y diciembre de 2007<\/strong>.<\/p>\n<p class=\"voc-p\" style=\"\">La aprobaci\u00f3n en Estados Unidos de las medidas que desbloquean el cierre gubernamental ha sido posible por el voto favorable de ocho dem\u00f3cratas, en una decisi\u00f3n muy criticada por el partido, que ha llevado a algunos de sus miembros a pedir la dimisi\u00f3n del l\u00edder de la bancada minoritaria en la C\u00e1mara Alta, Chuck Schumer.<\/p>\n<p class=\"voc-p\" style=\"\">El visto bueno a este proyecto de ley de financiaci\u00f3n ha llegado despu\u00e9s de que, en la v\u00edspera, estos ocho senadores acordaran con la mayor\u00eda republicana <a href=\"https:\/\/www.abc.es\/internacional\/senado-eeuu-aprueba-fin-cierre-gobierno-reabrir-20251111062127-nt.html\" title=\"www.abc.es\" data-voc-vtm-id=\"in-text-traffic\" data-mrf-link=\"www.abc.es\" rel=\"nofollow noopener\" target=\"_blank\">permitir la reapertura del Gobierno <\/a>federal a cambio de una futura votaci\u00f3n sobre la extensi\u00f3n de los subsidios para la atenci\u00f3n m\u00e9dica, la principal condici\u00f3n requerida por los dem\u00f3cratas.<\/p>\n<p class=\"voc-p\" style=\"\">Adem\u00e1s, incluye una medida provisional para financiar el resto del Gobierno hasta el 30 de enero del pr\u00f3ximo a\u00f1o y la reincorporaci\u00f3n de los m\u00e1s de 4.000 empleados federales despedidos durante el cierre.<\/p>\n<p class=\"voc-p\" style=\"\">Los analistas de Renta 4 han comentado al respecto que, una vez se recupere el normal funcionamiento de la Administraci\u00f3n norteamericana, la atenci\u00f3n estar\u00e1 en la publicaci\u00f3n de las numerosas referencias &#8216;macro&#8217; que no se han podido conocer en el \u00faltimo mes y que ser\u00e1n relevantes de cara a la toma de <strong>decisiones de la Reserva Federal (Fed)<\/strong>, en tanto que el mercado pondr\u00e1 especial atenci\u00f3n sobre los datos oficiales de empleo de septiembre y octubre.<\/p>\n<p class=\"voc-p\" style=\"\">Tambi\u00e9n fuera de Espa\u00f1a, este martes se ha publicado que la tasa de desempleo del Reino Unido se situ\u00f3 en el 5% entre julio y septiembre, lo que representa un incremento con respecto del 4,8% observado entre junio y agosto, as\u00ed como la mayor lectura de paro en el pa\u00eds desde febrero de 2021.<\/p>\n<p class=\"voc-p\" style=\"\">En el plano empresarial, la temporada de resultados llegar\u00e1 esta semana a su fin: el jueves, en Espa\u00f1a, ser\u00e1 el turno de Banco Sabadell, que presentar\u00e1 sus cuentas por primera vez tras el fracaso de la OPA de BBVA, mientras que el viernes lo har\u00e1 Merlin Properties. En EEUU, el jueves, Disney dar\u00e1 a conocer sus resultados.<\/p>\n<p class=\"voc-p\" style=\"\">Por su parte, el Tesoro P\u00fablico ha colocado este martes 2.318,55 millones de euros en una nueva subasta de letras a 3 y 9 meses, algo por debajo del rango medio previsto de entre 2.000 y 3.000 millones de euros, y ha elevado la rentabilidad a 9 meses, que se acerca al 2%, mientras que el inter\u00e9s a 3 meses se ha mantenido estable.<\/p>\n<p class=\"voc-p\" style=\"\">En este contexto, las mayores alzas en el selectivo han sido las de <strong>Rovi <\/strong>(+4,14%), <strong>Puig <\/strong>(+4,07%), <strong>Inditex <\/strong>(+2,98%), <strong>Repsol <\/strong>(+2,37%), <strong>Banco Sabadell <\/strong>(+2,30%), <strong>Telef\u00f3nica <\/strong>(+2,23%), <strong>BBVA <\/strong>(+1,87%) y <strong>CaixaBank <\/strong>(+1,52%).<\/p>\n<p class=\"voc-p\" style=\"\">Del lado contrario se han situado Solaria (-3,64%), Acciona Energ\u00eda (-2,78%), Grifols (-2%), Acciona (-1,71%) y Naturgy (-1,27%).<\/p>\n<p>\nEvoluci\u00f3n positiva de los mercados\n<\/p>\n<p class=\"voc-p\" style=\"\">La evoluci\u00f3n del resto de los principales mercados europeos tambi\u00e9n ha sido positiva. Londres ha subido un 1,15%; Par\u00eds, un 1,25%; Fr\u00e1ncfort, un 0,53%; y Mil\u00e1n, un 1,24%.<\/p>\n<p class=\"voc-p\" style=\"\">El <strong>barril de Brent <\/strong>se situaba al cierre de la sesi\u00f3n europea en 65,11 d\u00f3lares, un 1,72% m\u00e1s, mientras que el West Texas Intermediate (WTI) alcanzaba los 61,13 d\u00f3lares, un 1,66% m\u00e1s.<\/p>\n<p class=\"voc-p\" style=\"\">En el mercado de renta fija, el rendimiento del bono espa\u00f1ol con vencimiento a 10 a\u00f1os ha ca\u00eddo al 3,165%, desde el 3,174% registrado al cierre del lunes. De esta forma, la prima de riesgo se ha mantenido pr\u00e1cticamente estable en 50,7 puntos b\u00e1sicos.<\/p>\n<p class=\"voc-p\" style=\"\">En el mercado de divisas, el euro se apreciaba un 0,32% en su cruce frente al d\u00f3lar, hasta registrar un tipo de cambio de 1,1594 d\u00f3lares por cada europeo.<\/p>\n","protected":false},"excerpt":{"rendered":"El Ibex 35 ha culminado este martes una nueva sesi\u00f3n en m\u00e1ximos hist\u00f3ricos, cerrando en 16.388,8 puntos, un&hellip;\n","protected":false},"author":2,"featured_media":230858,"comment_status":"","ping_status":"","sticky":false,"template":"","format":"standard","meta":{"footnotes":""},"categories":[80],"tags":[60440,945,82,95,94,115,25,24,582,1903,5222,23979,5137,18936,16861,23,575,739],"class_list":{"0":"post-230857","1":"post","2":"type-post","3":"status-publish","4":"format-standard","5":"has-post-thumbnail","7":"category-economia","8":"tag-60440","9":"tag-acuerdo","10":"tag-business","11":"tag-economia","12":"tag-economy","13":"tag-eeuu","14":"tag-es","15":"tag-espana","16":"tag-gobierno","17":"tag-historico","18":"tag-ibex","19":"tag-marcar","20":"tag-maximo","21":"tag-reabre","22":"tag-roza","23":"tag-spain","24":"tag-tras","25":"tag-vuelve"},"share_on_mastodon":{"url":"https:\/\/pubeurope.com\/@es\/115532574551973322","error":""},"_links":{"self":[{"href":"https:\/\/www.europesays.com\/es\/wp-json\/wp\/v2\/posts\/230857","targetHints":{"allow":["GET"]}}],"collection":[{"href":"https:\/\/www.europesays.com\/es\/wp-json\/wp\/v2\/posts"}],"about":[{"href":"https:\/\/www.europesays.com\/es\/wp-json\/wp\/v2\/types\/post"}],"author":[{"embeddable":true,"href":"https:\/\/www.europesays.com\/es\/wp-json\/wp\/v2\/users\/2"}],"replies":[{"embeddable":true,"href":"https:\/\/www.europesays.com\/es\/wp-json\/wp\/v2\/comments?post=230857"}],"version-history":[{"count":0,"href":"https:\/\/www.europesays.com\/es\/wp-json\/wp\/v2\/posts\/230857\/revisions"}],"wp:featuredmedia":[{"embeddable":true,"href":"https:\/\/www.europesays.com\/es\/wp-json\/wp\/v2\/media\/230858"}],"wp:attachment":[{"href":"https:\/\/www.europesays.com\/es\/wp-json\/wp\/v2\/media?parent=230857"}],"wp:term":[{"taxonomy":"category","embeddable":true,"href":"https:\/\/www.europesays.com\/es\/wp-json\/wp\/v2\/categories?post=230857"},{"taxonomy":"post_tag","embeddable":true,"href":"https:\/\/www.europesays.com\/es\/wp-json\/wp\/v2\/tags?post=230857"}],"curies":[{"name":"wp","href":"https:\/\/api.w.org\/{rel}","templated":true}]}}