{"id":230859,"date":"2025-11-11T18:52:09","date_gmt":"2025-11-11T18:52:09","guid":{"rendered":"https:\/\/www.europesays.com\/es\/230859\/"},"modified":"2025-11-11T18:52:09","modified_gmt":"2025-11-11T18:52:09","slug":"un-dron-sobrevolo-ilegalmente-una-planta-de-explosivos-en-francia","status":"publish","type":"post","link":"https:\/\/www.europesays.com\/es\/230859\/","title":{"rendered":"Un dron sobrevol\u00f3 ilegalmente una planta de explosivos en Francia"},"content":{"rendered":"<p><img alt=\"Foto de archivo: Vista general\" class=\"global-image\" decoding=\"async\" fetchpriority=\"high\" height=\"5216\" loading=\"eager\" src=\"https:\/\/www.europesays.com\/es\/wp-content\/uploads\/2025\/11\/ZSCA7XHDU5BV3QC3BMARF5FMDM.jpg\" width=\"7824\"\/>Foto de archivo: Vista general de una instalaci\u00f3n de fabricaci\u00f3n en la planta de la empresa de p\u00f3lvoras y explosivos Eurenco, en Bergerac, suroeste de Francia, el 11 de abril de 2024. (LUDOVIC MARIN\/Pool v\u00eda REUTERS\/Foto de archivo)<\/p>\n<p class=\"paragraph\">Un <b>dron de procedencia desconocida<\/b> realiz\u00f3 este lunes un <b>vuelo ilegal<\/b> sobre una <b>planta estrat\u00e9gica de explosivos<\/b> de la <b>empresa estatal<\/b> <b>Eurenco<\/b>, ubicada en la ciudad <b>francesa <\/b>de <b>Bergerac<\/b>, seg\u00fan inform\u00f3 este martes la Prefectura local. Las autoridades indicaron que se trabaja para identificar a los responsables del incidente.<\/p>\n<p class=\"paragraph\">En un comunicado oficial, la Prefectura se\u00f1al\u00f3 que \u201clos servicios policiales, inmediatamente alertados, organizaron b\u00fasquedas para encontrar al telepiloto, que se han demostrado infructuosas\u201d. El dispositivo, de unos <b>40 cent\u00edmetros de envergadura<\/b>, sobrevol\u00f3 <b>dos edificios del complejo industrial alrededor de las 19:00 (hora local)<\/b>, realizando varias pasadas antes de desaparecer, seg\u00fan detall\u00f3 la emisora ICI P\u00e9rigord. El dron logr\u00f3 acercarse al complejo <b>sin ser interceptado ni identificado<\/b>, y su operador contin\u00faa siendo buscado.<\/p>\n<p class=\"paragraph\">Las autoridades han abierto una <b>investigaci\u00f3n por<\/b> <b>\u201csobrevuelo deliberado de una zona restringida por parte de un piloto de aeronave\u201d<\/b>, confiada a la Direcci\u00f3n Interdepartamental de la Polic\u00eda Nacional de Dordo\u00f1a. <b>\u201cLa seguridad del emplazamiento, clasificado como sensible, sigue siendo una prioridad absoluta\u201d<\/b> y \u201clas medidas de vigilancia y protecci\u00f3n se reforzaron en cuanto se detect\u00f3 el sobrevuelo\u201d, a\u00f1adi\u00f3 la Prefectura.<\/p>\n<p><img alt=\"La planta de Bergerac. (LUDOVIC\" class=\"global-image\" decoding=\"async\" fetchpriority=\"low\" height=\"5464\" loading=\"lazy\" src=\"https:\/\/www.europesays.com\/es\/wp-content\/uploads\/2025\/11\/JF4AT2FYS5LR7IB2BI6ACK3D7U.jpg\" width=\"8192\"\/>La planta de Bergerac. (LUDOVIC MARIN\/Pool v\u00eda REUTERS\/Foto de archivo)<\/p>\n<p class=\"paragraph\">La empresa <b>Eurenco<\/b>, que tiene previsto presentar una denuncia formal este mi\u00e9rcoles, fue fundada en 2004 y es <b>l\u00edder europeo en la fabricaci\u00f3n de p\u00f3lvoras y explosivos<\/b>. Posee <b>cuatro plantas de producci\u00f3n<\/b> \u2014dos en Francia (Bergerac y Sorgues, en la regi\u00f3n de Vaucluse), una en Suecia y otra en B\u00e9lgica\u2014, emplea a unas <b>1.700 personas<\/b> y gener\u00f3 casi <b>500 millones de euros en ingresos en 2024<\/b>, duplicando su facturaci\u00f3n en los \u00faltimos cinco a\u00f1os.<\/p>\n<p class=\"paragraph\">Sus productos, tanto <b>p\u00f3lvoras propulsoras como explosivas<\/b>, se utilizan en <b>todas las municiones del Ej\u00e9rcito franc\u00e9s<\/b> y en gran parte del armamento europeo: <b>bombas, ojivas de misiles, torpedos y proyectiles de calibre medio<\/b>. La planta de producci\u00f3n de p\u00f3lvora en P\u00e9rigord fue inaugurada en marzo, casi veinte a\u00f1os despu\u00e9s de que esa l\u00ednea de producci\u00f3n se trasladara a Suecia en 2007, una decisi\u00f3n revertida ahora como parte de una <b>relocalizaci\u00f3n estrat\u00e9gica<\/b> en un contexto de <b>rearme europeo<\/b>.<\/p>\n<p class=\"paragraph\">Este suceso se enmarca en una <b>serie de<\/b> <b>sobrevuelos de drones sobre infraestructuras estrat\u00e9gicas<\/b> que se han registrado en distintas zonas de Europa en las \u00faltimas semanas. En algunos casos, estos incidentes han obligado a suspender operaciones en <b>instalaciones sensibles<\/b>, como aeropuertos y bases militares.<\/p>\n<p><img alt=\"El uso indebido de drones\" class=\"global-image\" decoding=\"async\" fetchpriority=\"low\" height=\"2574\" loading=\"lazy\" src=\"https:\/\/www.europesays.com\/es\/wp-content\/uploads\/2025\/11\/QVDO2ICMRJAL7NSLECOMKUK5DY.jpg\" width=\"4116\"\/>El uso indebido de drones sobre instalaciones estrat\u00e9gicas ha encendido las alertas de seguridad en varios pa\u00edses europeos. (EFE\/EPA\/ALAA BADARNEH)<\/p>\n<p class=\"paragraph\">En <b>B\u00e9lgica<\/b>, por ejemplo, tanto los <b>aeropuertos de Bruselas-Zaventem<\/b> como el de <b>Lieja<\/b> se vieron forzados a <b>cerrar su espacio a\u00e9reo durante m\u00e1s de una hora<\/b> tras la detecci\u00f3n de drones en las inmediaciones de las terminales, adem\u00e1s de registrarse <b>incidentes similares en tres bases militares<\/b> del pa\u00eds. Aunque el Gobierno belga a\u00fan no ha se\u00f1alado a ning\u00fan responsable, los servicios de inteligencia sospechan de la <b>posible implicaci\u00f3n de un actor estatal extranjero<\/b>, con <b>Rusia<\/b> como principal hip\u00f3tesis. El ministro Francken descart\u00f3 que se trate de simples incidentes aislados y afirm\u00f3 que las incursiones \u201cno son obra de aficionados, sino operaciones coordinadas\u201d.<\/p>\n<p class=\"paragraph\">Los episodios reportados en B\u00e9lgica se suman a una <b>ola de avistamientos<\/b> similares detectados desde mediados de septiembre en <b>Espa\u00f1a, Estonia, Dinamarca, Polonia, Noruega, Rep\u00fablica Checa y Alemania<\/b>, lo que ha elevado las alertas de seguridad en todo el continente.<\/p>\n<p class=\"paragraph\">En paralelo, la <b>Comisi\u00f3n Europea<\/b> avanza en la creaci\u00f3n de una <b>unidad propia de Inteligencia<\/b>, que depender\u00e1 directamente de la presidenta <b>Ursula von der Leyen<\/b>, con el objetivo de <b>reforzar la respuesta ante el \u201cpanorama geopol\u00edtico y geoecon\u00f3mico desafiante\u201d<\/b>. Seg\u00fan confirm\u00f3 un portavoz comunitario, el Ejecutivo europeo \u201cest\u00e1 examinando c\u00f3mo reforzar sus capacidades de seguridad e inteligencia\u201d y, en ese contexto, \u201cconsidera la creaci\u00f3n de una unidad espec\u00edfica dentro de su Secretar\u00eda General\u201d.<\/p>\n<p class=\"paragraph\">(Con informaci\u00f3n de agencias)<\/p>\n","protected":false},"excerpt":{"rendered":"Foto de archivo: Vista general de una instalaci\u00f3n de fabricaci\u00f3n en la planta de la empresa de p\u00f3lvoras&hellip;\n","protected":false},"author":2,"featured_media":230860,"comment_status":"","ping_status":"","sticky":false,"template":"","format":"standard","meta":{"footnotes":""},"categories":[42],"tags":[17,18,13,14,11,61,62,63,64,19,20,9,10,15,16,12,21,22,65,66,67],"class_list":{"0":"post-230859","1":"post","2":"type-post","3":"status-publish","4":"format-standard","5":"has-post-thumbnail","7":"category-internacional","8":"tag-breaking-news","9":"tag-breakingnews","10":"tag-featured-news","11":"tag-featurednews","12":"tag-headlines","13":"tag-internacional","14":"tag-international","15":"tag-international-news","16":"tag-internationalnews","17":"tag-latest-news","18":"tag-latestnews","19":"tag-news","20":"tag-noticias","21":"tag-noticias-destacadas","22":"tag-noticiasdestacadas","23":"tag-titulares","24":"tag-ultimas-noticias","25":"tag-ultimasnoticias","26":"tag-world","27":"tag-world-news","28":"tag-worldnews"},"share_on_mastodon":{"url":"https:\/\/pubeurope.com\/@es\/115532578793296087","error":""},"_links":{"self":[{"href":"https:\/\/www.europesays.com\/es\/wp-json\/wp\/v2\/posts\/230859","targetHints":{"allow":["GET"]}}],"collection":[{"href":"https:\/\/www.europesays.com\/es\/wp-json\/wp\/v2\/posts"}],"about":[{"href":"https:\/\/www.europesays.com\/es\/wp-json\/wp\/v2\/types\/post"}],"author":[{"embeddable":true,"href":"https:\/\/www.europesays.com\/es\/wp-json\/wp\/v2\/users\/2"}],"replies":[{"embeddable":true,"href":"https:\/\/www.europesays.com\/es\/wp-json\/wp\/v2\/comments?post=230859"}],"version-history":[{"count":0,"href":"https:\/\/www.europesays.com\/es\/wp-json\/wp\/v2\/posts\/230859\/revisions"}],"wp:featuredmedia":[{"embeddable":true,"href":"https:\/\/www.europesays.com\/es\/wp-json\/wp\/v2\/media\/230860"}],"wp:attachment":[{"href":"https:\/\/www.europesays.com\/es\/wp-json\/wp\/v2\/media?parent=230859"}],"wp:term":[{"taxonomy":"category","embeddable":true,"href":"https:\/\/www.europesays.com\/es\/wp-json\/wp\/v2\/categories?post=230859"},{"taxonomy":"post_tag","embeddable":true,"href":"https:\/\/www.europesays.com\/es\/wp-json\/wp\/v2\/tags?post=230859"}],"curies":[{"name":"wp","href":"https:\/\/api.w.org\/{rel}","templated":true}]}}