{"id":230867,"date":"2025-11-11T19:03:15","date_gmt":"2025-11-11T19:03:15","guid":{"rendered":"https:\/\/www.europesays.com\/es\/230867\/"},"modified":"2025-11-11T19:03:15","modified_gmt":"2025-11-11T19:03:15","slug":"el-elegido-de-laporta-para-ocupar-el-cargo-de-joan-penarroya-en-el-barca-de-basket-negociaciones-en-marcha","status":"publish","type":"post","link":"https:\/\/www.europesays.com\/es\/230867\/","title":{"rendered":"El elegido de Laporta para ocupar el cargo de Joan Pe\u00f1arroya en el Bar\u00e7a de basket: negociaciones en marcha"},"content":{"rendered":"<p>                <a href=\"https:\/\/cronicaglobal.elespanol.com\/culemania\/secciones\/\" class=\"kicker--section\" rel=\"nofollow noopener\" target=\"_blank\">Secciones<\/a><\/p>\n<p>\n    El club azulgrana y un entrenador muy reputado ya est\u00e1n en negociaciones para firmar el contrato de manera inminente\n<\/p>\n<p>    Noticias relacionadas<\/p>\n<p class=\"paragraph\" id=\"paragraph_1\"><strong>Joan Laporta<\/strong> vivi\u00f3 en sus propias carnes los <strong><a href=\"https:\/\/cronicaglobal.elespanol.com\/culemania\/secciones\/20251107\/barca-real-madrid-sentencia-laporta-gritosdedimision-palau\/1003742705705_0.html?utm_cmp_rs=linksinline\" target=\"_blank\" rel=\"nofollow noopener\">gritos de dimisi\u00f3n<\/a><\/strong> que el Palau Blaugrana dirigi\u00f3 <strong>hacia Josep Cubells<\/strong>, directivo responsable del Bar\u00e7a de basket. La afici\u00f3n azulgrana no toler\u00f3 la imagen que dej\u00f3 el equipo de <strong>Joan Pe\u00f1arroya<\/strong> ante el Real Madrid, que termin\u00f3 en la novena derrota consecutiva ante los blancos. A los pocos d\u00edas, los azulgranas volv\u00edan a caer estrepitosamente <a href=\"https:\/\/cronicaglobal.elespanol.com\/culemania\/secciones\/20251109\/barca-basket-estrella-destitucion-penarroya-humillacion-historica\/1003742705942_0.html?utm_cmp_rs=linksinline\" target=\"_blank\" rel=\"nofollow noopener\">ante el Girona<\/a> y el club <a href=\"https:\/\/cronicaglobal.elespanol.com\/culemania\/secciones\/20251109\/laporta-destituye-joan-penarroya-entrenador-barca-sustituto\/1003742705982_0.html?utm_cmp_rs=linksinline\" target=\"_blank\" rel=\"nofollow noopener\">hac\u00eda oficial el <strong>despido<\/strong> de su entrenador<\/a>.<\/p>\n<p class=\"paragraph\" id=\"paragraph_2\">Tuvo que ver Laporta el nivel del Bar\u00e7a de primera mano para que se empezaran a tomar medidas dr\u00e1sticas en la secci\u00f3n. Y tambi\u00e9n est\u00e1 siendo decisivo su criterio para escoger al relevo de Pe\u00f1arroya. <strong>Xavi Pascual<\/strong> siempre fue el <strong>favorito del actual presidente<\/strong>.<\/p>\n<p>Negociaciones en marcha<\/p>\n<p class=\"paragraph\" id=\"paragraph_3\">La direcci\u00f3n deportiva ya <strong>intent\u00f3 su contrataci\u00f3n el verano pasado<\/strong>, antes de firmar a Pe\u00f1arroya. Sin embargo, el club catal\u00e1n <strong>no pod\u00eda igualar las condiciones<\/strong> que el t\u00e9cnico de Gav\u00e0 percib\u00eda en el <strong>Zenit de San Petersburgo<\/strong>, donde, adem\u00e1s, a\u00fan ten\u00eda contrato.<\/p>\n<p><img decoding=\"async\" alt=\"Xavi Pascual es el gran objetivo del Bar\u00e7a: este es el salario que puede pagarle el club\" data-imgm=\"true\" height=\"180\" loading=\"lazy\"  src=\"https:\/\/www.europesays.com\/es\/wp-content\/uploads\/2025\/11\/860673999_13044384_1024x576.jpg\"  width=\"320\"\/><\/p>\n<p>                                                            Xavi Pascual es el gran objetivo del Bar\u00e7a: este es el salario que puede pagarle el club<\/p>\n<p>                    DAZN<\/p>\n<p class=\"paragraph\" id=\"paragraph_4\">Ahora todo ha cambiado. Pascual se despidi\u00f3 del equipo ruso en verano, tras cinco a\u00f1os y medio. <strong>Sigue libre y el Bar\u00e7a ya se puso en contacto con \u00e9l<\/strong> a principios de semana, <a href=\"https:\/\/cronicaglobal.elespanol.com\/culemania\/secciones\/20251110\/agente-xavi-pascual-negocia-fichaje-inminente-barcadebasket\/1003742706210_0.html?utm_cmp_rs=linksinline\" target=\"_blank\" rel=\"nofollow noopener\">tal y como inform\u00f3 <strong>Culeman\u00eda<\/strong><\/a>. Las negociaciones con su agente est\u00e1n en marcha. <strong>Todav\u00eda no hay nada definido<\/strong>, pero existe <strong>voluntad de ambas partes<\/strong> de llegar a un acuerdo.<\/p>\n<p>Llega con exigencias<\/p>\n<p class=\"paragraph\" id=\"paragraph_5\">El pasado lunes, seg\u00fan desvelaron varios medios, se produjo una <strong>reuni\u00f3n que se prolong\u00f3 hasta altas horas de la noche<\/strong> para tratar de acelerar el acuerdo. Pascual, muy reputado, llega con exigencias. Habr\u00eda pedido un par de fichajes y empieza a sonar el nombre de Jabari Parker como futurible, cuando <a href=\"https:\/\/cronicaglobal.elespanol.com\/culemania\/secciones\/20250809\/sorprendente-declaracion-barca-basket-tension-silenciada-enelvestuario\/1003742680548_0.html?utm_cmp_rs=linksinline\" target=\"_blank\" rel=\"nofollow noopener\">se march\u00f3 hace escasos meses<\/a>.<\/p>\n<p><img decoding=\"async\" alt=\"Xavi Pascual en su primera etapa como entrenador del Bar\u00e7a de basket\" data-imgm=\"true\" height=\"180\" loading=\"lazy\"  src=\"https:\/\/www.europesays.com\/es\/wp-content\/uploads\/2025\/11\/1003742706218_15387798_1024x576.jpg\"  width=\"320\"\/><\/p>\n<p>                                                            Xavi Pascual en su primera etapa como entrenador del Bar\u00e7a de basket<\/p>\n<p>                    ACB<\/p>\n<p class=\"paragraph\" id=\"paragraph_6\">El Bar\u00e7a conquist\u00f3 su segunda Euroliga en la historia de la mano del tambi\u00e9n ext\u00e9cnico de Panathinaikos y con Laporta como presidente. El abogado catal\u00e1n quiere repetir la misma historia y pasar\u00e1 <strong>del libre albedr\u00edo de Pe\u00f1arroya a la rigidez defensiva que busca Pascual<\/strong>.<\/p>\n","protected":false},"excerpt":{"rendered":"Secciones El club azulgrana y un entrenador muy reputado ya est\u00e1n en negociaciones para firmar el contrato de&hellip;\n","protected":false},"author":2,"featured_media":175308,"comment_status":"","ping_status":"","sticky":false,"template":"","format":"standard","meta":{"footnotes":""},"categories":[269],"tags":[299,298,168,25,24,4469,4467,8869,4470,23,167],"class_list":{"0":"post-230867","1":"post","2":"type-post","3":"status-publish","4":"format-standard","5":"has-post-thumbnail","7":"category-baloncesto","8":"tag-baloncesto","9":"tag-basketball","10":"tag-deportes","11":"tag-es","12":"tag-espana","13":"tag-fcb-basket","14":"tag-joan-laporta","15":"tag-joan-penarroya","16":"tag-secciones","17":"tag-spain","18":"tag-sports"},"share_on_mastodon":{"url":"https:\/\/pubeurope.com\/@es\/115532622205246210","error":""},"_links":{"self":[{"href":"https:\/\/www.europesays.com\/es\/wp-json\/wp\/v2\/posts\/230867","targetHints":{"allow":["GET"]}}],"collection":[{"href":"https:\/\/www.europesays.com\/es\/wp-json\/wp\/v2\/posts"}],"about":[{"href":"https:\/\/www.europesays.com\/es\/wp-json\/wp\/v2\/types\/post"}],"author":[{"embeddable":true,"href":"https:\/\/www.europesays.com\/es\/wp-json\/wp\/v2\/users\/2"}],"replies":[{"embeddable":true,"href":"https:\/\/www.europesays.com\/es\/wp-json\/wp\/v2\/comments?post=230867"}],"version-history":[{"count":0,"href":"https:\/\/www.europesays.com\/es\/wp-json\/wp\/v2\/posts\/230867\/revisions"}],"wp:featuredmedia":[{"embeddable":true,"href":"https:\/\/www.europesays.com\/es\/wp-json\/wp\/v2\/media\/175308"}],"wp:attachment":[{"href":"https:\/\/www.europesays.com\/es\/wp-json\/wp\/v2\/media?parent=230867"}],"wp:term":[{"taxonomy":"category","embeddable":true,"href":"https:\/\/www.europesays.com\/es\/wp-json\/wp\/v2\/categories?post=230867"},{"taxonomy":"post_tag","embeddable":true,"href":"https:\/\/www.europesays.com\/es\/wp-json\/wp\/v2\/tags?post=230867"}],"curies":[{"name":"wp","href":"https:\/\/api.w.org\/{rel}","templated":true}]}}