{"id":230872,"date":"2025-11-11T19:06:13","date_gmt":"2025-11-11T19:06:13","guid":{"rendered":"https:\/\/www.europesays.com\/es\/230872\/"},"modified":"2025-11-11T19:06:13","modified_gmt":"2025-11-11T19:06:13","slug":"un-par-de-arquitectos-transforman-este-apartamento-en-un-palazzo-a-base-de-color-y-ladrillo-visto-las-paredes-rugosas-aportan-materialidad-y-contrastan-con-el-suelo-negro-d","status":"publish","type":"post","link":"https:\/\/www.europesays.com\/es\/230872\/","title":{"rendered":"Un par de arquitectos transforman este apartamento en un \u2018palazzo\u2019 a base de color y ladrillo visto: \u201cLas paredes rugosas aportan materialidad y contrastan con el suelo negro de resina\u201d"},"content":{"rendered":"<p><strong>Un apartamento en un \u2018palazzo\u2019 de los a\u00f1os 20 que vuelve a hacer brillar el ladrillo visto original<\/strong><\/p>\n<p>La luz es c\u00e1lida, el oto\u00f1o se asoma tras un largo <a href=\"https:\/\/www.revistaad.es\/galerias\/piscinas-extraordinarias-para-disfrutar-del-verano-sin-salir-de-casa\" rel=\"nofollow noopener\" target=\"_blank\">verano<\/a>, que, aunque lejano, sigue ofreciendo ese vago atisbo de emoci\u00f3n. Las sombrillas dejan paso poco a poco al silencio y a la contemplaci\u00f3n del mar. Cae el crep\u00fasculo y la ciudad, con su imponente arquitectura, se ti\u00f1e de rojo. <strong>Estamos en Termoli, la segunda ciudad m\u00e1s grande de la zona de Molise (Italia). Una regi\u00f3n infravalorada pero rica en memoria y tesoros por descubrir.<\/strong> Y entre las antiguas murallas de la ciudad y las coloridas casas que la habitan, asoma un <a href=\"https:\/\/www.revistaad.es\/galerias\/palazzo-salento-georg-kayser-studio\" rel=\"nofollow noopener\" target=\"_blank\">palazzo<\/a> de los a\u00f1os veinte, que, en su d\u00eda, fue hogar de los trabajadores del ferrocarril y sus familias.<\/p>\n<p><img decoding=\"async\" alt=\"Pareja andando por una calle con castillo centenario\" loading=\"lazy\" class=\"ResponsiveImageContainer-eNxvmU cfBbTk responsive-image__image\"   src=\"https:\/\/www.europesays.com\/es\/wp-content\/uploads\/2025\/11\/0606_MOLISE_RispoliGuerrera_LR-31.jpg\"\/><\/p>\n<p>El Castillo de Suabia reina sobre la ciudad y el paseo mar\u00edtimo. Por \u00e9l pasean los dise\u00f1adores del estudio Rispoli Guerrera Architetti, fundado en 2017 por Vera Rispoli y Gaetano Guerrera.<\/p>\n<p>\u00a9 Giulia Maretti<img decoding=\"async\" alt=\"Vistas de Termoli con su castillo\" loading=\"lazy\" class=\"ResponsiveImageContainer-eNxvmU cfBbTk responsive-image__image\"   src=\"https:\/\/www.europesays.com\/es\/wp-content\/uploads\/2025\/11\/0606_MOLISE_RispoliGuerrera_LR-30.jpg\"\/><\/p>\n<p>El paseo mar\u00edtimo de Termoli es una escultura viva, hecha de diferentes materiales y capas de historia superpuestas.<\/p>\n<p>\u00a9 Giulia Maretti<img decoding=\"async\" alt=\"Playa italiana al atardecer\" loading=\"lazy\" class=\"ResponsiveImageContainer-eNxvmU cfBbTk responsive-image__image\"   src=\"https:\/\/www.europesays.com\/es\/wp-content\/uploads\/2025\/11\/0606_MOLISE_RispoliGuerrera_LR-32.jpg\"\/><\/p>\n<p>Un rinc\u00f3n de playa, de mar, de vida al atardecer, cuando la luz baja y el ambiente se caldea.<\/p>\n<p>\u00a9 Giulia Maretti<strong>El pasado, presente en la casa<\/strong><\/p>\n<p>Las bases que construyeron los cimientos de este proyecto de renovaci\u00f3n fueron la atenci\u00f3n y el detalle. Vera y Gaetano, del estudio <a data-offer-url=\"https:\/\/rispoliguerrera.com\/\" class=\"external-link\" data-event-click=\"{&quot;element&quot;:&quot;ExternalLink&quot;,&quot;outgoingURL&quot;:&quot;https:\/\/rispoliguerrera.com\/&quot;}\" href=\"https:\/\/rispoliguerrera.com\/\" rel=\"nofollow noopener\" target=\"_blank\">Rispoli Guerrera Architetti<\/a>, fueron los encargados de llevar las riendas en el proceso de transformaci\u00f3n. <strong>\u00abEl proyecto pretende preservar la historicidad del edificio, manteniendo y poniendo en valor elementos originales como las paredes de ladrillo macizo, las puertas hist\u00f3ricas, los suelos de gres y el caracter\u00edstico bloque de <a href=\"https:\/\/www.revistaad.es\/galerias\/escaleras-alucinantes-casas-ad\" rel=\"nofollow noopener\" target=\"_blank\">escalera<\/a> con revestimiento cer\u00e1mico\u00bb,<\/strong> sugieren los dise\u00f1adores, que optaron por realzar el pasado en todas sus formas. \u00bfC\u00f3mo? Con un toque original, utilizando el color como hito de dise\u00f1o.<\/p>\n<p><img decoding=\"async\" alt=\"Sal\u00f3n con pared rosa y butacas azules\" loading=\"lazy\" class=\"ResponsiveImageContainer-eNxvmU cfBbTk responsive-image__image\"   src=\"https:\/\/www.europesays.com\/es\/wp-content\/uploads\/2025\/11\/0606_MOLISE_RispoliGuerrera_LR-40.jpg\"\/><\/p>\n<p>Yuxtaposiciones perfectas y sugerencias lejanas pueblan las paredes de este piso de Termoli. La pared rosa hace juego con una cocina minimalista en tonos verdes y un conjunto de sillones de terciopelo azul claro de los a\u00f1os 70, modelo Viscontea de Full. Alrededor, un conjunto de muebles y obras de arte procedentes de todas partes.<\/p>\n<p>\u00a9 Giulia Maretti<strong>Un mundo de colores\u2026 pastel<\/strong><\/p>\n<p>Rosas, verdes y azules\u2026  Tonos muy diferentes y muy distantes, pero estrictamente en tonos pastel. De hecho, el d\u00fao de arquitectos opt\u00f3 por una paleta crom\u00e1tica variada, que va de lo c\u00e1lido a lo fr\u00edo, pero, inesperadamente en sinton\u00eda. \u00abEl sal\u00f3n se caracteriza por elementos que cuentan historias de viajes lejanos y colecciones \u00fanicas\u00bb, y el color es el pegamento entre las piezas. Peque\u00f1as esculturas, pinturas murales y objetos vintage se relacionan entre s\u00ed y dise\u00f1an los espacios sobre un mar de resina negra. Como un velo, <strong>\u00abel suelo <a href=\"https:\/\/www.revistaad.es\/decoracion\/casas-ad\/articulos\/un-piso-negro-en-moscu-que-en-realidad-esta-lleno-de-color\" rel=\"nofollow noopener\" target=\"_blank\">negro<\/a> crea una cierta profundidad teatral, reflejando la luz natural\u00bb, sugieren Vera y Gaetano, que a\u00f1aden que \u00abpor otro lado, las paredes de <a href=\"https:\/\/www.revistaad.es\/arquitectura\/articulos\/ladrillo-visto-grandes-cristaleras-casa-mallorquina-espacios-abiertos-y-flexibles\" rel=\"nofollow noopener\" target=\"_blank\">ladrillo visto<\/a> enfatizan la estructura original\u00bb porosa, mat\u00e9rica, aut\u00e9ntica.<\/strong><\/p>\n","protected":false},"excerpt":{"rendered":"Un apartamento en un \u2018palazzo\u2019 de los a\u00f1os 20 que vuelve a hacer brillar el ladrillo visto original&hellip;\n","protected":false},"author":2,"featured_media":230873,"comment_status":"","ping_status":"","sticky":false,"template":"","format":"standard","meta":{"footnotes":""},"categories":[173],"tags":[229,233,231,230,1530,8372,232,33065,234,146,147,25,24,23,12443],"class_list":{"0":"post-230872","1":"post","2":"type-post","3":"status-publish","4":"format-standard","5":"has-post-thumbnail","7":"category-arte-y-diseno","8":"tag-arte","9":"tag-arte-y-diseno","10":"tag-arts","11":"tag-arts-and-design","12":"tag-casas-ad","13":"tag-decoracion","14":"tag-design","15":"tag-digital_syndication","16":"tag-diseno","17":"tag-entertainment","18":"tag-entretenimiento","19":"tag-es","20":"tag-espana","21":"tag-spain","22":"tag-splitscreenimageleftfullbleed"},"share_on_mastodon":{"url":"https:\/\/pubeurope.com\/@es\/115532633716076731","error":""},"_links":{"self":[{"href":"https:\/\/www.europesays.com\/es\/wp-json\/wp\/v2\/posts\/230872","targetHints":{"allow":["GET"]}}],"collection":[{"href":"https:\/\/www.europesays.com\/es\/wp-json\/wp\/v2\/posts"}],"about":[{"href":"https:\/\/www.europesays.com\/es\/wp-json\/wp\/v2\/types\/post"}],"author":[{"embeddable":true,"href":"https:\/\/www.europesays.com\/es\/wp-json\/wp\/v2\/users\/2"}],"replies":[{"embeddable":true,"href":"https:\/\/www.europesays.com\/es\/wp-json\/wp\/v2\/comments?post=230872"}],"version-history":[{"count":0,"href":"https:\/\/www.europesays.com\/es\/wp-json\/wp\/v2\/posts\/230872\/revisions"}],"wp:featuredmedia":[{"embeddable":true,"href":"https:\/\/www.europesays.com\/es\/wp-json\/wp\/v2\/media\/230873"}],"wp:attachment":[{"href":"https:\/\/www.europesays.com\/es\/wp-json\/wp\/v2\/media?parent=230872"}],"wp:term":[{"taxonomy":"category","embeddable":true,"href":"https:\/\/www.europesays.com\/es\/wp-json\/wp\/v2\/categories?post=230872"},{"taxonomy":"post_tag","embeddable":true,"href":"https:\/\/www.europesays.com\/es\/wp-json\/wp\/v2\/tags?post=230872"}],"curies":[{"name":"wp","href":"https:\/\/api.w.org\/{rel}","templated":true}]}}