{"id":230891,"date":"2025-11-11T19:17:08","date_gmt":"2025-11-11T19:17:08","guid":{"rendered":"https:\/\/www.europesays.com\/es\/230891\/"},"modified":"2025-11-11T19:17:08","modified_gmt":"2025-11-11T19:17:08","slug":"dijo-que-se-borrasen-pruebas-sin-limite","status":"publish","type":"post","link":"https:\/\/www.europesays.com\/es\/230891\/","title":{"rendered":"\u00abDijo que se borrasen pruebas sin l\u00edmite\u00bb"},"content":{"rendered":"<p class=\"paragraph\">El reducido n\u00facleo que operaba como aparato paralelo del PSOE, la exmilitante socialista Leire D\u00edez y el empresario Javier P\u00e9rez Dolset, admiti\u00f3 ante el fiscal Ignacio Stampa que actuaban siguiendo instrucciones directas del <a href=\"https:\/\/www.eldebate.com\/espana\/20251111\/fontanera-psoe-alardeo-tener-material-prostibulo-hundir-mandos-uco-investigan-gobierno_353150.html\" rel=\"nofollow noopener\" target=\"_blank\">presidente del Gobierno<\/a>, <b>Pedro S\u00e1nchez<\/b>. El Debate ha accedido a una grabaci\u00f3n del encuentro, celebrado tras la apertura de diligencias judiciales contra Bego\u00f1a G\u00f3mez, en la que P\u00e9rez Dolset asegura que, a ra\u00edz de esa investigaci\u00f3n, desde Moncloa se traslad\u00f3 una orden tajante: \u00abHay que borrar pruebas sin l\u00edmite\u00bb.<\/p>\n<p class=\"paragraph\">La reuni\u00f3n, que se prolong\u00f3 durante m\u00e1s de tres horas a finales del pasado mes de abril, fue registrada \u00edntegramente por el propio Stampa y posteriormente incorporada al juzgado. En esa grabaci\u00f3n los interlocutores hacen referencia en m\u00faltiples ocasiones a \u00abinstrucciones\u00bb procedentes del presidente para \u00ablimpiar\u00bb cualquier rastro relacionado con su esposa. Ese mandato se habr\u00eda extendido, seg\u00fan los presentes, a documentaci\u00f3n sensible sobre los negocios vinculados al entorno familiar de G\u00f3mez, incluidas actividades empresariales de su padre.<\/p>\n<p class=\"paragraph\">En la conversaci\u00f3n, D\u00edez se identifica como enviada del PSOE y afirma ser <b>\u00abla persona que ha puesto el partido\u00bb<\/b>, present\u00e1ndose como un enlace directo de la direcci\u00f3n socialista, pese a insistir en que su labor deb\u00eda permanecer fuera del foco p\u00fablico. P\u00e9rez Dolset, por su parte, menciona hasta en varias ocasiones al jefe del Ejecutivo como origen de la supuesta directriz para eliminar informaci\u00f3n comprometedora. <b>\u00abCaiga quien caiga\u00bb<\/b>, llega a se\u00f1alar.<\/p>\n<p class=\"paragraph\">El encuentro se promovi\u00f3 bajo el pretexto de pedir disculpas a Stampa por el trato recibido durante su salida de la investigaci\u00f3n a Jos\u00e9 Manuel Villarejo. Seg\u00fan el fiscal, el objetivo real era ofrecerle un regreso a su anterior destino a cambio de colaboraci\u00f3n para localizar y neutralizar informaci\u00f3n sensible sobre la causa de Bego\u00f1a G\u00f3mez. A la cita estaba previsto que acudiera tambi\u00e9n <a href=\"https:\/\/www.eldebate.com\/espana\/20251111\/fontanera-psoe-alardeo-tener-material-prostibulo-hundir-mandos-uco-investigan-gobierno_353150.html\" rel=\"nofollow noopener\" target=\"_blank\">Santos Cerd\u00e1n<\/a>, entonces secretario de Organizaci\u00f3n del PSOE, pero finalmente no se present\u00f3. Stampa puso el audio en manos del juez al considerar que hab\u00eda sido objeto de un intento de intermediaci\u00f3n il\u00edcita y posible soborno.<\/p>\n<p style=\"font-style: italic; display: block; font-size: 18px; font-family: var(--c-detail-body-text-font); line-height: var(--c-detail-body-text-line-height); letter-spacing: normal; text-align: left; color: var(--c-detail-body-text-color);\">\n    \u00bfConoces alg\u00fan hecho irregular que quieres que investigue y cuente El Debate? Escribe a<br \/>\n    <a href=\"https:\/\/www.eldebate.com\/espana\/20251111\/mailto:investigacion@eldebate.com\" target=\"_blank\" style=\"display: inline; color: -webkit-link;\" rel=\"nofollow noopener\"><br \/>\n        investigacion@eldebate.com<br \/>\n    <\/a><br \/>\n    si tienes pistas o indicios que consideras relevantes. La verdad siempre merece ser contada.<\/p>\n","protected":false},"excerpt":{"rendered":"El reducido n\u00facleo que operaba como aparato paralelo del PSOE, la exmilitante socialista Leire D\u00edez y el empresario&hellip;\n","protected":false},"author":2,"featured_media":230892,"comment_status":"","ping_status":"","sticky":false,"template":"","format":"standard","meta":{"footnotes":""},"categories":[8],"tags":[17,18,25,24,13,14,11,19,20,9,10,15,16,23,12,21,22],"class_list":{"0":"post-230891","1":"post","2":"type-post","3":"status-publish","4":"format-standard","5":"has-post-thumbnail","7":"category-espana","8":"tag-breaking-news","9":"tag-breakingnews","10":"tag-es","11":"tag-espana","12":"tag-featured-news","13":"tag-featurednews","14":"tag-headlines","15":"tag-latest-news","16":"tag-latestnews","17":"tag-news","18":"tag-noticias","19":"tag-noticias-destacadas","20":"tag-noticiasdestacadas","21":"tag-spain","22":"tag-titulares","23":"tag-ultimas-noticias","24":"tag-ultimasnoticias"},"share_on_mastodon":{"url":"https:\/\/pubeurope.com\/@es\/115532677120810958","error":""},"_links":{"self":[{"href":"https:\/\/www.europesays.com\/es\/wp-json\/wp\/v2\/posts\/230891","targetHints":{"allow":["GET"]}}],"collection":[{"href":"https:\/\/www.europesays.com\/es\/wp-json\/wp\/v2\/posts"}],"about":[{"href":"https:\/\/www.europesays.com\/es\/wp-json\/wp\/v2\/types\/post"}],"author":[{"embeddable":true,"href":"https:\/\/www.europesays.com\/es\/wp-json\/wp\/v2\/users\/2"}],"replies":[{"embeddable":true,"href":"https:\/\/www.europesays.com\/es\/wp-json\/wp\/v2\/comments?post=230891"}],"version-history":[{"count":0,"href":"https:\/\/www.europesays.com\/es\/wp-json\/wp\/v2\/posts\/230891\/revisions"}],"wp:featuredmedia":[{"embeddable":true,"href":"https:\/\/www.europesays.com\/es\/wp-json\/wp\/v2\/media\/230892"}],"wp:attachment":[{"href":"https:\/\/www.europesays.com\/es\/wp-json\/wp\/v2\/media?parent=230891"}],"wp:term":[{"taxonomy":"category","embeddable":true,"href":"https:\/\/www.europesays.com\/es\/wp-json\/wp\/v2\/categories?post=230891"},{"taxonomy":"post_tag","embeddable":true,"href":"https:\/\/www.europesays.com\/es\/wp-json\/wp\/v2\/tags?post=230891"}],"curies":[{"name":"wp","href":"https:\/\/api.w.org\/{rel}","templated":true}]}}