{"id":230897,"date":"2025-11-11T19:26:11","date_gmt":"2025-11-11T19:26:11","guid":{"rendered":"https:\/\/www.europesays.com\/es\/230897\/"},"modified":"2025-11-11T19:26:11","modified_gmt":"2025-11-11T19:26:11","slug":"los-baskonistas-thierry-henry-y-pedrinho-figueiredo-convocados-con-brasil","status":"publish","type":"post","link":"https:\/\/www.europesays.com\/es\/230897\/","title":{"rendered":"Los baskonistas Thierry Henry y Pedrinho Figueiredo, convocados con Brasil"},"content":{"rendered":"<p>\n        Aunque no son tiempos f\u00e1ciles para las canteras europeas, la del <a href=\"https:\/\/www.noticiasdealava.eus\/baskonia\/\" title=\"Baskonia\" class=\"link copy\" rel=\"nofollow noopener\" target=\"_blank\">Baskonia<\/a> sigue encontrando talento en distintas partes del planeta y buena prueba de ello es que <strong>dos jugadores de las categor\u00edas de formaci\u00f3n azulgranas hayan sido convocados por la selecci\u00f3n de Brasil sub-17<\/strong> para participar en los pr\u00f3ximos clasificatorios para el Sudamericano.\n<\/p>\n<blockquote class=\"twitter-tweet\" data-lang=\"es\" wp_automatic_readability=\"9.5313351498638\">\n<p lang=\"pt\" dir=\"ltr\">Sele\u00e7\u00e3o Brasileira convocada para o Sul-Americano U17.<\/p>\n<p>A gera\u00e7\u00e3o 2008 \u00e9 considerada e mais talentosa dos \u00faltimos anos, e conta com Mathias; Par\u00e1 (Gluck); Pedrinho; Isaiah Santos e outros destaques internacionais.<\/p>\n<p>A Sula acontece de 10 a 14 de DEZ e garante 4 vagas pra AmeriCup. <a href=\"https:\/\/t.co\/a91UYwk95i\" rel=\"nofollow\">pic.twitter.com\/a91UYwk95i<\/a><\/p>\n<p>\u2014 Arthur Salazar (@tabeladode3) <a href=\"https:\/\/twitter.com\/tabeladode3\/status\/1987963723022258548?ref_src=twsrc%5Etfw\" rel=\"nofollow noopener\" target=\"_blank\">10 de noviembre de 2025<\/a><\/p><\/blockquote>\n<p class=\"article-body__text \">\n        Se trata, concretamente, del escolta <strong>Pedrinho Figueiredo, que ya entren\u00f3 con el primer equipo en pretemporada a las \u00f3rdenes de Paolo Galbiati <\/strong>tras ser reclutado el a\u00f1o pasado procedente del Valencia Basket<strong>, y Thierry Henry Alves de Souza Silva<\/strong>.\n<\/p>\n<p class=\"article-body__text \">\n        <strong>Ambos defender\u00e1n los colores de su pa\u00eds entre los d\u00edas 10 y 14 de diciembre<\/strong>, en el que se repartir\u00e1n tres billetes para la pr\u00f3xima AmeriCup sub-17.\n<\/p>\n<p>            <a href=\"https:\/\/www.noticiasdealava.eus\/baskonia\/2025\/05\/01\/baskonia-eliminados-cuartos-estatal-junior-9583038.html\" title=\"El Baskonia, eliminado en cuartos del Estatal j\u00fanior\" class=\"new__media\" rel=\"nofollow noopener\" target=\"_blank\"><\/p>\n<p>                <img alt=\"El Baskonia, eliminado en cuartos del Estatal j\u00fanior\" data-src=\"https:\/\/www.europesays.com\/es\/wp-content\/uploads\/2025\/11\/4611d035-560f-4b05-bb1f-8dc9405c1c7b_16-9-aspect-ratio_default_0.jpg\" class=\"lozad\"\/><\/p>\n<p>        <\/a><\/p>\n<p>        <a href=\"https:\/\/www.noticiasdealava.eus\/baskonia\/2025\/05\/01\/baskonia-eliminados-cuartos-estatal-junior-9583038.html\" title=\"El Baskonia, eliminado en cuartos del Estatal j\u00fanior\" class=\"new__headline\" rel=\"nofollow noopener\" target=\"_blank\"><br \/>\n            El Baskonia, eliminado en cuartos del Estatal j\u00fanior<br \/>\n        <\/a><\/p>\n<p class=\"article-body__text \">\n        Otro hecho rese\u00f1able de su todav\u00eda corta trayectoria como baskonistas es que <strong>en mayo de este a\u00f1o consiguieron el quinto puesto en el Campeonato de Espa\u00f1a j\u00fanior<\/strong> celebrado en Huelva.\n<\/p>\n<p>            <script async src=\"https:\/\/platform.twitter.com\/widgets.js\" charset=\"utf-8\"><\/script><\/p>\n","protected":false},"excerpt":{"rendered":"Aunque no son tiempos f\u00e1ciles para las canteras europeas, la del Baskonia sigue encontrando talento en distintas partes&hellip;\n","protected":false},"author":2,"featured_media":230898,"comment_status":"","ping_status":"","sticky":false,"template":"","format":"standard","meta":{"footnotes":""},"categories":[269],"tags":[299,298,19793,168,25,24,60445,29909,60444,23,167,39134],"class_list":{"0":"post-230897","1":"post","2":"type-post","3":"status-publish","4":"format-standard","5":"has-post-thumbnail","7":"category-baloncesto","8":"tag-baloncesto","9":"tag-basketball","10":"tag-baskonistas","11":"tag-deportes","12":"tag-es","13":"tag-espana","14":"tag-figueiredo","15":"tag-henry","16":"tag-pedrinho","17":"tag-spain","18":"tag-sports","19":"tag-thierry"},"share_on_mastodon":{"url":"https:\/\/pubeurope.com\/@es\/115532712254588125","error":""},"_links":{"self":[{"href":"https:\/\/www.europesays.com\/es\/wp-json\/wp\/v2\/posts\/230897","targetHints":{"allow":["GET"]}}],"collection":[{"href":"https:\/\/www.europesays.com\/es\/wp-json\/wp\/v2\/posts"}],"about":[{"href":"https:\/\/www.europesays.com\/es\/wp-json\/wp\/v2\/types\/post"}],"author":[{"embeddable":true,"href":"https:\/\/www.europesays.com\/es\/wp-json\/wp\/v2\/users\/2"}],"replies":[{"embeddable":true,"href":"https:\/\/www.europesays.com\/es\/wp-json\/wp\/v2\/comments?post=230897"}],"version-history":[{"count":0,"href":"https:\/\/www.europesays.com\/es\/wp-json\/wp\/v2\/posts\/230897\/revisions"}],"wp:featuredmedia":[{"embeddable":true,"href":"https:\/\/www.europesays.com\/es\/wp-json\/wp\/v2\/media\/230898"}],"wp:attachment":[{"href":"https:\/\/www.europesays.com\/es\/wp-json\/wp\/v2\/media?parent=230897"}],"wp:term":[{"taxonomy":"category","embeddable":true,"href":"https:\/\/www.europesays.com\/es\/wp-json\/wp\/v2\/categories?post=230897"},{"taxonomy":"post_tag","embeddable":true,"href":"https:\/\/www.europesays.com\/es\/wp-json\/wp\/v2\/tags?post=230897"}],"curies":[{"name":"wp","href":"https:\/\/api.w.org\/{rel}","templated":true}]}}