{"id":230921,"date":"2025-11-11T19:40:08","date_gmt":"2025-11-11T19:40:08","guid":{"rendered":"https:\/\/www.europesays.com\/es\/230921\/"},"modified":"2025-11-11T19:40:08","modified_gmt":"2025-11-11T19:40:08","slug":"leire-diez-aseguro-al-fiscal-stampa-que-ella-era-la-mano-derecha-de-santos-cerdan","status":"publish","type":"post","link":"https:\/\/www.europesays.com\/es\/230921\/","title":{"rendered":"Leire D\u00edez asegur\u00f3 al fiscal Stampa que ella era la \u00abmano derecha de Santos Cerd\u00e1n\u00bb"},"content":{"rendered":"<p>La <strong>exmilitante <\/strong>del <strong>PSOE <\/strong>investigada por presuntamente maniobrar contra la Guardia Civil o la Fiscal\u00eda,<strong> Leire D\u00edez,<\/strong> le dijo el pasado mes de mayo al <strong>fiscal Ignacio Stampa que ella era la \u00abmano derecha\u00bb <\/strong>del entonces secretario de Organizaci\u00f3n del PSOE, Santos <strong>Cerd\u00e1n, ahora en prisi\u00f3n por el caso Koldo. <\/strong><\/p>\n<p>Esta afirmaci\u00f3n aparece en la grabaci\u00f3n que Stampa hizo de una reuni\u00f3n a cuatro que mantuvieron el pasado 7 de mayo Leire D\u00edez, los empresarios Javier P\u00e9rez Dolset y Luis del Rivero, y \u00e9l y que este fiscal ha entregado al Juzgado de Instrucci\u00f3n n\u00famero 9 de Madrid, donde se investiga a la exmilitante socialista por presuntos delitos de cohecho y tr\u00e1fico de influencias. <\/p>\n<p>En el audio, de m\u00e1s de tres horas y al que ha tenido acceso RTVE, se escucha a Stampa preguntar a D\u00edez si \u00abes la mano derecha de Santos Cerd\u00e1n\u00bb, a lo que ella responde que s\u00ed y despu\u00e9s se reafirma: \u00absoy una mano derecha que nunca va a aparecer en ning\u00fan lado\u00bb. <\/p>\n<p><strong>\u00abDigamos que yo soy la persona que ha puesto el PSOE a ver qu\u00e9 hab\u00eda detr\u00e1s de todo esto\u00bb, dice D\u00edez<\/strong> en el encuentro, en el que busca indagar sobre supuestas irregularidades policiales y de la Fiscal\u00eda que dice que no comprend\u00eda y que por eso empez\u00f3 a investigar. <\/p>\n<p>En un determinado momento, Stampa pregunta a D\u00edez si el fiscal general, \u00c1lvaro Garc\u00eda Ortiz, sabe de su encuentro y sus movimientos, a lo que esta responde que no, aunque posteriormente sostiene que \u00ablo va a saber\u00bb y que tambi\u00e9n lo va a saber \u00abel jefe de \u00c1lvaro\u00bb y preguntada si se refiere al ministro o al presidente dice: \u00aba todos\u00bb. <\/p>\n<p>Pese a todo lo que mantuvo en este encuentro con Stampa, desde que estall\u00f3 este caso D\u00edez ha negado ser \u00abfontanera\u00bb del PSOE, ha dicho que actuaba como periodista haciendo un trabajo de investigaci\u00f3n para escribir un libro y que pidi\u00f3 la baja en su formaci\u00f3n. <\/p>\n<p>P\u00e9rez Dolset: el presidente dijo \u00abque se limpie todo\u00bb <\/p>\n<p><strong>Adem\u00e1s, en la grabaci\u00f3n se escucha c\u00f3mo el empresario P\u00e9rez Dolset<\/strong>, tambi\u00e9n investigado, le dice a Stampa que tiene archivos en los que consta el espionaje al presidente del Gobierno, Pedro S\u00e1nchez, y que <strong>cuando sali\u00f3 la imputaci\u00f3n de su mujer, Bego\u00f1a G\u00f3mez, <\/strong>D\u00edez le pidi\u00f3 los audios sobre estos espionajes. <\/p>\n<p>Entonces, relata P\u00e9rez Dolset, <strong>\u00abel presidente ya dijo que se limpie todo\u00bb. \u00abL\u00edmpiese\u00bb, <\/strong>agrega en ese punto la considerada \u00abfontanera del PSOE\u00bb para el PP. \u00abL\u00edmpiese, sin l\u00edmite. Los polic\u00edas que falsifiquen informes, fuera. Los fiscales que oculten pruebas, fuera. Los t\u00edos que fabriquen causas, fuera. Y la politizaci\u00f3n del sistema judicial\u2026\u00bb, retoma el empresario. <\/p>\n<p>En ese momento, D\u00edez dice algo ininteligible y el fiscal Stampa apunta: \u00aby los fiscales que trabaj\u00e1bamos sin respiro con esto, fuera\u00bb, en alusi\u00f3n a c\u00f3mo fue retirado del caso T\u00e1ndem, en el que se investigaba los negocios del comisario jubilado Jos\u00e9 Manuel Villarejo en octubre de 2020, cuando gobernaba el PSOE y Dolores Delgado era la fiscal general del Estado. Al respecto, sus interlocutores le dicen que \u00e9l fue una \u00abv\u00edctima m\u00e1s\u00bb y que ellos solo se re\u00fanen con v\u00edctimas. <\/p>\n<p><strong>Leire D\u00edez agrega que Baltasar, en alusi\u00f3n a Baltasar Garz\u00f3n, \u00abten\u00eda un negocio de pu\u00f1etera madre\u00bb con Villarejo<\/strong> y en otro momento apunta a que <strong>a Lola, en referencia a Dolores Delgado, no le interesaba que ella supiese \u00abtodo\u00bb. <\/strong><\/p>\n<p>D\u00edez e<strong>xpresa adem\u00e1s sus discrepancias con la exministra de Justicia <\/strong>Dolores Delgado, detallando que en 2018 le ofrecieron ser su directora de comunicaci\u00f3n, pero lo rechaz\u00f3 porque no le gust\u00f3 lo que vio, y a\u00f1ade que<strong> \u00abtodo el mundo sale en las agendas\u00bb de Villarejo y por eso \u00abgente como Lola tiene que estar inquieta\u00bb.<\/strong><\/p>\n<p>Un periodista niega haber participado en el intento de soborno a Grinda <\/p>\n<p>Tambi\u00e9n apunta a que Villarejo ten\u00eda detr\u00e1s una \u00abestructura\u00bb y que en todas las causas siempre aparec\u00edan los<strong> fiscales Jos\u00e9 Grinda y Alejandro Luz\u00f3n, de los que dice que actuaron sinti\u00e9ndose \u00abcompletamente impunes\u00bb porque ten\u00edan al juez Manuel Garc\u00eda-Castell\u00f3n \u00abcomo dique\u00bb. <\/strong>En la conversaci\u00f3n, D\u00edez y Dolset a\u00f1aden que a la Fiscal\u00eda Anticorrupci\u00f3n \u00able sobra el anti\u00bb y critican el papel de Grinda, Luz\u00f3n y Garc\u00eda-Castell\u00f3n,<strong> a quienes se\u00f1ala que se protegen entre ellos.<\/strong> Garc\u00eda-Castell\u00f3n es el juez que entre otros casos ha dirigido la causa de Tsunami Democratic, caso P\u00fanica o el caso Villarejo. <\/p>\n<p>Precisamente,<strong> estos d\u00edas ha comenzado el juicio a D\u00edez y Dolset por buscar \u00abinformaci\u00f3n comprometida <\/strong>o irregular de los mandos de la UCO y de la <strong>Fiscal\u00eda Anticorrupci\u00f3n a cambio de favores procesales o profesionales\u00bb <\/strong>para \u00abanular o malbaratar\u00bb investigaciones que afectan a pol\u00edticos, empresarios del entorno del Gobierno. <\/p>\n<p>De hecho<strong>, este martes, un periodista de &#8216;El Espa\u00f1ol&#8217; ha ratificado como testigo<\/strong> qu<strong>e D\u00edez le ofreci\u00f3 a su medio un v\u00eddeo sexual sobre el fiscal Anticorrupci\u00f3n Grinda, que rechazaron difundir, seg\u00fan han indicado fuentes presentes en la declaraci\u00f3n.<\/strong><\/p>\n<p><strong>Otro periodista, Pere Rusi\u00f1ol, investigado en el caso Leire D\u00edez, <\/strong>ha <strong>negado <\/strong>ante el juez que participase en un<strong> intento de soborno a Grinda<\/strong>. Ante el magistrado, Rusi\u00f1ol ha negado la versi\u00f3n que el fiscal Grinda dio al juez sobre que el pasado 27 de febrero de 2025 este periodista le ense\u00f1ara un documento con una oferta de traslado y ascenso a cambio de informaci\u00f3n comprometida sobre su jefe, Alejandro Luz\u00f3n, y de lograr el archivo de varias causas, y que tras esta oferta estar\u00eda Leire. Fuentes jur\u00eddicas informan a EFE de que este periodista ha negado rotundamente lo dicho por Grinda y se ha acogido a su derecho al secreto profesional.<\/p>\n<p>Otras fuentes presentes en la declaraci\u00f3n han indicado que Rusi\u00f1ol ha sostenido que Grinda no dijo la verdad ante el juez. Seg\u00fan esta versi\u00f3n, el periodista se reuni\u00f3 con Grinda para contrastar que era este fiscal quien se hab\u00eda ofrecido a dar informaci\u00f3n sobre su jefe a cambio de lograr un destino en Bolivia. <\/p>\n","protected":false},"excerpt":{"rendered":"La exmilitante del PSOE investigada por presuntamente maniobrar contra la Guardia Civil o la Fiscal\u00eda, Leire D\u00edez, le&hellip;\n","protected":false},"author":2,"featured_media":230922,"comment_status":"","ping_status":"","sticky":false,"template":"","format":"standard","meta":{"footnotes":""},"categories":[8],"tags":[17,18,25,24,13,14,11,19,20,9,10,15,16,23,12,21,22],"class_list":{"0":"post-230921","1":"post","2":"type-post","3":"status-publish","4":"format-standard","5":"has-post-thumbnail","7":"category-espana","8":"tag-breaking-news","9":"tag-breakingnews","10":"tag-es","11":"tag-espana","12":"tag-featured-news","13":"tag-featurednews","14":"tag-headlines","15":"tag-latest-news","16":"tag-latestnews","17":"tag-news","18":"tag-noticias","19":"tag-noticias-destacadas","20":"tag-noticiasdestacadas","21":"tag-spain","22":"tag-titulares","23":"tag-ultimas-noticias","24":"tag-ultimasnoticias"},"share_on_mastodon":{"url":"https:\/\/pubeurope.com\/@es\/115532767273755603","error":""},"_links":{"self":[{"href":"https:\/\/www.europesays.com\/es\/wp-json\/wp\/v2\/posts\/230921","targetHints":{"allow":["GET"]}}],"collection":[{"href":"https:\/\/www.europesays.com\/es\/wp-json\/wp\/v2\/posts"}],"about":[{"href":"https:\/\/www.europesays.com\/es\/wp-json\/wp\/v2\/types\/post"}],"author":[{"embeddable":true,"href":"https:\/\/www.europesays.com\/es\/wp-json\/wp\/v2\/users\/2"}],"replies":[{"embeddable":true,"href":"https:\/\/www.europesays.com\/es\/wp-json\/wp\/v2\/comments?post=230921"}],"version-history":[{"count":0,"href":"https:\/\/www.europesays.com\/es\/wp-json\/wp\/v2\/posts\/230921\/revisions"}],"wp:featuredmedia":[{"embeddable":true,"href":"https:\/\/www.europesays.com\/es\/wp-json\/wp\/v2\/media\/230922"}],"wp:attachment":[{"href":"https:\/\/www.europesays.com\/es\/wp-json\/wp\/v2\/media?parent=230921"}],"wp:term":[{"taxonomy":"category","embeddable":true,"href":"https:\/\/www.europesays.com\/es\/wp-json\/wp\/v2\/categories?post=230921"},{"taxonomy":"post_tag","embeddable":true,"href":"https:\/\/www.europesays.com\/es\/wp-json\/wp\/v2\/tags?post=230921"}],"curies":[{"name":"wp","href":"https:\/\/api.w.org\/{rel}","templated":true}]}}