{"id":230923,"date":"2025-11-11T19:41:07","date_gmt":"2025-11-11T19:41:07","guid":{"rendered":"https:\/\/www.europesays.com\/es\/230923\/"},"modified":"2025-11-11T19:41:07","modified_gmt":"2025-11-11T19:41:07","slug":"carlos-alcaraz-remonta-por-primera-vez-en-las-nitto-atp-finals-un-partido-puede-cambiar-en-cualquier-momento-atp-tour","status":"publish","type":"post","link":"https:\/\/www.europesays.com\/es\/230923\/","title":{"rendered":"Carlos Alcaraz remonta por primera vez en las Nitto ATP Finals: \u201cUn partido puede cambiar en cualquier momento\u201d | ATP Tour"},"content":{"rendered":"<p>        Nitto ATP Finals<br \/>\n    Alcaraz remonta por primera vez en las Nitto ATP Finals: \u201cUn partido puede cambiar en cualquier momento\u201d<\/p>\n<p>El espa\u00f1ol se medir\u00e1 a Lorenzo Musetti el pr\u00f3ximo jueves<\/p>\n<p>November 11, 2025<\/p>\n<p>            <img decoding=\"async\" src=\"https:\/\/www.europesays.com\/es\/wp-content\/uploads\/2025\/11\/1762890067_454_nitto-atp-finals-2025-lunes-alcaraz-reacciones.jpg\" alt=\"Carlos Alcaraz, durante su partido en las Nitto ATP Finals.\"\/><\/p>\n<p>Clive Brunskill\/Getty Images<\/p>\n<p>        Carlos Alcaraz, durante su partido en las Nitto ATP Finals.<br \/>\n        By Redacci\u00f3n ATP <\/p>\n<p>Por primera vez en sus tres participaciones en las <a href=\"https:\/\/www.atptour.com\/es\/tournaments\/nitto-atp-finals\/605\/overview\" rel=\"nofollow noopener\" target=\"_blank\">Nitto ATP Finals<\/a>, <a href=\"https:\/\/www.atptour.com\/es\/players\/carlos-alcaraz\/a0e2\/overview\" rel=\"nofollow noopener\" target=\"_blank\">Carlos Alcaraz<\/a> logr\u00f3 remontar un set en contra. Lo hizo ante <a href=\"https:\/\/www.atptour.com\/es\/players\/taylor-fritz\/fb98\/overview\" rel=\"nofollow noopener\" target=\"_blank\">Taylor Fritz<\/a>, en un partido exigente, de casi tres horas, que midi\u00f3 tanto su tenis como su resistencia emocional. La victoria deja al murciano a un paso de las semifinales y tambi\u00e9n, en el plano matem\u00e1tico, a un partido de cerrar el a\u00f1o como No. 1 del PIF ATP Rankings.<\/p>\n<p>El encuentro dej\u00f3 varias lecturas, pero sobre todo una: Alcaraz ha aprendido a sufrir en Tur\u00edn. \u201cUn partido de tenis puede cambiar en cualquier momento\u201d, explic\u00f3 el joven de 22 a\u00f1os. \u201cCuando estamos dentro de la pista no nos damos cuenta de lo que va a suceder; nos estancamos en el presente. Si no hay buenas sensaciones, tendemos a pensar que nos vamos a quedar con ellas. Desde fuera se ve todo m\u00e1s f\u00e1cil, pero al final, si insistes y mantienes un buen comportamiento, siempre va mejor. Hoy he acabado jugando mucho mejor.\u201d<\/p>\n<p>El momento clave, seg\u00fan \u00e9l mismo, fue ese juego eterno de 14 minutos (con 2-3 en el segundo set) que logr\u00f3 mantener su servicio antes de romper el de Fritz en el siguiente turno. \u201cAh\u00ed cambi\u00f3 el partido\u201d, reconoci\u00f3.<\/p>\n<p>Tambi\u00e9n Podr\u00eda Interesarle: <a href=\"https:\/\/www.atptour.com\/es\/news\/lunes-nitto-atp-finals-2025-sinner-felix\" rel=\"nofollow noopener\" target=\"_blank\">Sinner se acerca a una hist\u00f3rica racha de Federer bajo techo<\/a><\/p>\n<p>M\u00e1s all\u00e1 de la reacci\u00f3n competitiva, el espa\u00f1ol analiz\u00f3 en detalle algunos de los aspectos t\u00e9cnicos que marcaron el duelo. Entre ellos, el rev\u00e9s paralelo, un golpe que ha adquirido protagonismo en sus dos primeros partidos en Tur\u00edn. \u201cEs algo en lo que hemos puesto mucho hincapi\u00e9\u201d, explic\u00f3. \u201cEn no ser siempre muy predecible tirando cruzado, sino hacerlo en momentos en los que el otro no se lo espera. Es un golpe donde normalmente el rival va cruzado, y ah\u00ed puedo coger la derecha, que es donde me siento muy c\u00f3modo. Lo hemos estado trabajando mucho y creo que est\u00e1 dando muy buenos frutos en este torneo.\u201d<\/p>\n<p>El rev\u00e9s paralelo fue, precisamente, uno de los recursos que le permiti\u00f3 abrir la pista ante un Fritz muy s\u00f3lido desde el fondo. Pero Alcaraz tambi\u00e9n reconoci\u00f3 que hubo facetas mejorables, especialmente el servicio. \u201cNo me he sentido igual de c\u00f3modo que el primer d\u00eda con \u00c1lex, sin ninguna duda\u201d, admiti\u00f3. \u201cEl saque es un arma muy importante. Te da mucha confianza luego para jugar de fondo, aunque sea un golpe independiente. Cuando tienes un buen porcentaje, juegas m\u00e1s tranquilo; cuando no, cuesta m\u00e1s, sobre todo si el rival te mete presi\u00f3n al resto, como ha hecho Fritz. Lo hemos intentado mejorar durante todo el partido, y creo que ha ido un poco a mejor, pero es algo que tenemos que seguir puliendo en cada encuentro.\u201d<\/p>\n<p>El desgaste f\u00edsico tambi\u00e9n fue evidente. \u201cHa sido un partido muy exigente, tanto f\u00edsica como mentalmente\u201d, confes\u00f3. \u201cEstar tres horas fuerte, intentando no venirse abajo, evitando que los pensamientos negativos tengan m\u00e1s peso que los positivos, exige much\u00edsimo. Y al final, acabas muy cansado. Tambi\u00e9n he notado las condiciones diferentes, no por la pista, sino por el calor y la humedad. Eso influye mucho en un partido tan largo.\u201d<\/p>\n<p>Aun as\u00ed, el murciano asegur\u00f3 que el equipo ya est\u00e1 centrado en la recuperaci\u00f3n de cara al \u00faltimo duelo de la fase de grupos. \u201cCuesta recuperar, pero tenemos un d\u00eda de margen. Vamos a intentar hacerlo todo perfecto, al mil\u00edmetro, para llegar en buenas condiciones al \u00faltimo partido, que es muy importante.\u201d<\/p>\n<p>La victoria ante Fritz no solo le permite tomar la delante del grupo, sino que tambi\u00e9n lo deja a un paso de sellar el No. 1 a final de a\u00f1o por segunda vez en su carrera. Sin embargo, Alcaraz quiso restarle presi\u00f3n al asunto. \u201cEs algo muy bonito y un objetivo claro que he tenido desde principio de a\u00f1o\u201d, reconoci\u00f3. \u201cPero intentamos no pensar demasiado en el n\u00famero uno, porque puede jugarte una mala pasada si le das mucha importancia. Puedes entrar al partido con una presi\u00f3n extra o no lidiar bien con los nervios. Si al final lo consigo, ser\u00e1 algo muy importante y muy bonito, sobre todo compitiendo con Jannik, que es much\u00edsimo m\u00e1s consistente y mantiene siempre un nivel alt\u00edsimo. Pero preferimos centrarnos en el torneo y en jugar buen tenis indoor, que no es algo a lo que est\u00e9 muy acostumbrado\u201d.<\/p>\n<p>Con dos victorias en Tur\u00edn y, sobre todo, con la sensaci\u00f3n de haber dado un salto en madurez competitiva, Alcaraz encara el cierre de la fase de grupos con una mezcla de alivio y ambici\u00f3n. Ha aprendido a sufrir, ha aprendido a esperar su momento y, sobre todo, ha demostrado que tambi\u00e9n en el indoor \u2014esa superficie que antes le incomodaba\u2014 puede imponerse desde el car\u00e1cter.<\/p>\n<p>\u201cHoy he demostrado que puedo mantenerme ah\u00ed aunque las cosas no salgan bien al principio\u201d, resumi\u00f3. \u201cY me da mucha confianza para lo que viene\u201d.<\/p>\n","protected":false},"excerpt":{"rendered":"Nitto ATP Finals Alcaraz remonta por primera vez en las Nitto ATP Finals: \u201cUn partido puede cambiar en&hellip;\n","protected":false},"author":2,"featured_media":230924,"comment_status":"","ping_status":"","sticky":false,"template":"","format":"standard","meta":{"footnotes":""},"categories":[5],"tags":[17,18,25,24,13,14,11,19,20,9,10,15,16,23,12,21,22],"class_list":{"0":"post-230923","1":"post","2":"type-post","3":"status-publish","4":"format-standard","5":"has-post-thumbnail","7":"category-titulares","8":"tag-breaking-news","9":"tag-breakingnews","10":"tag-es","11":"tag-espana","12":"tag-featured-news","13":"tag-featurednews","14":"tag-headlines","15":"tag-latest-news","16":"tag-latestnews","17":"tag-news","18":"tag-noticias","19":"tag-noticias-destacadas","20":"tag-noticiasdestacadas","21":"tag-spain","22":"tag-titulares","23":"tag-ultimas-noticias","24":"tag-ultimasnoticias"},"share_on_mastodon":{"url":"https:\/\/pubeurope.com\/@es\/115532771157081877","error":""},"_links":{"self":[{"href":"https:\/\/www.europesays.com\/es\/wp-json\/wp\/v2\/posts\/230923","targetHints":{"allow":["GET"]}}],"collection":[{"href":"https:\/\/www.europesays.com\/es\/wp-json\/wp\/v2\/posts"}],"about":[{"href":"https:\/\/www.europesays.com\/es\/wp-json\/wp\/v2\/types\/post"}],"author":[{"embeddable":true,"href":"https:\/\/www.europesays.com\/es\/wp-json\/wp\/v2\/users\/2"}],"replies":[{"embeddable":true,"href":"https:\/\/www.europesays.com\/es\/wp-json\/wp\/v2\/comments?post=230923"}],"version-history":[{"count":0,"href":"https:\/\/www.europesays.com\/es\/wp-json\/wp\/v2\/posts\/230923\/revisions"}],"wp:featuredmedia":[{"embeddable":true,"href":"https:\/\/www.europesays.com\/es\/wp-json\/wp\/v2\/media\/230924"}],"wp:attachment":[{"href":"https:\/\/www.europesays.com\/es\/wp-json\/wp\/v2\/media?parent=230923"}],"wp:term":[{"taxonomy":"category","embeddable":true,"href":"https:\/\/www.europesays.com\/es\/wp-json\/wp\/v2\/categories?post=230923"},{"taxonomy":"post_tag","embeddable":true,"href":"https:\/\/www.europesays.com\/es\/wp-json\/wp\/v2\/tags?post=230923"}],"curies":[{"name":"wp","href":"https:\/\/api.w.org\/{rel}","templated":true}]}}