{"id":230927,"date":"2025-11-11T19:46:08","date_gmt":"2025-11-11T19:46:08","guid":{"rendered":"https:\/\/www.europesays.com\/es\/230927\/"},"modified":"2025-11-11T19:46:08","modified_gmt":"2025-11-11T19:46:08","slug":"rafa-nadal-elige-a-los-cuatro-mejores-tenistas-de-la-historia-y-uno-puede-sorprender","status":"publish","type":"post","link":"https:\/\/www.europesays.com\/es\/230927\/","title":{"rendered":"Rafa Nadal elige a los cuatro mejores tenistas de la historia&#8230; y uno puede sorprender"},"content":{"rendered":"<p class=\"pf0\">Durante una entrevista con &#8216;ComplexSports&#8217; durante un acto promocional, a <b>Rafa Nadal<\/b> le han puesto en la dif\u00edcil tesitura de elegir a los cuatro mejores tenistas de la historia.<\/p>\n<p class=\"pf0\">Centr\u00e1ndose solo en el plano masculino, al balear le pidieron que edificara su particular Monte Rushmore, m\u00edtica escultura estadounidense donde figuran cuatro presidentes: <b>George Washington, Thomas Jefferson, Theodore Roosevelt y Abraham Lincoln<\/b>.<\/p>\n<p class=\"pf0\">Adem\u00e1s de incluir a <b>Novak Djokovic, Roger Federer y \u00e9l mismo<\/b>, los tenistas con m\u00e1s Grand Slams de la historia, Nadal se ha quedado con <b>Road Laver<\/b>.<\/p>\n<p class=\"pf0\">En el debate podr\u00eda entrar <b>Jimmy Connors<\/b>, que logr\u00f3 el mayor n\u00famero de t\u00edtulos individuales en la historia del tenis (109), o <b>Pete Sampras<\/b> por sus 14 &#8216;majors&#8217;, pero Nadal se qued\u00f3 con el australiano. <\/p>\n<p class=\"pf0\">\u00abBien, seguramente Road Laver, Djokovic, Federer y probablemente yo mismo, para ser honesto. Humildad aparte, <b>para ser claro los n\u00fameros dicen eso<\/b>\u00ab, se\u00f1al\u00f3 el manacor\u00ed.<\/p>\n<p class=\"pf0\">Cabe destacar que Rod Laver ha sido el \u00fanico tenista (hombre o mujer) que ha logrado ganar en un a\u00f1o natural (1969) los cuatro Grand Slams. <\/p>\n<blockquote class=\"twitter-tweet\" data-media-max-width=\"560\">\n<p class=\"L6-news-detail__text\">Rafa Nadal elige los cuatro mejores de la historia del tenis.<\/p>\n<p class=\"L6-news-detail__text\">Con el Big 3 ah\u00ed, que nadie duda, pone a Rod Laver como uno de los cuatro.<\/p>\n<p class=\"L6-news-detail__text\">\u00bfQu\u00e9 pens\u00e1is? <a title=\"pic.twitter.com\/JY2gnmh9OF\" href=\"https:\/\/t.co\/JY2gnmh9OF\" target=\"_blank\" rel=\"nofollow\">pic.twitter.com\/JY2gnmh9OF<\/a><\/p>\n<p>\u2014 Jos\u00e9 Mor\u00f3n (@jmgmoron) <a title=\"November 10, 2025\" href=\"https:\/\/twitter.com\/jmgmoron\/status\/1987945713817268688?ref_src=twsrc%5Etfw\" target=\"_blank\" rel=\"nofollow noopener\">November 10, 2025<\/a><\/p><\/blockquote>\n<p>\t<script async src=\"https:\/\/platform.twitter.com\/widgets.js\" charset=\"utf-8\"><\/script><\/p>\n","protected":false},"excerpt":{"rendered":"Durante una entrevista con &#8216;ComplexSports&#8217; durante un acto promocional, a Rafa Nadal le han puesto en la dif\u00edcil&hellip;\n","protected":false},"author":2,"featured_media":34270,"comment_status":"","ping_status":"","sticky":false,"template":"","format":"standard","meta":{"footnotes":""},"categories":[274],"tags":[168,25,24,23,167,327,326],"class_list":{"0":"post-230927","1":"post","2":"type-post","3":"status-publish","4":"format-standard","5":"has-post-thumbnail","7":"category-tenis","8":"tag-deportes","9":"tag-es","10":"tag-espana","11":"tag-spain","12":"tag-sports","13":"tag-tenis","14":"tag-tennis"},"share_on_mastodon":{"url":"https:\/\/pubeurope.com\/@es\/115532790731439464","error":""},"_links":{"self":[{"href":"https:\/\/www.europesays.com\/es\/wp-json\/wp\/v2\/posts\/230927","targetHints":{"allow":["GET"]}}],"collection":[{"href":"https:\/\/www.europesays.com\/es\/wp-json\/wp\/v2\/posts"}],"about":[{"href":"https:\/\/www.europesays.com\/es\/wp-json\/wp\/v2\/types\/post"}],"author":[{"embeddable":true,"href":"https:\/\/www.europesays.com\/es\/wp-json\/wp\/v2\/users\/2"}],"replies":[{"embeddable":true,"href":"https:\/\/www.europesays.com\/es\/wp-json\/wp\/v2\/comments?post=230927"}],"version-history":[{"count":0,"href":"https:\/\/www.europesays.com\/es\/wp-json\/wp\/v2\/posts\/230927\/revisions"}],"wp:featuredmedia":[{"embeddable":true,"href":"https:\/\/www.europesays.com\/es\/wp-json\/wp\/v2\/media\/34270"}],"wp:attachment":[{"href":"https:\/\/www.europesays.com\/es\/wp-json\/wp\/v2\/media?parent=230927"}],"wp:term":[{"taxonomy":"category","embeddable":true,"href":"https:\/\/www.europesays.com\/es\/wp-json\/wp\/v2\/categories?post=230927"},{"taxonomy":"post_tag","embeddable":true,"href":"https:\/\/www.europesays.com\/es\/wp-json\/wp\/v2\/tags?post=230927"}],"curies":[{"name":"wp","href":"https:\/\/api.w.org\/{rel}","templated":true}]}}