{"id":230931,"date":"2025-11-11T19:51:12","date_gmt":"2025-11-11T19:51:12","guid":{"rendered":"https:\/\/www.europesays.com\/es\/230931\/"},"modified":"2025-11-11T19:51:12","modified_gmt":"2025-11-11T19:51:12","slug":"vicky-martin-berrocal-52-rejuvenece-la-falda-midi-satinada-que-se-ha-comprado-en-tres-colores","status":"publish","type":"post","link":"https:\/\/www.europesays.com\/es\/230931\/","title":{"rendered":"Vicky Mart\u00edn Berrocal (52) rejuvenece la falda midi satinada que se ha comprado en tres colores"},"content":{"rendered":"<p id=\"emlyaX-VXi\" data-wc=\"107\"><strong>Vicky Mart\u00edn Berrocal<\/strong> ha conseguido hacer de <a class=\"hm-link ho-link\" href=\"https:\/\/www.hola.com\/moda\/20250520832985\/las-berrocal-documental-estreno-vicky-martin-berrocal-alba-diaz-looks\/\" rel=\"noopener nofollow\" target=\"_blank\" data-mrf-recirculation=\"article-body-link\">sus looks de fiesta y alfombra roja<\/a>-la mayor\u00eda pertenecientes, como no pod\u00eda ser de otra manera, a su firma Victoria- una de sus se\u00f1as de identidad. Estas elegantes prendas, caracterizadas por la b\u00fasqueda de la feminidad, elegancia y sofisticaci\u00f3n mediante elementos como drapeados, transparencias y plumas, nos enamoran por completo, pero<a class=\"hm-link ho-link\" href=\"https:\/\/www.hola.com\/moda\/20250520832985\/las-berrocal-documental-estreno-vicky-martin-berrocal-alba-diaz-looks\/\" rel=\"noopener nofollow\" target=\"_blank\" data-mrf-recirculation=\"article-body-link\">\u00a0el estilo de la dise\u00f1adora en el d\u00eda a d\u00eda<\/a> es igual de acertado e inspirador. A trav\u00e9s de sus redes sociales, comparte sus elecciones m\u00e1s relajadas y nos da los mejores trucos de estilo. Con su \u00faltimo carrusel, ha reafirmado cu\u00e1l es <strong>su prenda comod\u00edn para este\u00a0<\/strong><strong>oto\u00f1o\/invierno<\/strong>.<\/p>\n<p> <img src=\"https:\/\/www.europesays.com\/es\/wp-content\/uploads\/2025\/11\/504c8da6ff96-poco-ms-os-puedo-contar-de-mi-semanala-vuestra-que-tal-3.jpg\"   width=\"768\" height=\"1024\" loading=\"lazy\" decoding=\"async\" alt=\"Vicky Mart\u00edn Berrocal\" fetchpriority=\"auto\" class=\"image ho-image\"\/>\u00a9 @vickymartinberrocal<\/p>\n<p id=\"esA6ndSNdZ\" data-wc=\"79\">Desde hace un par de temporadas,<strong>\u00a0la falda midi satinada\u00a0<\/strong>se ha convertido en un b\u00e1sico de fondo de armario que firmas exclusivas y tiendas asequibles versionan en diferentes colores para adaptarla a las \u00faltimas tendencias. Puede que inicialmente la entendi\u00e9ramos como una pieza solo apta para estilismos muy formales o de fiesta, pero ahora las expertas demuestran que puede lucirse en cualquier ocasi\u00f3n, desde una tarde de cine hasta una reuni\u00f3n en la oficina o una comida familiar.\u00a0<\/p>\n<p> <img src=\"https:\/\/www.europesays.com\/es\/wp-content\/uploads\/2025\/11\/04ef0fcb1d93-poco-ms-os-puedo-contar-de-mi-semanala-vuestra-que-tal.jpg\"   width=\"768\" height=\"1024\" loading=\"lazy\" decoding=\"async\" alt=\"Vicky Mart\u00edn Berrocal\" fetchpriority=\"auto\" class=\"image ho-image\"\/>\u00a9 @vickymartinberrocal<\/p>\n<p id=\"esjlNIngQ5\" data-wc=\"87\">Para rebajar su intensidad, la clave es combinarla con dise\u00f1os ca\u00f1eros que aporten un aire m\u00e1s moderno y desenfadado. En su caso, este fin de semana la dise\u00f1adora ha elegido una en marfil, a priori un tono complicado de llevar en esta \u00e9poca del a\u00f1o, pero ella demuestra que es apto para cualquier momento. En lugar de sumarle una blusa o una blazer cl\u00e1sica,<strong>\u00a0ha querido romper los c\u00f3digos tradicionales<\/strong> y ha apostado por una ca\u00f1era cazadora de piel negra en clave oversized\u00a0de Maria Dolores Guill\u00e9n.<\/p>\n<p> <img src=\"https:\/\/www.europesays.com\/es\/wp-content\/uploads\/2025\/11\/31e681a8b96e-poco-ms-os-puedo-contar-de-mi-semanala-vuestra-que-tal-2.jpg\"   width=\"768\" height=\"1024\" loading=\"lazy\" decoding=\"async\" alt=\"Vicky Mart\u00edn Berrocal\" fetchpriority=\"auto\" class=\"image ho-image\"\/>\u00a9 @vickymartinberrocal<\/p>\n<p id=\"eqvil6vGjh\" data-wc=\"40\">A sus pies, unas rompedoras botas altas a juego de Steve Madden, un par de puntera afilada con tac\u00f3n alto oculto gracias al efecto de &#8216;falso calentador&#8217;. Y, para rematar, un bolsito de cuero con silueta trapecio y asa corta.<\/p>\n<p> <img src=\"https:\/\/www.europesays.com\/es\/wp-content\/uploads\/2025\/11\/7963bd37cc58-todava-no-tengo-palabras-para-contaros-lo-que-vivcunta-belleza-cuntos-amigo.jpg\"   width=\"1014\" height=\"1024\" loading=\"lazy\" decoding=\"async\" alt=\"Vicky Mart\u00edn Berrocal\" fetchpriority=\"auto\" class=\"image ho-image\"\/>\u00a9 @vickymartinberrocal<br \/>\nUna falda, infinitas posibilidades\u00a0<\/p>\n<p id=\"ewDZgNCK6N\" data-wc=\"117\">No es la primera vez que vemos a Vicky con un modelo de este estilo, de hecho, este oto\u00f1o ha lucido varios similares en distintos colores, permiti\u00e9ndonos apreciar su versatilidad. Si en las \u00faltimas horas ha mostrado su versi\u00f3n m\u00e1s ca\u00f1era, hace unas semanas eligi\u00f3 una negra durante un viaje a M\u00e9xico para conseguir el look de c\u00f3ctel m\u00e1s elegante y vers\u00e1til que hemos visto \u00faltimamente. La llev\u00f3 con una blusa satinada a tono de cuello perkins con lazada y remat\u00f3 con accesorios a tono, abogando por el minimalismo m\u00e1s absoluto al estilo Meghan Markle, lo cual se reflej\u00f3 tambi\u00e9n en su peinado, ya que recogi\u00f3 su melena oscura en un mo\u00f1ito pulido que despejaba su rostro.<\/p>\n<p><img src=\"https:\/\/www.europesays.com\/es\/wp-content\/uploads\/2025\/11\/9fec1c11780b-salir-a-cenar-y-que-mi-hija-me-haga-estos-fotones-es-un-lujo-primer-look-del-ot.jpg\"   width=\"768\" height=\"1024\" loading=\"lazy\" decoding=\"async\" alt=\"Vicky Mart\u00edn Berrocal\" fetchpriority=\"auto\" class=\"image ho-image\"\/>\u00a9 @vickymartinberrocal<\/p>\n<p id=\"eLbB9dVm0v4\" data-wc=\"94\">Y, como no hay dos sin tres, <strong>tambi\u00e9n tiene una falda satinada en tono co\u00f1ac<\/strong>, que estren\u00f3 a finales de septiembre. \u00abPrimer look del oto\u00f1o \ud83c\udf42 Co\u00f1ac satinado, \u00bfs\u00ed o no? Os leo\u00bb escrib\u00eda entonces junto a una serie de fotograf\u00edas en las que posaba con esta prenda de Mango y su camisa a juego. Al llevar ambas piezas y sumarle un cintur\u00f3n ancho que tapaba el corte entre ambas, creaba un efecto trampantojo de vestido que, sumado al bolso slouchy\u00a0y las gafas de sol estrechas, aportaba una imagen de lo m\u00e1s cool.\u00a0<\/p>\n","protected":false},"excerpt":{"rendered":"Vicky Mart\u00edn Berrocal ha conseguido hacer de sus looks de fiesta y alfombra roja-la mayor\u00eda pertenecientes, como no&hellip;\n","protected":false},"author":2,"featured_media":230932,"comment_status":"","ping_status":"","sticky":false,"template":"","format":"standard","meta":{"footnotes":""},"categories":[174],"tags":[1024,255,146,147,25,24,256,1023,23,22271],"class_list":{"0":"post-230931","1":"post","2":"type-post","3":"status-publish","4":"format-standard","5":"has-post-thumbnail","7":"category-famosos","8":"tag-actualidad-moda","9":"tag-celebrities","10":"tag-entertainment","11":"tag-entretenimiento","12":"tag-es","13":"tag-espana","14":"tag-famosos","15":"tag-moda","16":"tag-spain","17":"tag-vicky-martin-berrocal"},"share_on_mastodon":{"url":"https:\/\/pubeurope.com\/@es\/115532810634896808","error":""},"_links":{"self":[{"href":"https:\/\/www.europesays.com\/es\/wp-json\/wp\/v2\/posts\/230931","targetHints":{"allow":["GET"]}}],"collection":[{"href":"https:\/\/www.europesays.com\/es\/wp-json\/wp\/v2\/posts"}],"about":[{"href":"https:\/\/www.europesays.com\/es\/wp-json\/wp\/v2\/types\/post"}],"author":[{"embeddable":true,"href":"https:\/\/www.europesays.com\/es\/wp-json\/wp\/v2\/users\/2"}],"replies":[{"embeddable":true,"href":"https:\/\/www.europesays.com\/es\/wp-json\/wp\/v2\/comments?post=230931"}],"version-history":[{"count":0,"href":"https:\/\/www.europesays.com\/es\/wp-json\/wp\/v2\/posts\/230931\/revisions"}],"wp:featuredmedia":[{"embeddable":true,"href":"https:\/\/www.europesays.com\/es\/wp-json\/wp\/v2\/media\/230932"}],"wp:attachment":[{"href":"https:\/\/www.europesays.com\/es\/wp-json\/wp\/v2\/media?parent=230931"}],"wp:term":[{"taxonomy":"category","embeddable":true,"href":"https:\/\/www.europesays.com\/es\/wp-json\/wp\/v2\/categories?post=230931"},{"taxonomy":"post_tag","embeddable":true,"href":"https:\/\/www.europesays.com\/es\/wp-json\/wp\/v2\/tags?post=230931"}],"curies":[{"name":"wp","href":"https:\/\/api.w.org\/{rel}","templated":true}]}}