{"id":230933,"date":"2025-11-11T19:54:08","date_gmt":"2025-11-11T19:54:08","guid":{"rendered":"https:\/\/www.europesays.com\/es\/230933\/"},"modified":"2025-11-11T19:54:08","modified_gmt":"2025-11-11T19:54:08","slug":"la-tercera-temporada-de-valentia-con-yosostenido-de-victor-elias-el-mediano-de-los-serrano-y-musico","status":"publish","type":"post","link":"https:\/\/www.europesays.com\/es\/230933\/","title":{"rendered":"La tercera temporada de valent\u00eda con &#8216;#YoSostenido&#8217; de V\u00edctor El\u00edas, \u00abel mediano de Los Serrano\u00bb&#8230; y m\u00fasico"},"content":{"rendered":"<p class=\"article-text\">\n        \u201cPor cierto, que aunque no nos ve\u00e1is en la tele, estamos bien eh. De verdad, no os preocup\u00e9is\u201d. Es una de las \u00faltimas frases de <strong>V\u00edctor El\u00edas<\/strong> en <strong>#YoSostenido. Sonata para juguete roto<\/strong>, la obra de teatro sobre su propia vida que \u00e9l mismo protagoniza, y que permite conocer la \u201chistoria de un juguete casi roto\u201d, como se subtitulaba su libro hom\u00f3nimo. La historia de uno de esos \u201cni\u00f1os prodigio\u201d que acab\u00f3 siendo adicto a las drogas cuando la fama jug\u00f3 en su contra.\n    <\/p>\n<p>    <a href=\"https:\/\/www.eldiario.es\/cultura\/libros\/victor-elias-chavales-padres-alcoholicos-tuve-suerte-serrano-evadirme_1_11871085.html\" data-mrf-recirculation=\"saber-mas\" data-dl-event=\"saber-mas\" rel=\"nofollow noopener\" target=\"_blank\"><\/p>\n<p class=\"know-more__title\">En elDiario.es | V\u00edctor El\u00edas: \u201cMuchos chavales tienen padres alcoh\u00f3licos, yo tuve la suerte de estar en &#8216;Los Serrano&#8217; para evadirme\u201d<\/p>\n<p>            <img decoding=\"async\" class=\"lazy\" loading=\"lazy\" data-src=\"https:\/\/static.eldiario.es\/clip\/bf8f3c05-54b9-4191-9596-43df4e33c2da_16-9-aspect-ratio_default_0_x1966y536.jpg\" src=\"data:image\/svg+xml,%3Csvg xmlns=\" http:=\"\" viewbox=\"0 0 880 495\" alt=\"V\u00edctor El\u00edas: \u201cMuchos chavales tienen padres alcoh\u00f3licos, yo tuve la suerte de estar en 'Los Serrano' para evadirme\u201d\"\/><\/p>\n<p>                        <\/a><\/p>\n<p class=\"article-text\">\n        El mismo d\u00eda en el que su excompa\u00f1ero de reparto en <strong>Los Serrano<\/strong> y de m\u00fasica en <strong>Santa Justa Klan<\/strong>, Adri\u00e1n Rodr\u00edguez, comunicaba que <a href=\"https:\/\/www.eldiario.es\/vertele\/noticias\/adrian-rodriguez-comunica-vuelve-ponerse-tratamiento-drogadiccion-vez-no-hay-tiempo_1_12757502.html\" data-mrf-recirculation=\"links-noticia\" class=\"link\" rel=\"nofollow noopener\" target=\"_blank\">vuelve a ponerse en tratamiento<\/a> por su drogadicci\u00f3n, V\u00edctor El\u00edas y su familia (de amigos y compa\u00f1eros) han demostrado su valent\u00eda por triplicado al estrenar en Madrid la <strong>tercera temporada<\/strong> de este montaje que llega avalado por los resultados de sus dos primeras temporadas, y que les llevar\u00e1 de gira por toda Espa\u00f1a tras pasar ya este a\u00f1o por M\u00e1laga, Valladolid, Zaragoza, Vigo, Arganda, Lebrija o Valencia, y que ir\u00e1 ampliando fechas.\n    <\/p>\n<ul>\n<li><strong>Madrid <\/strong>(<a href=\"https:\/\/entradas.teatrosluchana.es\/teatrosluchana\/events\/33030?sessionView=LIST&amp;_gl=1*f2gri1*_gcl_au*MTg2OTQwMDI4NS4xNzYyNDMyMTkz*_ga*ODI2ODUyMjk1LjE3NjI0MzIxOTI.*_ga_26WNX6VWNG*czE3NjI4NzgzNTUkbzIkZzAkdDE3NjI4NzgzNTUkajYwJGwwJGgw\" target=\"_blank\" data-mrf-recirculation=\"links-noticia\" rel=\"nofollow noopener\">Teatros Luchana<\/a>): 13 noviembre, 20 noviembre, 27 noviembre, 3 diciembre, 11 diciembre, 18 diciembre, 26 diciembre.<\/li>\n<\/ul>\n<p class=\"article-text\">\n        \u201cHan demostrado\u201d, en plural, porque sobre el escenario, mientras se repasa de una forma amena y creativa los \u00e9xitos y tambi\u00e9n fracasos que ha vivido V\u00edctor El\u00edas, est\u00e1 su falso \u201cprimo\u201d, que en realidad es el actorazo <strong>Javier M\u00e1rquez<\/strong> (Felicidad, La Estupidez, Mitad del Mundo). \u00c9l pone el necesario contrapunto c\u00f3mico, un agradecido desahogo ante los duros golpes que va narrando el protagonista, para lograr \u201cromper\u201d con risas los momentos m\u00e1s intensos e incluso lacrim\u00f3genos. Juntos hacen volar el trabajado texto del premiado dramaturgo malague\u00f1o <strong>Pablo D\u00edaz Morilla<\/strong>, capaz de condensar en 90 minutos los hitos de una vida poco habitual, y bastante ca\u00f3tica.\n    <\/p>\n<p class=\"article-text\">\n        Juntos tambi\u00e9n demuestran que cuando la familia de sangre ya no est\u00e1, hay otra para sostenernos. Porque el director de la obra es <strong>Fran Perea<\/strong>, y entre los muchos asistentes de su regreso a los Teatros Luchana se encuentran Natalia S\u00e1nchez y Antonio Resines. Los Serrano quedaron muy atr\u00e1s, y ese Guille en realidad no existi\u00f3 ni existe, pero la familia sigue adelante apoyando a uno de sus miembros que narra c\u00f3mo la constancia le vali\u00f3 para ser actor desde ni\u00f1o, y para llegar a ser un gran m\u00fasico y director musical que ha girado junto a Pablo L\u00f3pez, Dani Fern\u00e1ndez o Taburete. Y tambi\u00e9n con su \u201chermano\u201d Fran Perea. Y tambi\u00e9n con su ahora pareja, Ana Guerra.\n    <\/p>\n<p class=\"article-text\">\n        De todo ello, sin excepci\u00f3n, se habla en una obra que resulta especialmente dura por lo que narra de sus padres, siendo su madre una actriz que le hizo crecer en brazos de Rossy de Palma, Beatriz Carvajal o Carmen Conesa; y su padre otro ni\u00f1o prodigio tocando el arpa y cantando bolores. Dura tambi\u00e9n por lo que descubre a los espectadores asistentes sobre c\u00f3mo era su vida mientras grababa Los Serrano y todo el mundo le conoc\u00eda. Y que sirve como <strong>homenaje<\/strong>, poni\u00e9ndose simplemente como un ejemplo m\u00e1s, a todos esos<strong> \u201cni\u00f1os prodigio\u201d<\/strong> que durante el \u00faltimo siglo el show y la fama utiliz\u00f3 hasta que pasaron de moda o consideraron que ya no les serv\u00edan.\n    <\/p>\n<p class=\"article-text\">\n        \u00c9l, como otros, simplemente eligi\u00f3 su camino. El de ser actor&#8230; y m\u00fasico. El de ser lo que sea&#8230; y m\u00fasico. Y <strong>en escena lo cuenta junto a su piano<\/strong>, demostrando que la constancia le hizo superar \u201clo que dicen los padres\u201d, con un comentario que se le qued\u00f3 clavado sobre que si ya era un buen actor, se centrase en ello y no intentase ser tan buen m\u00fasico. Para todos los que le hemos visto crecer, una obra necesaria para recordarnos que tras los personajes hay personas, y que incluso en su punto m\u00e1s \u00e1lgido de fama no sabemos qu\u00e9 est\u00e1 siendo de sus vidas.\n    <\/p>\n<p>    <strong>As\u00ed es &#8216;#YoSostenido&#8217;<\/strong><\/p>\n<p class=\"article-text\">\n        El montaje, cuajado de m\u00fasica en directo interpretada por el protagonista, revela el recorrido vital de V\u00edctor El\u00edas <strong>en clave de tragicomedia<\/strong>. Aprovechando el repaso de su vida, El\u00edas aborda <strong>los prejuicios, los miedos y la valent\u00eda<\/strong> que hay que tener para superarlos. La obra muestra c\u00f3mo aprender a re\u00edrse de uno mismo y de la imagen que se proyecta de nosotros. Es decir, de sostenerse y de que te sostengan.\n    <\/p>\n<p class=\"article-text\">\n        El director <strong>Fran Perea<\/strong> recuerda que en sus montajes no se dan las respuestas a cuestiones como \u00bfqu\u00e9 es el \u00e9xito? \u00bfTenemos una imagen distorsionada de la vida de los personajes p\u00fablicos? \u00bfEs posible salir del camino que se supone que tenemos marcado?, sino que se invita al p\u00fablico a plante\u00e1rselas y a buscar sus propias ideas: \u201cNo tenemos respuestas, pero nos encantar\u00e1 que el p\u00fablico nos acompa\u00f1e en este relato sincero, divertido y tambi\u00e9n descarnado\u201d.\n    <\/p>\n<p class=\"article-text\">\n        El autor <strong>Pablo D\u00edaz Morilla<\/strong> reconoce que las dudas sobre adaptar como obra la vida de alguien de 36 a\u00f1os se disiparon r\u00e1pido al conocer a V\u00edctor El\u00edas: \u201cLa primera de muchas conversaciones con V\u00edctor me demostr\u00f3 que estaba muy equivocado: supe que ten\u00eda un gran personaje, uno que tiene un objetivo muy claro y dif\u00edcil de conseguir y por el que lleva peleando a\u00f1os, supe que caben muchos giros de trama en una vida tan corta, y que la tensi\u00f3n dram\u00e1tica puede ser una constante para ciertas personas\u201d.\n    <\/p>\n<p class=\"article-text\">\n        En #YoSostenido, <strong>V\u00edctor El\u00edas<\/strong> se desnuda, aborda su vida, su condici\u00f3n de juguete roto, la especial relaci\u00f3n con sus padres\u2026 Era un profesional de la interpretaci\u00f3n con 6 a\u00f1os, un barco a la deriva a los 20, es un tipo que ha peleado por cumplir sus sue\u00f1os con 30\u2026 Hay vidas con un orden l\u00f3gico y otras, como la suya, m\u00e1s desordenadas y ca\u00f3ticas. \u201cTen\u00eda la necesidad de gritar lo feliz que soy ahora como m\u00fasico, y de hacerlo a trav\u00e9s de la interpretaci\u00f3n que es el medio por el que m\u00e1s me conoce la gente. Es una oda a lo feliz que soy con lo que tengo hoy\u201d, celebra el protagonista.\n    <\/p>\n<p>    <a href=\"https:\/\/www.eldiario.es\/vertele\/noticias\/rosalia-llego-revuelta-reunion-vecinos-famosos-dedicar-broncano-perla-desvelar-significado_1_12756991.html\" data-mrf-recirculation=\"saber-mas-abajo\" data-dl-event=\"saber-mas-abajo\" rel=\"nofollow noopener\" target=\"_blank\"><\/p>\n<p class=\"know-more__title\">Rosal\u00eda lleg\u00f3 a &#8216;La Revuelta&#8217; tras una reuni\u00f3n de vecinos famosos, dedic\u00f3 a Broncano &#8216;La Perla&#8217; y desvel\u00f3 su mensaje<\/p>\n<p>            <img decoding=\"async\" class=\"lazy\" loading=\"lazy\" data-src=\"https:\/\/static.eldiario.es\/clip\/b586fb09-e31a-4962-a8ca-85014974c272_16-9-aspect-ratio_default_0.jpg\" src=\"data:image\/svg+xml,%3Csvg xmlns=\" http:=\"\" viewbox=\"0 0 880 495\" alt=\"Rosal\u00eda lleg\u00f3 a 'La Revuelta' tras una reuni\u00f3n de vecinos famosos para dedicar a Broncano 'La Perla' y desvelar su significado\"\/><\/p>\n<p>                        <\/a><\/p>\n<p class=\"article-text\">\n        La valent\u00eda tambi\u00e9n alcanza a Javier M\u00e1rquez, porque junto a Fran Perea y a Ainhoa Santamar\u00eda forman <strong>Feelgood Teatro<\/strong>, compa\u00f1\u00eda productora de la obra junto al propio V\u00edctor El\u00edas y Marea GlobalCOM. En la que es su sexta direcci\u00f3n teatral, Fran Perea recalca el simbolismo de esta producci\u00f3n: <strong>\u201cV\u00edctor es un hermano que no ten\u00eda y que la vida me regal\u00f3<\/strong>. Hemos pasado por muchas maneras de relacionarnos: hijos de Resines en la ficci\u00f3n, compa\u00f1eros en el teatro, alumnos en la misma escuela de m\u00fasica, socios en la aventura musical\u2026 Pero nunca hab\u00edamos sido director y actor, y lo afrontamos con una ilusi\u00f3n inmensa\u201d.\n    <\/p>\n","protected":false},"excerpt":{"rendered":"\u201cPor cierto, que aunque no nos ve\u00e1is en la tele, estamos bien eh. De verdad, no os preocup\u00e9is\u201d.&hellip;\n","protected":false},"author":2,"featured_media":230934,"comment_status":"","ping_status":"","sticky":false,"template":"","format":"standard","meta":{"footnotes":""},"categories":[171],"tags":[15279,146,147,25,24,60451,6491,1515,23,1152,2393,214,60449,1780,60450],"class_list":{"0":"post-230933","1":"post","2":"type-post","3":"status-publish","4":"format-standard","5":"has-post-thumbnail","7":"category-tv","8":"tag-elias","9":"tag-entertainment","10":"tag-entretenimiento","11":"tag-es","12":"tag-espana","13":"tag-mediano","14":"tag-musico","15":"tag-serrano","16":"tag-spain","17":"tag-temporada","18":"tag-tercera","19":"tag-tv","20":"tag-valentia","21":"tag-victor","22":"tag-yosostenido"},"share_on_mastodon":{"url":"https:\/\/pubeurope.com\/@es\/115532822305843049","error":""},"_links":{"self":[{"href":"https:\/\/www.europesays.com\/es\/wp-json\/wp\/v2\/posts\/230933","targetHints":{"allow":["GET"]}}],"collection":[{"href":"https:\/\/www.europesays.com\/es\/wp-json\/wp\/v2\/posts"}],"about":[{"href":"https:\/\/www.europesays.com\/es\/wp-json\/wp\/v2\/types\/post"}],"author":[{"embeddable":true,"href":"https:\/\/www.europesays.com\/es\/wp-json\/wp\/v2\/users\/2"}],"replies":[{"embeddable":true,"href":"https:\/\/www.europesays.com\/es\/wp-json\/wp\/v2\/comments?post=230933"}],"version-history":[{"count":0,"href":"https:\/\/www.europesays.com\/es\/wp-json\/wp\/v2\/posts\/230933\/revisions"}],"wp:featuredmedia":[{"embeddable":true,"href":"https:\/\/www.europesays.com\/es\/wp-json\/wp\/v2\/media\/230934"}],"wp:attachment":[{"href":"https:\/\/www.europesays.com\/es\/wp-json\/wp\/v2\/media?parent=230933"}],"wp:term":[{"taxonomy":"category","embeddable":true,"href":"https:\/\/www.europesays.com\/es\/wp-json\/wp\/v2\/categories?post=230933"},{"taxonomy":"post_tag","embeddable":true,"href":"https:\/\/www.europesays.com\/es\/wp-json\/wp\/v2\/tags?post=230933"}],"curies":[{"name":"wp","href":"https:\/\/api.w.org\/{rel}","templated":true}]}}