{"id":230945,"date":"2025-11-11T20:00:11","date_gmt":"2025-11-11T20:00:11","guid":{"rendered":"https:\/\/www.europesays.com\/es\/230945\/"},"modified":"2025-11-11T20:00:11","modified_gmt":"2025-11-11T20:00:11","slug":"xiaomi-presenta-su-black-friday-la-mejor-oportunidad-para-cambiar-tu-movil-viejo-por-uno-nuevo-y-mucho-mejor-el-espanol","status":"publish","type":"post","link":"https:\/\/www.europesays.com\/es\/230945\/","title":{"rendered":"Xiaomi presenta su Black Friday: la mejor oportunidad para cambiar tu m\u00f3vil viejo por uno nuevo y mucho mejor &#8211; El Espa\u00f1ol"},"content":{"rendered":"<ol>\n<li><a href=\"https:\/\/news.google.com\/rss\/articles\/CBMi-AFBVV95cUxNQUhzX09HVFhBZWJXRWE5aFloSmtpc2Q4TkhHenJyNlotblBlTW1VMVhwZVItb2gxTVc3TTdtMUc5aDZ6M2dhdFVOeXlxbF9tVjNBRUEtWnhndUt6WkR0dlZnd2sta3I5UlBvV1JiQkRVTk45MFY3SEtoeHpCZzVISnZ4cTBNemxOV1Q1LUp6R2tiS2diSjFqMTdjNkxFVC1zZ0Nkb0pLUml4S3FUcXZaTllBcHJ4ODNqRUZjcHRmZ0ZITVUxYU9QMkhKTXY0QUZ4LXJaeWJldHFQMmc1YjVKNWwwQjlfdWl5ZjFZSDIxWVB0X3VqMHBJLdIB_gFBVV95cUxQVzRxM0FEeUEzenIydE5PSWdNc2Z6QmJ6TzRNYjFTX0l1MXFMclhKdnkwZ2dEMl94S0pkaGxaU3RNS0hZODdHWkxnNHQ2aThJRXF5T3pZV0ZlMFdVSVFFUzdoa09MbkxWV0U3bEt3UXVpSU4wRWJwaXRuZGFxZ01oZ2kxWlluVzJZR1lTTFFLMEdnRkN0TmVMLTVjSEFNMmhwZU1kLTNOX2xqc2p1NEs0ZGs3RVJMUDJRLXNiTm9zQ2U0WWhOcUdpLXhxZkJEOFNUTklteGoyRFhDVy1STlBnR0FiN1FVbWVkUE9vcWdnclpEMENSd0wwVGFwNGxlUQ?oc=5\" target=\"_blank\" rel=\"nofollow noopener\">Xiaomi presenta su Black Friday: la mejor oportunidad para cambiar tu m\u00f3vil viejo por uno nuevo y mucho mejor<\/a>&nbsp;&nbsp;El Espa\u00f1ol<\/li>\n<li><a href=\"https:\/\/news.google.com\/rss\/articles\/CBMigwJBVV95cUxPamJBTWN3RnVxQWRKVzJNNzUxa3N0TnBsM1l6ZnM1ZWF3c25Ua3BPZlRFVXpyM0dINmxmNmZSZkMzU2lXWTJ0THdMd1A0ZlExSVhIeURvQmY1Q29XTDFEOVg4TVp3dWdjREZkMHRoLS1mX18tUWptZGtOWGdubDZzMnJRV3BLYjAtaEx5Z3ROWVFIU1pCUWVza19uRkFGaGNUNTJ6VDBqVVZCUHkyT3NnaEF0cm5aYmhhVWs1Y2p4NmMtbXh2NnlLaXBwVERyRVJwbmZSaEZwMzdvRFVJWUtUWGVrV1BiOVEzZ2M0V21adDd3THBwVUtXODdSQU40ZHR3VEQ00gGXAkFVX3lxTE1NbmVVYVdKUWdTYlJ3dW5pMWxRaFZEMUVTUDh4UWFsRF85Szc3NkxaUktQWGJOR1M5MnpxQjhycXJKd0VzOFFMV3FBN0V5N3N1ZzlDYlRHZ0NEblhBckt6MzJ2UEYxS1NiMzFNWWhpeTRmWVlSUXdPUlRhXzNYU1l5S3VhM0NzZVZrVmFEZWxRaEI5OUt2ajRFMFVXb0hpNE90ckJOQmJmVU96N05teHN4dWhDbVZPQzU3SjVtUFJqZ090OWhIV3l0ZGc0RUhfM3hkd09zTTltZFFQMDV2RUVnQkpINkJGM0dKT1p5cDVuX0FnbEpOM1h1V19Ya1FVTHRjX0I1bm10Tkt3MjhiTXJhQXVzcW5RYw?oc=5\" target=\"_blank\" rel=\"nofollow noopener\">Al precio que se conseguir actualmente este m\u00f3vil Redmi de gama media, hace que no tenga competencia<\/a>&nbsp;&nbsp;La Raz\u00f3n<\/li>\n<li><a href=\"https:\/\/news.google.com\/rss\/articles\/CBMisAFBVV95cUxQeWtTNEh3azJqQ1JBWnZVaWFvRVJtN1Y2OWEyWEdoQUFBX2VieTlObHVqQkxuSDhRV1dvWmRKcmZad0MwQjhFcHNvTmV0WUdvcFRDMGR3RDhkbmk1VEVPbzc2cU9VQU9tT1VNRlBxT1gzSEJSNmhWUVpsMEtQMWJDLXFuaDFFUnR6OWZWUnNBVE5HQmhxV0NjNzBHZDVHRjZ6RkpOUVdlTjl1NGhmYk9pbtIBtgFBVV95cUxOSXhhV0s3RzdmM054OWtyUktiTE5XQWpKMENxUnRWNGI0dTZyVUVfa29kMkxQd0Z2Sk1ncGJ6LU5aVDVJeDBXaENHVklrRDUyX0tWTXhWM3pfRFQ5LUluNmJ5X29WOTdKcXRHQkF1N3VlbGloWXN3R1pKNThWMkNicEZUWUZ1bUJYSURadi0tanRJSDdGTlhXSGdXZFRNSk4ybTNHTHRIaTlhNEJhbk1vRUViaTVJdw?oc=5\" target=\"_blank\" rel=\"nofollow noopener\">El 11\/11 de AliExpress deja este m\u00f3vil Xiaomi de gama media (pero con apellido Pro) por poco m\u00e1s de 200&#8230;<\/a>&nbsp;&nbsp;Xataka<\/li>\n<li><a href=\"https:\/\/news.google.com\/rss\/articles\/CBMixwFBVV95cUxNcUJicWpKT0d6b3JBZWpRcUhyaEk5MDJGZEZtV2xIUTRoWTJTNlFRVXBvQ0dveDl1WFpxNUUwTF9ORnF4NHlSNFc4UDIxVnNudUkzdWtsWXRybW5YZ3dnSVgxY2s5NUZtU1UwamU1aEJwVUlPLXB2ZFh1Zng2Vm11ZUg4Mk5GbmdzMHA2eW5wc2laRkVyemx5T093NGEzY2doV3d6T2xWbU5SSXV2WFNPcmFKUUd6a1dNU2pFRlRqNExENTNEN2pz?oc=5\" target=\"_blank\" rel=\"nofollow noopener\">\u00bfQu\u00e9 m\u00f3vil comprar por menos de 250 euros? Este Xiaomi de 200MP da la sorpresa<\/a>&nbsp;&nbsp;ABC<\/li>\n<li><a href=\"https:\/\/news.google.com\/rss\/articles\/CBMi2AFBVV95cUxQNkxfbTY4N1VOX0RTa19IOGc5NnFUdHBndmpoVlE2ZzB3LVdoS0VlYy1qQ3RnTkN2cFo3QjA5Ykt5R24wV3N1bmxPTE9MamNVRzU4QVdDenBVSUNuckUtMjVXY2t0WXhHeXg0SHR1dTRCeTRxQW53dE11UDZXM3FBYWgtZ0JMNUl0eXcwZThmeTBtWG5ac0lYZUZOYmxCbEFwQlJ3Vm1xYUItYzJMQmxEMXctaGRzWEFydVczbklhSWY3dWpLVFd5SXdTYkJlZ29sZHI2NE8zQlo?oc=5\" target=\"_blank\" rel=\"nofollow noopener\">El Redmi Note 14 Pro Plus est\u00e1 al 54% de descuento, y es perfecto para el 97% de los espa\u00f1oles en su d\u00eda a d\u00eda<\/a>&nbsp;&nbsp;Gizmodo en Espa\u00f1ol<\/li>\n<\/ol>\n","protected":false},"excerpt":{"rendered":"Xiaomi presenta su Black Friday: la mejor oportunidad para cambiar tu m\u00f3vil viejo por uno nuevo y mucho&hellip;\n","protected":false},"author":2,"featured_media":230551,"comment_status":"","ping_status":"","sticky":false,"template":"","format":"standard","meta":{"footnotes":""},"categories":[81],"tags":[119,123,124,25,24,117,121,122,23,118,120],"class_list":{"0":"post-230945","1":"post","2":"type-post","3":"status-publish","4":"format-standard","5":"has-post-thumbnail","7":"category-ciencia-y-tecnologia","8":"tag-ciencia","9":"tag-ciencia-y-tecnologia","10":"tag-cienciaytecnologia","11":"tag-es","12":"tag-espana","13":"tag-science","14":"tag-science-and-technology","15":"tag-scienceandtechnology","16":"tag-spain","17":"tag-technology","18":"tag-tecnologia"},"share_on_mastodon":{"url":"https:\/\/pubeurope.com\/@es\/115532845909350494","error":""},"_links":{"self":[{"href":"https:\/\/www.europesays.com\/es\/wp-json\/wp\/v2\/posts\/230945","targetHints":{"allow":["GET"]}}],"collection":[{"href":"https:\/\/www.europesays.com\/es\/wp-json\/wp\/v2\/posts"}],"about":[{"href":"https:\/\/www.europesays.com\/es\/wp-json\/wp\/v2\/types\/post"}],"author":[{"embeddable":true,"href":"https:\/\/www.europesays.com\/es\/wp-json\/wp\/v2\/users\/2"}],"replies":[{"embeddable":true,"href":"https:\/\/www.europesays.com\/es\/wp-json\/wp\/v2\/comments?post=230945"}],"version-history":[{"count":0,"href":"https:\/\/www.europesays.com\/es\/wp-json\/wp\/v2\/posts\/230945\/revisions"}],"wp:featuredmedia":[{"embeddable":true,"href":"https:\/\/www.europesays.com\/es\/wp-json\/wp\/v2\/media\/230551"}],"wp:attachment":[{"href":"https:\/\/www.europesays.com\/es\/wp-json\/wp\/v2\/media?parent=230945"}],"wp:term":[{"taxonomy":"category","embeddable":true,"href":"https:\/\/www.europesays.com\/es\/wp-json\/wp\/v2\/categories?post=230945"},{"taxonomy":"post_tag","embeddable":true,"href":"https:\/\/www.europesays.com\/es\/wp-json\/wp\/v2\/tags?post=230945"}],"curies":[{"name":"wp","href":"https:\/\/api.w.org\/{rel}","templated":true}]}}