{"id":230954,"date":"2025-11-11T20:09:12","date_gmt":"2025-11-11T20:09:12","guid":{"rendered":"https:\/\/www.europesays.com\/es\/230954\/"},"modified":"2025-11-11T20:09:12","modified_gmt":"2025-11-11T20:09:12","slug":"su-ultimo-gran-exito-fuera-de-la-cancha","status":"publish","type":"post","link":"https:\/\/www.europesays.com\/es\/230954\/","title":{"rendered":"su \u00faltimo gran \u00e9xito fuera de la cancha"},"content":{"rendered":"<p id=\"ezAtQv8Irg\" data-wc=\"152\">El 26 de junio de 2024, la WTA anunci\u00f3 un hecho hist\u00f3rico<a class=\"hm-link ho-link\" href=\"https:\/\/www.hola.com\/actualidad\/20241004721398\/garbine-muguruza-arthur-borges-todo-lo-que-sabemos-boda-marbella\/\" data-mrf-recirculation=\"article-body-link\" rel=\"nofollow noopener\" target=\"_blank\">: la exn\u00famero 1 del mundo, Garbi\u00f1e Muguruza,\u00a0<\/a>asumir\u00eda la direcci\u00f3n del WTA Finals Riad, el torneo que cierra la temporada del Hologic WTA Tour. Con este nombramiento, se convirti\u00f3 en la primera exjugadora en liderar la organizaci\u00f3n de la joya de la corona del tenis femenino, un torneo que ella misma hab\u00eda conquistado en 2021, dejando su huella imborrable en la historia de la competici\u00f3n. La edici\u00f3n celebrada del 2 al 9 de noviembre debut\u00f3 bajo su direcci\u00f3n, marcando un hito no solo profesional sino tambi\u00e9n personal porque adem\u00e1s afront\u00f3 este desaf\u00edo en un momento muy especial de su vida: la recta final de su embarazo, un detalle que a\u00f1ade una dimensi\u00f3n emocional y simb\u00f3lica \u00fanica a su participaci\u00f3n, y que refleja la fuerza, la <strong>pasi\u00f3n y la dedicaci\u00f3n que la han acompa\u00f1ado a lo largo de toda su carrera.<\/strong><\/p>\n<p> <img src=\"https:\/\/www.europesays.com\/es\/wp-content\/uploads\/2025\/11\/edf2a5ce947e-g5aeod0xuaium9o.jpg\"   width=\"1024\" height=\"682\" loading=\"lazy\" decoding=\"async\" alt=\"Garbi\u00f1e Muguruza\" fetchpriority=\"auto\" class=\"image ho-image\"\/>\u00a9 @GarbiMuguruza<\/p>\n<p> <img src=\"https:\/\/www.europesays.com\/es\/wp-content\/uploads\/2025\/11\/1cafc6a4bdee-gar.jpg\"   width=\"1024\" height=\"682\" loading=\"lazy\" decoding=\"async\" alt=\"Garbi\u00f1e Muguruza\" fetchpriority=\"auto\" class=\"image ho-image\"\/>\u00a9 garbimuguruza<\/p>\n<p class=\"\" id=\"e59DjYDFi1S\" data-wc=\"167\">Garbi\u00f1e Muguruza ha trabajado en esta fecha tan especial para el deporte c<strong>on la WTA, la Federaci\u00f3n Saud\u00ed de Tenis y el Ministerio de Deportes para supervisar la planificaci\u00f3n estrat\u00e9gica y el evento durante los pr\u00f3ximos tres a\u00f1os (2024-26).\u00a0<\/strong>En concreto, est\u00e1 volcada en aumentar el perfil del tenis en todo Oriente Medio y desempe\u00f1ar\u00e1 un papel central en la promoci\u00f3n de estilos de vida saludables entre los j\u00f3venes de toda la regi\u00f3n. \u00abEs un rol bastante amplio. Est\u00e1s involucrado en muchos temas de operaciones, de poner todo a punto; al final es un trabajo de muchos meses. Organizar un evento, hacer trabajo en equipo. Pero mi rol principal es asegurarme que las jugadoras tienen el m\u00e1ximo nivel de calidad, de todo lo que puedan esperar y necesitar y que todo est\u00e9 listo para cuando lleguen. Que se sientan muy bien tratadas con todo lo que necesiten y tengan una cara familiar como la m\u00eda para que se puedan sentir c\u00f3modas\u00bb, declar\u00f3 durante una rueda de prensa.\u00a0<\/p>\n<p> <img src=\"https:\/\/www.europesays.com\/es\/wp-content\/uploads\/2025\/11\/b1e13ad3a701-g5aeoduxwaaxphx.jpg\"   width=\"1024\" height=\"682\" loading=\"lazy\" decoding=\"async\" alt=\"Garbi\u00f1e Muguruza\" fetchpriority=\"auto\" class=\"image ho-image\"\/>\u00a9 @GarbiMuguruza<\/p>\n<p> <img src=\"https:\/\/www.europesays.com\/es\/wp-content\/uploads\/2025\/11\/99bc48c25714-muguru.jpg\"   width=\"1024\" height=\"682\" loading=\"lazy\" decoding=\"async\" alt=\"Garbi\u00f1e Muguruza\" fetchpriority=\"auto\" class=\"image ho-image\"\/>\u00a9 garbimuguruza<\/p>\n<p id=\"eV2SgWPH1GT\" data-wc=\"133\">Durante el evento deportivo,<a class=\"hm-link ho-link\" href=\"https:\/\/www.hola.com\/actualidad\/20241009722798\/garbine-muguruza-arthur-borges-boda-detalles-imagenes\/\" data-mrf-recirculation=\"article-body-link\" rel=\"nofollow noopener\" target=\"_blank\">\u00a0la ganadora de dos trofeos de Grand Slam, obtenidos en Roland-Garros 2016 y Wimbledon 2017<\/a> \u2014victorias que la convirtieron en la \u00fanica jugadora en derrotar a Serena y Venus Williams en una final de Grand Slam\u2014 protagoniz\u00f3 varios momentos que pasar\u00e1n a la historia del tenis. Entre ellos, junto a su compa\u00f1era y tambi\u00e9n ex n\u00famero 1 del mundo Simona Halep, entreg\u00f3 a Aryna Sabalenka, quien finaliz\u00f3 el a\u00f1o como n\u00famero 1, el Trofeo Chris Evert a la l\u00edder de la WTA. Asimismo, junto a Andrea Sestini Hlavackova, campeona de dobles de las Finales WTA 2017 y ex n\u00famero 3 del mundo en esa disciplina, se uni\u00f3 a la directora para entregar a Katerina Siniakova el trofeo que la consagra como n\u00famero 1 del mundo al finalizar el a\u00f1o.<\/p>\n<p> <img src=\"https:\/\/www.europesays.com\/es\/wp-content\/uploads\/2025\/11\/6a4ee3c832d0-g5aeodtwsaaxbt4.jpg\"   width=\"1024\" height=\"682\" loading=\"lazy\" decoding=\"async\" alt=\"Garbi\u00f1e Muguruza\" fetchpriority=\"auto\" class=\"image ho-image\"\/>\u00a9 @GarbiMuguruza<\/p>\n<p> <img src=\"https:\/\/www.europesays.com\/es\/wp-content\/uploads\/2025\/11\/f07a8f8cbf43-mug.jpg\"   width=\"1024\" height=\"682\" loading=\"lazy\" decoding=\"async\" alt=\"Garbi\u00f1e Muguruza\" fetchpriority=\"auto\" class=\"image ho-image\"\/>\u00a9 garbimuguruza<\/p>\n<p> <img src=\"https:\/\/www.europesays.com\/es\/wp-content\/uploads\/2025\/11\/b087cf7579b4-mugur.jpg\"   width=\"1024\" height=\"682\" loading=\"lazy\" decoding=\"async\" alt=\"Garbi\u00f1e Muguruza\" fetchpriority=\"auto\" class=\"image ho-image\"\/>\u00a9 garbimuguruza<\/p>\n<p id=\"eZXSFVs4VA6\" data-wc=\"101\">A este gran momento profesional se suma su gran momento personal, ya que Garbi\u00f1e Muguruza <a class=\"hm-link ho-link\" href=\"https:\/\/www.hola.com\/actualidad\/20250928858357\/garbine-muguruza-embarazada-primer-hijo\/\" data-mrf-recirculation=\"article-body-link\" rel=\"nofollow noopener\" target=\"_blank\">va a ser mam\u00e1 primeriza<\/a>, cumpliendo as\u00ed uno de sus grandes sue\u00f1os vitales que, dentro de pocos meses, se har\u00e1 realidad. Tiempo atr\u00e1s, al hablar de la maternidad, nos confesaba a \u00a1HOLA! cu\u00e1l era su &#8216;hoja de ruta&#8217; para llegar a este punto tan deseado y especial. \u00abMe gustar\u00eda tener una familia, pero la decisi\u00f3n es un poco complicada. Mi sensaci\u00f3n es que el d\u00eda que lo decida ser\u00e1 cuando ya no me vea jugando m\u00e1s\u00bb, reconoc\u00eda la deportista hispano-venezolana con el coraz\u00f3n en la mano.\u00a0<\/p>\n<p> <img src=\"https:\/\/www.europesays.com\/es\/wp-content\/uploads\/2025\/11\/45ed6b5a6819-g5aeodsxeaex6tc.jpg\"   width=\"682\" height=\"1024\" loading=\"lazy\" decoding=\"async\" alt=\"Garbi\u00f1e Muguruza\" fetchpriority=\"auto\" class=\"image ho-image\"\/>\u00a9 @GarbiMuguruza<\/p>\n<p> <img src=\"https:\/\/www.europesays.com\/es\/wp-content\/uploads\/2025\/11\/5b7cf04bab57-dlu580994235.jpg\"   width=\"1024\" height=\"682\" loading=\"lazy\" decoding=\"async\" alt=\"Garbi\u00f1e Muguruza y Arthur Borges\" fetchpriority=\"auto\" class=\"image ho-image\"\/>\u00a9 GTRES<\/p>\n<p id=\"e7g-3UoyXD\" data-wc=\"108\">Ahora, su sue\u00f1o de formar una familia junto a Arthur Borges, con quien se dio el \u201cs\u00ed, quiero\u201d el 5 de octubre de 2024 tras tres a\u00f1os de relaci\u00f3n, en la finca La Concepci\u00f3n de Marbella, se hace realidad. La localidad malague\u00f1a est\u00e1 estrechamente vinculada a su historia de amor, ya que fue all\u00ed donde su marido la sorprendi\u00f3 pidi\u00e9ndole matrimonio durante la primavera de 2023. Sin duda, un escenario de cuento en el que dieron un paso m\u00e1s en su bonita historia, que pronto <strong>tendr\u00e1 su colof\u00f3n con el nacimiento de su beb\u00e9, previsto entre mediados y finales de enero, marcando un comienzo de 2026 realmente inigualable.<\/strong><\/p>\n<p> <img src=\"https:\/\/www.europesays.com\/es\/wp-content\/uploads\/2025\/11\/8e0173602663-dlu555495037.jpg\"   width=\"1024\" height=\"684\" loading=\"lazy\" decoding=\"async\" alt=\"Garbi\u00f1e Muguruza y Arthur Borges\" fetchpriority=\"auto\" class=\"image ho-image\"\/>\u00a9 GTRES<br \/>\nLa rom\u00e1ntica historia de amor de Garbi\u00f1e Muguruza y Arthur Borges<\/p>\n","protected":false},"excerpt":{"rendered":"El 26 de junio de 2024, la WTA anunci\u00f3 un hecho hist\u00f3rico: la exn\u00famero 1 del mundo, Garbi\u00f1e&hellip;\n","protected":false},"author":2,"featured_media":230955,"comment_status":"","ping_status":"","sticky":false,"template":"","format":"standard","meta":{"footnotes":""},"categories":[274],"tags":[517,634,168,25,24,45309,23,167,327,326],"class_list":{"0":"post-230954","1":"post","2":"type-post","3":"status-publish","4":"format-standard","5":"has-post-thumbnail","7":"category-tenis","8":"tag-actualidad","9":"tag-deporte","10":"tag-deportes","11":"tag-es","12":"tag-espana","13":"tag-garbine-muguruza","14":"tag-spain","15":"tag-sports","16":"tag-tenis","17":"tag-tennis"},"share_on_mastodon":{"url":"https:\/\/pubeurope.com\/@es\/115532881441784952","error":""},"_links":{"self":[{"href":"https:\/\/www.europesays.com\/es\/wp-json\/wp\/v2\/posts\/230954","targetHints":{"allow":["GET"]}}],"collection":[{"href":"https:\/\/www.europesays.com\/es\/wp-json\/wp\/v2\/posts"}],"about":[{"href":"https:\/\/www.europesays.com\/es\/wp-json\/wp\/v2\/types\/post"}],"author":[{"embeddable":true,"href":"https:\/\/www.europesays.com\/es\/wp-json\/wp\/v2\/users\/2"}],"replies":[{"embeddable":true,"href":"https:\/\/www.europesays.com\/es\/wp-json\/wp\/v2\/comments?post=230954"}],"version-history":[{"count":0,"href":"https:\/\/www.europesays.com\/es\/wp-json\/wp\/v2\/posts\/230954\/revisions"}],"wp:featuredmedia":[{"embeddable":true,"href":"https:\/\/www.europesays.com\/es\/wp-json\/wp\/v2\/media\/230955"}],"wp:attachment":[{"href":"https:\/\/www.europesays.com\/es\/wp-json\/wp\/v2\/media?parent=230954"}],"wp:term":[{"taxonomy":"category","embeddable":true,"href":"https:\/\/www.europesays.com\/es\/wp-json\/wp\/v2\/categories?post=230954"},{"taxonomy":"post_tag","embeddable":true,"href":"https:\/\/www.europesays.com\/es\/wp-json\/wp\/v2\/tags?post=230954"}],"curies":[{"name":"wp","href":"https:\/\/api.w.org\/{rel}","templated":true}]}}