{"id":230995,"date":"2025-11-11T20:37:09","date_gmt":"2025-11-11T20:37:09","guid":{"rendered":"https:\/\/www.europesays.com\/es\/230995\/"},"modified":"2025-11-11T20:37:09","modified_gmt":"2025-11-11T20:37:09","slug":"paris-jackson-muestra-su-tabique-nasal-perforado-si-es-por-lo-que-pensais-no-consumais-drogas-chicos","status":"publish","type":"post","link":"https:\/\/www.europesays.com\/es\/230995\/","title":{"rendered":"Paris Jackson muestra su tabique nasal perforado:\u00a0\u00abS\u00ed, es por lo que pens\u00e1is. No consum\u00e1is drogas, chicos\u00bb"},"content":{"rendered":"<p>\t\t\t \t\t \t\t\t\t\t\t\tCaptura de un v\u00eddeo donde Paris Jackson muestra la perforaci\u00f3n de su tabique nasal <strong class=\"pd-l\">Redes sociales, TikTok  <\/strong><\/p>\n<p>\t\t\t\t\t\tLa hija del rey del pop us\u00f3 su perfil de TikTok para\u00a0evidenciar el efecto que ha tenido el consumo de drogas en su nariz<br \/>\n\t\t\t\t\t\t\t\t\t\t\t\t<strong>11 nov 2025<\/strong> . Actualizado a las 17:20 h.\t\t\t\t\t\t<\/p>\n<p class=\"first-paragraph txt\"><strong>Paris Jackson<\/strong> utiliz\u00f3 sus redes sociales una vez m\u00e1s para <strong>mostrar los efectos que el consumo de drogas\u00a0ha tenido\u00a0en ella<\/strong>. Ahora hace <strong>casi seis a\u00f1os que se encuentra limpia<\/strong>. En enero de este a\u00f1o celebr\u00f3 sus <strong>cinco a\u00f1os de sobriedad <\/strong>con una serie de v\u00eddeos en los que muestra el proceso desde que comenz\u00f3 a tratarse hasta ahora. Y aunque la evoluci\u00f3n es notablemente a mejor,<strong> algunas consecuencias del abuso que hizo de estas sustancias a\u00fan persisten<\/strong>.\u00a0<\/p>\n<p class=\"txt\">El lunes 10 de noviembre public\u00f3 un v\u00eddeo\u00a0en el que hace referencia a una\u00a0<strong>especie de silbido que se escucha cuando respira<\/strong>:\u00a0\u00abSe debe a que tengo lo que se llama un<strong> tabique perforado, tambi\u00e9n conocido como septum<\/strong>\u00bb. La modelo y cantante explic\u00f3 que es distinto a un tabique desviado. Encendi\u00f3 la linterna de su m\u00f3vil e ilumin\u00f3 su cara para mostrar el orificio en su nariz.\u00a0<\/p>\n<blockquote class=\"tiktok-embed\" cite=\"https:\/\/www.tiktok.com\/@parisjacksonxx.lesly\/video\/7570845691988167956\" data-video-id=\"7570845691988167956\" data-embed-from=\"oembed\" style=\"max-width:605px; min-width:325px;\"><p>  <a target=\"_blank\" title=\"@parisjacksonxx.lesly\" href=\"https:\/\/www.tiktok.com\/@parisjacksonxx.lesly?refer=embed\" rel=\"nofollow noopener\">@parisjacksonxx.lesly<\/a> <\/p>\n<p>\u00f0\u009f\u00a9\u00b7<a title=\"parisjackson\" target=\"_blank\" href=\"https:\/\/www.tiktok.com\/tag\/parisjackson?refer=embed\" rel=\"nofollow noopener\">#parisjackson<\/a> <a title=\"parisjacksonfans\" target=\"_blank\" href=\"https:\/\/www.tiktok.com\/tag\/parisjacksonfans?refer=embed\" rel=\"nofollow noopener\">#parisjacksonfans<\/a> <a title=\"michaeljackson\" target=\"_blank\" href=\"https:\/\/www.tiktok.com\/tag\/michaeljackson?refer=embed\" rel=\"nofollow noopener\">#michaeljackson<\/a> <a title=\"fyp\" target=\"_blank\" href=\"https:\/\/www.tiktok.com\/tag\/fyp?refer=embed\" rel=\"nofollow noopener\">#fyp<\/a> <a title=\"jacksons\" target=\"_blank\" href=\"https:\/\/www.tiktok.com\/tag\/jacksons?refer=embed\" rel=\"nofollow noopener\">#jacksons<\/a> <\/p>\n<p> <a target=\"_blank\" title=\"\u00e2\u0099\u00ac sonido original - \u00f0\u009d\u0093\u009bess\u00f0\u009f\u008e\u0083\" href=\"https:\/\/www.tiktok.com\/music\/sonido-original-7570845720707746568?refer=embed\" rel=\"nofollow noopener\">\u00e2\u0099\u00ac sonido original &#8211; \u00f0\u009d\u0093\u009bess\u00f0\u009f\u008e\u0083<\/a>  <\/p><\/blockquote>\n<p class=\"txt\"><strong>\u00abY s\u00ed, es por lo que pens\u00e1is\u00bb<\/strong>, dijo la hija del rey del pop, con una t\u00edmida sonrisa. Enseguida advirti\u00f3, se\u00f1alando a c\u00e1mara:\u00a0<strong>\u00abNo\u00a0consum\u00e1is drogas, chicos\u00bb<\/strong>. Aunque asegur\u00f3 que \u00abcada uno es libre de hacer lo que quiera\u00bb y que no es qui\u00e9n para decir si deber\u00edan consumir sustancias o no, la actriz afirm\u00f3 que,<strong> en su caso, \u00able arruinaron la vida\u00bb<\/strong>.\u00a0<\/p>\n<p class=\"txt\">A su vez, explic\u00f3 por qu\u00e9 no se realiza una cirug\u00eda est\u00e9tica para arreglarlo: \u00abHace ya seis a\u00f1os que estoy sobria y, si me someto a la intervenci\u00f3n, <strong>voy a tener que tomar medicaci\u00f3n, y no quiero meterme con eso<\/strong>\u00bb. Cont\u00f3 que <strong>desde que tiene 20 a\u00f1os vive con la nariz perforada<\/strong> y que es molesto\u00a0a la hora de\u00a0grabar voces en el estudio.\u00a0Por \u00faltimo, termin\u00f3 el v\u00eddeo bromeando sobre lo que puede hacer con el tabique perforado, por ejemplo, \u00abpasar un espagueti de un lado a otro de su nariz\u00bb.<\/p>\n<p class=\"txt\">Hace tan solo un mes la artista\u00a0concedi\u00f3 un discurso en la comida anual de premios de Friendly House, un programa de rehabilitaci\u00f3n para mujeres donde colabora. En la organizaci\u00f3n, las participantes pueden <strong>encontrar un espacio de contenci\u00f3n, reuniones con otras mujeres, sesiones de terapia<\/strong> y otros medios que las ayuden a salir de las adicciones.<\/p>\n<p class=\"txt\">\n<p>\t\t\t\t\t\t\t\t\t\t\t\t&#13;<br \/>\n\t\t\t\t\t\t\t\t&#13;<br \/>\n&#13;<br \/>\n&#13;<\/p>\n<p>\t\t\t&#13;<br \/>\n\t&#13;<\/p>\n<p>\t\t\t<a href=\"https:\/\/www.lavozdegalicia.es\/noticia\/gente\/2025\/01\/08\/paris-hija-michael-jackson-alcoholica-adicta-heroina\/00031736346767722614818.htm\" data-analytics=\"link-embed\" rel=\"nofollow noopener\" target=\"_blank\">Paris, hija de Michael Jackson: \u00abSoy alcoh\u00f3lica y adicta a la hero\u00edna\u00bb<\/a><\/p>\n<p class=\"a-min-author\">La Voz<\/p>\n<p>\t&#13;<br \/>\n\t&#13;<br \/>\n&#13;<\/p>\n<p class=\"txt\">Durante el evento, Jackson recibi\u00f3 el <strong>premio Shining Star\u00a0<\/strong>por el trabajo que realiza en el programa y comparti\u00f3 un discurso sobre su propia experiencia:\u00a0\u00ab<strong>Mi labor social es principalmente de uno a uno<\/strong>. No suelo convertir mi labor en un espect\u00e1culo ni lo comparto, porque mi vida simplemente depende de eso y es mi fundamento espiritual\u00bb.\u00a0<\/p>\n<p class=\"txt\">La cantante asegur\u00f3 entonces que se sent\u00eda <strong>muy orgullosa de formar parte de la organizaci\u00f3n, un movimiento que\u00a0la alinea con\u00a0un prop\u00f3sito superior<\/strong> y que le brinda paz interior diaria. Al hablar sobre su propia experiencia, dijo: \u00abNo solo recuper\u00e9 mi vida, sino que tambi\u00e9n consegu\u00ed una mejor. Es curioso, siento que dejar el alcohol fue como tener un accidente de coche; <strong>ahora estoy aprendiendo a vivir la vida en sus propios t\u00e9rminos<\/strong>\u00bb.\u00a0<\/p>\n<p>&#13;<br \/>\n\tArchivado en:&#13;<br \/>\n\t\t\t\t\t<a href=\"https:\/\/www.lavozdegalicia.es\/temas\/tiktok\/\" target=\"_blank\" class=\"mg-l\" rel=\"nofollow noopener\">TikTok<\/a>&#13;<br \/>\n\t\t\t\t\t<a href=\"https:\/\/www.lavozdegalicia.es\/temas\/musica\/\" target=\"_blank\" class=\"mg-l\" rel=\"nofollow noopener\">M\u00fasica<\/a>&#13;<br \/>\n\t&#13;<\/p>\n<p>\t\t\t\t<script async src=\"\/\/www.tiktok.com\/embed.js\"><\/script><\/p>\n","protected":false},"excerpt":{"rendered":"Captura de un v\u00eddeo donde Paris Jackson muestra la perforaci\u00f3n de su tabique nasal Redes sociales, TikTok La&hellip;\n","protected":false},"author":2,"featured_media":230996,"comment_status":"","ping_status":"","sticky":false,"template":"","format":"standard","meta":{"footnotes":""},"categories":[174],"tags":[255,146,147,25,24,256,185,23,5889],"class_list":{"0":"post-230995","1":"post","2":"type-post","3":"status-publish","4":"format-standard","5":"has-post-thumbnail","7":"category-famosos","8":"tag-celebrities","9":"tag-entertainment","10":"tag-entretenimiento","11":"tag-es","12":"tag-espana","13":"tag-famosos","14":"tag-musica","15":"tag-spain","16":"tag-tiktok"},"share_on_mastodon":{"url":"https:\/\/pubeurope.com\/@es\/115532991319839315","error":""},"_links":{"self":[{"href":"https:\/\/www.europesays.com\/es\/wp-json\/wp\/v2\/posts\/230995","targetHints":{"allow":["GET"]}}],"collection":[{"href":"https:\/\/www.europesays.com\/es\/wp-json\/wp\/v2\/posts"}],"about":[{"href":"https:\/\/www.europesays.com\/es\/wp-json\/wp\/v2\/types\/post"}],"author":[{"embeddable":true,"href":"https:\/\/www.europesays.com\/es\/wp-json\/wp\/v2\/users\/2"}],"replies":[{"embeddable":true,"href":"https:\/\/www.europesays.com\/es\/wp-json\/wp\/v2\/comments?post=230995"}],"version-history":[{"count":0,"href":"https:\/\/www.europesays.com\/es\/wp-json\/wp\/v2\/posts\/230995\/revisions"}],"wp:featuredmedia":[{"embeddable":true,"href":"https:\/\/www.europesays.com\/es\/wp-json\/wp\/v2\/media\/230996"}],"wp:attachment":[{"href":"https:\/\/www.europesays.com\/es\/wp-json\/wp\/v2\/media?parent=230995"}],"wp:term":[{"taxonomy":"category","embeddable":true,"href":"https:\/\/www.europesays.com\/es\/wp-json\/wp\/v2\/categories?post=230995"},{"taxonomy":"post_tag","embeddable":true,"href":"https:\/\/www.europesays.com\/es\/wp-json\/wp\/v2\/tags?post=230995"}],"curies":[{"name":"wp","href":"https:\/\/api.w.org\/{rel}","templated":true}]}}