{"id":231021,"date":"2025-11-11T20:55:11","date_gmt":"2025-11-11T20:55:11","guid":{"rendered":"https:\/\/www.europesays.com\/es\/231021\/"},"modified":"2025-11-11T20:55:11","modified_gmt":"2025-11-11T20:55:11","slug":"de-no-ser-sinner-la-sancion-habria-sido-de-dos-o-tres-anos-2","status":"publish","type":"post","link":"https:\/\/www.europesays.com\/es\/231021\/","title":{"rendered":"De no ser Sinner, la sanci\u00f3n habr\u00eda sido de dos o tres a\u00f1os"},"content":{"rendered":"<p class=\"pf0\">Durante una entrevista con &#8216;La Depeche&#8217;, <b>Jean-Pierre Verdy<\/b>, exresponsable de la agencia antidopaje francesa, ha hablado como pocos sobre la sanci\u00f3n a <b>JannikSinner.<\/b><\/p>\n<p class=\"pf0\">El italiano dio positivo en marzo de 2024 por <b>clostebol<\/b>, un esteroide anab\u00f3lico, y lleg\u00f3 a acuerdo con la Agencia Mundial Antidopaje para una suspensi\u00f3n de solo tres meses que a muchos les ha parecido irrisoria. <\/p>\n<p class=\"pf0\">Entre ellos, a Verdy: \u00abNo es habitual lo sucedido, pero cuanto m\u00e1s poderoso es el deportista, m\u00e1s opciones tiene de salir indemne. Las excusas son siempre las mismas, esta vez su masajista, pero esta soluci\u00f3n solo es factible para los m\u00e1s grandes. Cualquier otro en su situaci\u00f3n <b>habr\u00eda sido sancionado dos o tres a\u00f1os<\/b>\u00ab.<\/p>\n<p class=\"pf0\">El ex de la agencia antidopaje gala, que fue una de las piezas clave en la hist\u00f3rica sanci\u00f3n a <b>Lance Armstrong<\/b>, considera que de tratarse de otro tenista la sanci\u00f3n podr\u00eda haber pasado de los tres a los 36 meses. <\/p>\n<p class=\"pf0\">\u00ab<b>Fue leve en comparaci\u00f3n con la sustancia<\/b> y la sanci\u00f3n al atleta promedio que fuera sorprendido con la misma sustancia\u2026 Cualquier otra persona habr\u00eda recibido dos o tres a\u00f1os en el mismo caso\u00bb, ha explicado.<\/p>\n<p class=\"pf0\">\u00abEs la primera vez, que yo sepa. Los acuerdos directos entre el deportista y la AMA <b>no tienen precedentes<\/b>. \u00bfSentar\u00e1 esto un precedente? \u00bfSeguir\u00e1n otros atletas el ejemplo?\u00bb, ha zanjado. <\/p>\n","protected":false},"excerpt":{"rendered":"Durante una entrevista con &#8216;La Depeche&#8217;, Jean-Pierre Verdy, exresponsable de la agencia antidopaje francesa, ha hablado como pocos&hellip;\n","protected":false},"author":2,"featured_media":57795,"comment_status":"","ping_status":"","sticky":false,"template":"","format":"standard","meta":{"footnotes":""},"categories":[274],"tags":[168,25,24,23,167,327,326],"class_list":{"0":"post-231021","1":"post","2":"type-post","3":"status-publish","4":"format-standard","5":"has-post-thumbnail","7":"category-tenis","8":"tag-deportes","9":"tag-es","10":"tag-espana","11":"tag-spain","12":"tag-sports","13":"tag-tenis","14":"tag-tennis"},"share_on_mastodon":{"url":"https:\/\/pubeurope.com\/@es\/115533062144899740","error":""},"_links":{"self":[{"href":"https:\/\/www.europesays.com\/es\/wp-json\/wp\/v2\/posts\/231021","targetHints":{"allow":["GET"]}}],"collection":[{"href":"https:\/\/www.europesays.com\/es\/wp-json\/wp\/v2\/posts"}],"about":[{"href":"https:\/\/www.europesays.com\/es\/wp-json\/wp\/v2\/types\/post"}],"author":[{"embeddable":true,"href":"https:\/\/www.europesays.com\/es\/wp-json\/wp\/v2\/users\/2"}],"replies":[{"embeddable":true,"href":"https:\/\/www.europesays.com\/es\/wp-json\/wp\/v2\/comments?post=231021"}],"version-history":[{"count":0,"href":"https:\/\/www.europesays.com\/es\/wp-json\/wp\/v2\/posts\/231021\/revisions"}],"wp:featuredmedia":[{"embeddable":true,"href":"https:\/\/www.europesays.com\/es\/wp-json\/wp\/v2\/media\/57795"}],"wp:attachment":[{"href":"https:\/\/www.europesays.com\/es\/wp-json\/wp\/v2\/media?parent=231021"}],"wp:term":[{"taxonomy":"category","embeddable":true,"href":"https:\/\/www.europesays.com\/es\/wp-json\/wp\/v2\/categories?post=231021"},{"taxonomy":"post_tag","embeddable":true,"href":"https:\/\/www.europesays.com\/es\/wp-json\/wp\/v2\/tags?post=231021"}],"curies":[{"name":"wp","href":"https:\/\/api.w.org\/{rel}","templated":true}]}}