{"id":231033,"date":"2025-11-11T21:06:09","date_gmt":"2025-11-11T21:06:09","guid":{"rendered":"https:\/\/www.europesays.com\/es\/231033\/"},"modified":"2025-11-11T21:06:09","modified_gmt":"2025-11-11T21:06:09","slug":"los-dallas-mavericks-despiden-al-responsable-del-peor-traspaso-en-la-historia-de-la-nba-deportes","status":"publish","type":"post","link":"https:\/\/www.europesays.com\/es\/231033\/","title":{"rendered":"Los Dallas Mavericks despiden al responsable del peor traspaso en la historia de la NBA | Deportes"},"content":{"rendered":"<p class=\"\">Mientras<a href=\"https:\/\/elpais.com\/noticias\/luka-doncic\/\" target=\"_self\" rel=\"nofollow noopener\" title=\"https:\/\/elpais.com\/noticias\/luka-doncic\/\"> Luka Doncic <\/a>lidera sin piedad a Los Angeles Lakers <a href=\"https:\/\/elpais.com\/deportes\/baloncesto\/2025-11-06\/el-nuevo-luka-doncic-versiona-a-wilt-chamberlain-como-lider-de-los-lakers.html\" target=\"_self\" rel=\"nofollow noopener\" title=\"https:\/\/elpais.com\/deportes\/baloncesto\/2025-11-06\/el-nuevo-luka-doncic-versiona-a-wilt-chamberlain-como-lider-de-los-lakers.html\">con un juego que no se recordaba desde hace a\u00f1os<\/a>, los Dallas Mavericks han ca\u00eddo en su particular traves\u00eda por el desierto. Para tratar de revertir la situaci\u00f3n, los Mavs han anunciado este martes el despido de su director general, Nico Harrison, <a href=\"https:\/\/elpais.com\/deportes\/baloncesto\/2025-02-02\/luka-doncic-ficha-por-los-angeles-lakers.html\" target=\"_self\" rel=\"nofollow noopener\" title=\"https:\/\/elpais.com\/deportes\/baloncesto\/2025-02-02\/luka-doncic-ficha-por-los-angeles-lakers.html\">el responsable de traspasar a Doncic al equipo angelino<\/a> durante el pasado febrero, en la que se considera la peor decisi\u00f3n de la historia de la NBA.<\/p>\n<p class=\"\">Los aficionados de Dallas<a href=\"https:\/\/elpais.com\/deportes\/baloncesto\/2025-02-03\/luka-doncic-de-la-traicion-de-los-mavericks-a-la-oportunidad-de-jugar-con-su-idolo-lebron-en-los-lakers.html\" target=\"_self\" rel=\"nofollow noopener\" title=\"https:\/\/elpais.com\/deportes\/baloncesto\/2025-02-03\/luka-doncic-de-la-traicion-de-los-mavericks-a-la-oportunidad-de-jugar-con-su-idolo-lebron-en-los-lakers.html\"> nunca entendieron el traspaso. El esloveno es<\/a> uno de los mejores jugadores del mundo, habitual del All-Star, a uno de sus grandes rivales, a cambio de Anthony Davis, un jugador de 31 a\u00f1os con propensi\u00f3n a lesionarse. El esloveno, de 25 a\u00f1os, es un icono generacional, en el esplendor de su carrera, se encontraba a gusto en Dallas y no hab\u00eda dado se\u00f1ales de querer un cambio de aires.<\/p>\n<p class=\"\">Pero Harrison se lo quit\u00f3 de en medio porque ten\u00eda pendiente la renovaci\u00f3n del que era jugador franquicia de Dallas por una cifra r\u00e9cord de cerca de 345 millones de d\u00f3lares por cinco a\u00f1os. El exdirector general de los Mavs prefiri\u00f3 dejar salir a uno de los jugadores con m\u00e1s proyecci\u00f3n del baloncesto mundial antes de comprometer las finanzas del equipo. <\/p>\n<p class=\"\">Harrison trat\u00f3 infructuosamente de defender la salida del esloveno argumentando que \u201cla defensa gana campeonatos\u201d. Pero Davis, un aseado jugador que lleg\u00f3 para suplir a Doncic se ha perdido 30 de los 44 partidos de la temporada regular que ha disputado su equipo desde que lleg\u00f3 procedente de Los Angeles. La estrella que iba a suplir al esloveno, el base Kyrie Irving, se rompi\u00f3 el ligamento cruzado el pasado marzo. Todo ha parecido ponerse en contra del equipo de Dallas.<\/p>\n<p class=\"\">La jugada de Harrison pareci\u00f3 un desastre desde el principio, pero con el paso de los meses se han ido confirmando los peores presagios. Doncic encadena actuaciones estelares, mientras que los Mavericks se hunden en el fondo de la Conferencia Oeste. Desde el inicio de la temporada, los aficionados de Dallas han esgrimido un nuevo c\u00e1ntico de protesta: \u201c\u00a1Fuera Nico!\u201d. <\/p>\n<p class=\"\">La decisi\u00f3n se produce despu\u00e9s de que el propietario de los Mavericks, Patrick Dumont, asistiera el lunes al partido contra los Milwaukke Bucks, que ganaron a domicilio por dos puntos. Tan solo 24 horas despu\u00e9s, los Mavericks despidieron a Harrison.<\/p>\n<p class=\"\">El exdirector general de los Dallas Mavericks hab\u00eda trabajado en la secci\u00f3n de baloncesto de Nike durante dos d\u00e9cadas. All\u00ed hab\u00eda forjado relaciones con varios jugadores de la NBA, como Kobe Bryant, cuando los Dallas Mavericks lo ficharon en 2021. Durante su traves\u00eda en la franquicia texana, Harrison logr\u00f3 llevar al equipo a la final de la NBA en 2024 con Doncic como estrella del equipo.<\/p>\n","protected":false},"excerpt":{"rendered":"Mientras Luka Doncic lidera sin piedad a Los Angeles Lakers con un juego que no se recordaba desde&hellip;\n","protected":false},"author":2,"featured_media":231034,"comment_status":"","ping_status":"","sticky":false,"template":"","format":"standard","meta":{"footnotes":""},"categories":[93],"tags":[60464,25885,168,5702,25,24,8283,5679,7508,16645,23,167,2018],"class_list":{"0":"post-231033","1":"post","2":"type-post","3":"status-publish","4":"format-standard","5":"has-post-thumbnail","7":"category-deportes","8":"tag-baloncesto-3x3","9":"tag-dallas-mavericks","10":"tag-deportes","11":"tag-despido","12":"tag-es","13":"tag-espana","14":"tag-jugadores-baloncesto","15":"tag-los-angeles-lakers","16":"tag-luka-doncic","17":"tag-nba-2k26","18":"tag-spain","19":"tag-sports","20":"tag-traspaso-jugadores"},"share_on_mastodon":{"url":"https:\/\/pubeurope.com\/@es\/115533105399468526","error":""},"_links":{"self":[{"href":"https:\/\/www.europesays.com\/es\/wp-json\/wp\/v2\/posts\/231033","targetHints":{"allow":["GET"]}}],"collection":[{"href":"https:\/\/www.europesays.com\/es\/wp-json\/wp\/v2\/posts"}],"about":[{"href":"https:\/\/www.europesays.com\/es\/wp-json\/wp\/v2\/types\/post"}],"author":[{"embeddable":true,"href":"https:\/\/www.europesays.com\/es\/wp-json\/wp\/v2\/users\/2"}],"replies":[{"embeddable":true,"href":"https:\/\/www.europesays.com\/es\/wp-json\/wp\/v2\/comments?post=231033"}],"version-history":[{"count":0,"href":"https:\/\/www.europesays.com\/es\/wp-json\/wp\/v2\/posts\/231033\/revisions"}],"wp:featuredmedia":[{"embeddable":true,"href":"https:\/\/www.europesays.com\/es\/wp-json\/wp\/v2\/media\/231034"}],"wp:attachment":[{"href":"https:\/\/www.europesays.com\/es\/wp-json\/wp\/v2\/media?parent=231033"}],"wp:term":[{"taxonomy":"category","embeddable":true,"href":"https:\/\/www.europesays.com\/es\/wp-json\/wp\/v2\/categories?post=231033"},{"taxonomy":"post_tag","embeddable":true,"href":"https:\/\/www.europesays.com\/es\/wp-json\/wp\/v2\/tags?post=231033"}],"curies":[{"name":"wp","href":"https:\/\/api.w.org\/{rel}","templated":true}]}}