{"id":231043,"date":"2025-11-11T21:11:09","date_gmt":"2025-11-11T21:11:09","guid":{"rendered":"https:\/\/www.europesays.com\/es\/231043\/"},"modified":"2025-11-11T21:11:09","modified_gmt":"2025-11-11T21:11:09","slug":"una-tiktoker-de-mali-es-ejecutada-en-la-plaza-de-su-pueblo-por-supuestos-yihadistas-internacional","status":"publish","type":"post","link":"https:\/\/www.europesays.com\/es\/231043\/","title":{"rendered":"Una \u2018tiktoker\u2019 de Mal\u00ed es ejecutada en la plaza de su pueblo por supuestos yihadistas | Internacional"},"content":{"rendered":"<p class=\"\">Se llamaba Mariam Ciss\u00e9, ten\u00eda poco m\u00e1s de 20 a\u00f1os y era una celebridad local en Tonka, un pueblo de la regi\u00f3n de Tombuct\u00fa, en el norte de Mal\u00ed. Su perfil de la red social TikTok, en el que expresaba sus opiniones sobre cuestiones de actualidad y sub\u00eda v\u00eddeos de la vida cotidiana, contaba con unos 90.000 seguidores. El pasado viernes fue raptada y ejecutada <a href=\"https:\/\/elpais.com\/internacional\/2025-06-09\/una-oleada-de-ataques-yihadistas-desafia-a-las-juntas-militares-en-los-paises-del-sahel.html\" target=\"_self\" rel=\"nofollow noopener\" title=\"https:\/\/elpais.com\/internacional\/2025-06-09\/una-oleada-de-ataques-yihadistas-desafia-a-las-juntas-militares-en-los-paises-del-sahel.html\">por supuestos yihadistas<\/a> en la plaza central de su pueblo y ante decenas de personas, acusada de dar su apoyo al ej\u00e9rcito maliense. Ning\u00fan grupo armado ha reclamado la autor\u00eda de este asesinato, perpetrado en una regi\u00f3n dominada por los miembros del Grupo de Apoyo al Islam y los Musulmanes (JNIM, por sus siglas en \u00e1rabe), <a href=\"https:\/\/elpais.com\/planeta-futuro\/2025-06-26\/la-guerra-del-sahel-se-concentra-en-sus-carreteras.html\" target=\"_self\" rel=\"nofollow noopener\" title=\"https:\/\/elpais.com\/planeta-futuro\/2025-06-26\/la-guerra-del-sahel-se-concentra-en-sus-carreteras.html\">que se mueven con facilidad en las zonas rurales<\/a>. <\/p>\n<p class=\"\">Seg\u00fan Fatoumata Harber, una bloguera originaria de la misma regi\u00f3n de Tombuct\u00fa, Ciss\u00e9 fue se\u00f1alada por ser una mujer libre. \u201cLos terroristas no quieren ver a mujeres que se expresan libremente\u201d, asegura.<\/p>\n<p class=\"\">El jueves 6 de noviembre, Mariam Ciss\u00e9 hab\u00eda estado grabando v\u00eddeos con su tel\u00e9fono m\u00f3vil en el mercado de una localidad cercana a Tonka. Fue all\u00ed donde, seg\u00fan numerosos testigos, fue identificada por unos hombres armados, secuestrada y trasladada a un lugar desconocido. Al d\u00eda siguiente, las mismas personas que la raptaron la trasladaron a su pueblo y, delante de decenas de sus vecinos, fue fusilada en la plaza de la Independencia. Seg\u00fan revelaron a la agencia France Presse algunos habitantes de esta localidad \u2014que no quisieron desvelar su identidad\u2014, Ciss\u00e9 fue acusada de haber grabado v\u00eddeos para el ej\u00e9rcito maliense y de ser, por tanto, \u201cuna enemiga\u201d. La joven hab\u00eda recibido amenazas de muerte, incluso a trav\u00e9s de las propias redes sociales.<\/p>\n<p class=\"\">Ciss\u00e9 era comerciante y se ganaba la vida vendiendo los productos agr\u00edcolas que cultivaba su familia. Como hacen millones de usuarios de las redes sociales en todo el mundo, en sus v\u00eddeos de TikTok se pueden ver escenas cotidianas de su pueblo o a ella misma hablando de diferentes temas. Por ejemplo, llamaba con orgullo a su pueblo \u201cla ciudad de la patata\u201d para poner en valor su car\u00e1cter agr\u00edcola. En uno de esos v\u00eddeos aparece vestida con el uniforme de las Fuerzas Armadas de Mal\u00ed y expresa su apoyo al ej\u00e9rcito en su lucha contra los grupos terroristas. Un reportaje emitido en la televisi\u00f3n p\u00fablica asegura que esta joven \u201csolamente quer\u00eda promover su comunidad a trav\u00e9s de TikTok y animar al ej\u00e9rcito maliense en su misi\u00f3n de proteger al pueblo y sus propiedades\u201d.<\/p>\n<p class=\"\">\u201cEn el exterior, mucha gente se pregunta por qu\u00e9 las fuerzas del orden no intervinieron, y eso da a entender que no conocen el contexto en el que viv\u00eda esta chica y toda la poblaci\u00f3n de las zonas rurales del norte\u201d, asegura Harber. \u201cEn estos pueblos peque\u00f1os no hay ej\u00e9rcito ni polic\u00eda, solo est\u00e1n en las grandes localidades como Tombuct\u00fa o Goundam. En los sitios peque\u00f1os solo hay patrullas de soldados que pasan de vez en cuando y que no pueden proteger completamente a la poblaci\u00f3n\u201d.<\/p>\n<p class=\"\">Para la conocida bloguera maliense, se trata de un crimen que pretende mandar un mensaje a las mujeres. \u201cNos atacan primero a nosotras, como ya ocurri\u00f3 en 2012. Por ejemplo, no dejan que las mujeres circulen entre las ciudades de Mal\u00ed sin que lleven el hiyab. Ahora vienen a lanzar un mensaje contra las mujeres abatiendo a sangre fr\u00eda a una tiktoker para decir a las mujeres que no nos han olvidado y que van a volver a por nosotras. Es un aviso de todo el calvario que nos van a hacer vivir si un d\u00eda llegan a tomar el control de Mal\u00ed\u201d, a\u00f1ade Harber.<\/p>\n<p class=\"\">Desde el pasado mes de septiembre, Mal\u00ed se enfrenta a una intensificaci\u00f3n de los ataques yihadistas en el centro y oeste del pa\u00eds <a href=\"https:\/\/elpais.com\/internacional\/2025-11-05\/la-yihad-economica-asfixia-mali.html\" target=\"_self\" rel=\"nofollow noopener\" title=\"https:\/\/elpais.com\/internacional\/2025-11-05\/la-yihad-economica-asfixia-mali.html\">y a un bloqueo impuesto por los terroristas a la entrada de carburante<\/a> desde los vecinos Senegal y Costa de Marfil. Los yihadistas han logrado perturbar la entrada de camiones cisterna cargados de fuel, que detienen e incendian en los controles que llevan a cabo en las carreteras de entrada a la capital, Bamako. Fruto de estas acciones hay una gran escasez de combustible en el pa\u00eds y muchos ciudadanos acceden al mismo a trav\u00e9s de un mercado negro emergente. <\/p>\n<p class=\"\">Ante esta situaci\u00f3n, y por la inestabilidad que se pod\u00eda derivar de la misma, varios pa\u00edses como Espa\u00f1a, Estados Unidos, Alemania, Italia y Francia <a href=\"https:\/\/elpais.com\/internacional\/2025-10-31\/varios-paises-entre-ellos-ee-uu-y-espana-recomiendan-a-sus-ciudadanos-salir-de-mali-ante-la-amenaza-yihadista.html\" target=\"_self\" rel=\"nofollow noopener\" title=\"https:\/\/elpais.com\/internacional\/2025-10-31\/varios-paises-entre-ellos-ee-uu-y-espana-recomiendan-a-sus-ciudadanos-salir-de-mali-ante-la-amenaza-yihadista.html\">han aconsejado a sus ciudadanos que valoren abandonar el pa\u00eds<\/a>. <\/p>\n<p class=\"\">\u201cVivimos con el miedo en el cuerpo\u201d, remata Harber. \u201cSe dice que van a atacar incluso en Bamako, ya no podemos salir de la ciudad por carretera\u201d. Este temor se ha visto acrecentado por el reciente pago de al menos 50 millones de euros al JNIM, seg\u00fan fuentes pr\u00f3ximas al Gobierno, por el rescate de tres ciudadanos extranjeros \u2014dos emirat\u00edes y un iran\u00ed\u2014 que fueron secuestrados a unos 40 kil\u00f3metros de Bamako. <\/p>\n<p class=\"\">La junta militar que gobierna Mal\u00ed tras el golpe de Estado de 2020 se ha aliado con los mercenarios rusos de Wagner (ahora \u00c1frica Corps) en su intento de detener el avance yihadista, cuya insurgencia estall\u00f3 en 2012, pero estos grupos terroristas est\u00e1n lejos de haber sido derrotados y operan en un territorio cada vez m\u00e1s amplio.<\/p>\n","protected":false},"excerpt":{"rendered":"Se llamaba Mariam Ciss\u00e9, ten\u00eda poco m\u00e1s de 20 a\u00f1os y era una celebridad local en Tonka, un&hellip;\n","protected":false},"author":2,"featured_media":231044,"comment_status":"","ping_status":"","sticky":false,"template":"","format":"standard","meta":{"footnotes":""},"categories":[42],"tags":[5404,1154,17,18,42014,13,14,11,2183,61,62,63,64,19,20,60465,9,10,15,16,592,5889,12,21,22,432,65,66,67,18553],"class_list":{"0":"post-231043","1":"post","2":"type-post","3":"status-publish","4":"format-standard","5":"has-post-thumbnail","7":"category-internacional","8":"tag-africa","9":"tag-asesinatos","10":"tag-breaking-news","11":"tag-breakingnews","12":"tag-ejecuciones-sumarias","13":"tag-featured-news","14":"tag-featurednews","15":"tag-headlines","16":"tag-influencers","17":"tag-internacional","18":"tag-international","19":"tag-international-news","20":"tag-internationalnews","21":"tag-latest-news","22":"tag-latestnews","23":"tag-mali","24":"tag-news","25":"tag-noticias","26":"tag-noticias-destacadas","27":"tag-noticiasdestacadas","28":"tag-terrorismo","29":"tag-tiktok","30":"tag-titulares","31":"tag-ultimas-noticias","32":"tag-ultimasnoticias","33":"tag-violencia","34":"tag-world","35":"tag-world-news","36":"tag-worldnews","37":"tag-yihadismo"},"share_on_mastodon":{"url":"","error":"Validation failed: Text character limit of 500 exceeded"},"_links":{"self":[{"href":"https:\/\/www.europesays.com\/es\/wp-json\/wp\/v2\/posts\/231043","targetHints":{"allow":["GET"]}}],"collection":[{"href":"https:\/\/www.europesays.com\/es\/wp-json\/wp\/v2\/posts"}],"about":[{"href":"https:\/\/www.europesays.com\/es\/wp-json\/wp\/v2\/types\/post"}],"author":[{"embeddable":true,"href":"https:\/\/www.europesays.com\/es\/wp-json\/wp\/v2\/users\/2"}],"replies":[{"embeddable":true,"href":"https:\/\/www.europesays.com\/es\/wp-json\/wp\/v2\/comments?post=231043"}],"version-history":[{"count":0,"href":"https:\/\/www.europesays.com\/es\/wp-json\/wp\/v2\/posts\/231043\/revisions"}],"wp:featuredmedia":[{"embeddable":true,"href":"https:\/\/www.europesays.com\/es\/wp-json\/wp\/v2\/media\/231044"}],"wp:attachment":[{"href":"https:\/\/www.europesays.com\/es\/wp-json\/wp\/v2\/media?parent=231043"}],"wp:term":[{"taxonomy":"category","embeddable":true,"href":"https:\/\/www.europesays.com\/es\/wp-json\/wp\/v2\/categories?post=231043"},{"taxonomy":"post_tag","embeddable":true,"href":"https:\/\/www.europesays.com\/es\/wp-json\/wp\/v2\/tags?post=231043"}],"curies":[{"name":"wp","href":"https:\/\/api.w.org\/{rel}","templated":true}]}}