{"id":231055,"date":"2025-11-11T21:22:12","date_gmt":"2025-11-11T21:22:12","guid":{"rendered":"https:\/\/www.europesays.com\/es\/231055\/"},"modified":"2025-11-11T21:22:12","modified_gmt":"2025-11-11T21:22:12","slug":"de-ser-rechazado-por-el-madrid-a-la-seleccion-de-argentina","status":"publish","type":"post","link":"https:\/\/www.europesays.com\/es\/231055\/","title":{"rendered":"De ser rechazado por el Madrid, a la selecci\u00f3n de Argentina"},"content":{"rendered":"<p class=\"\">El destino, y especialmente el trabajo duro, han premiado a <b>Emi Buend\u00eda<\/b> con la convocatoria para la <b>Selecci\u00f3n Argentina<\/b>, junto a <b>Kevin Mac Allister<\/b> y<b> Lisandro Mart\u00ednez<\/b>, tras las <a href=\"https:\/\/as.com\/futbol\/internacional\/julian-giuliano-y-nahuel-sin-amistoso-por-no-vacunarse-f202511-n\/\" target=\"_self\" rel=\"nofollow noopener\" title=\"https:\/\/as.com\/futbol\/internacional\/julian-giuliano-y-nahuel-sin-amistoso-por-no-vacunarse-f202511-n\/\">bajas de los futbolistas del <b>Atl\u00e9tico de Madrid<\/b><\/a>. Esta haza\u00f1a se convierte en el premio a una carrera marcada por los altibajos y las idas y venidas. El actual jugador del <b>Aston Villa<\/b> ha alcanzado una gran relevancia en <b>Inglaterra<\/b>, aunque no sin ser descartado previamente por clubes como el <b>Getafe<\/b> o el propio <b>Real Madrid<\/b>.<\/p>\n<p class=\"\">La historia de Buend\u00eda fue forjada principalmente en <b>Espa\u00f1a<\/b>, donde aterriz\u00f3 tras recibir la llamada de las <b>inferiores del Madrid<\/b>, donde no tuvo demasiada suerte y termin\u00f3 saliendo, cambiando su hoja de ruta destino al <b>Getafe<\/b>. All\u00ed su carrera se trunc\u00f3 a\u00fan m\u00e1s al ser descartado tambi\u00e9n en el club azul\u00f3n por problemas con las lesiones, viendo peligrar su vida como futbolista.<\/p>\n<p><a href=\"https:\/\/as.com\/resultados\/ficha\/deportista\/emi\/28408\/\" rel=\"nofollow noopener\" target=\"_blank\"><img decoding=\"async\" src=\"https:\/\/www.europesays.com\/es\/wp-content\/uploads\/2025\/11\/28408.png\" alt=\"De ser rechazado por el Madrid, a la selecci\u00f3n de Argentina\" height=\"80\" width=\"80\"  loading=\"lazy\" data-error-image=\"https:\/\/static.as.com\/dist\/resources\/images\/placeholder-player.png\"\/><\/a><\/p>\n<p class=\"\">Fue en este punto donde la <b>Cultural Leonesa<\/b> le abri\u00f3 las puertas para brindarle una segunda oportunidad, aunque no sin las dudas del procedente de <b>Mar de Plata<\/b>. En una entrevista con Sunday Times revel\u00f3 que se plante\u00f3 abandonar su aventura profesional, aunque finalmente decidi\u00f3 continuar: \u201cNo, Emi, 12.000 kil\u00f3metros, dejaste a todos para hacer realidad este sue\u00f1o. <b>No puedo parar aqu\u00ed<\/b>\u201c, afirm\u00f3.<\/p>\n<p>Lucha como estilo de vida<\/p>\n<p class=\"\">Tras una actuaci\u00f3n brillante en <b>Segunda Divisi\u00f3n<\/b> volvi\u00f3 al Getafe, donde inmediatamente hizo las maletas hacia el <b>Norwich City<\/b>, en el que, despu\u00e9s de conseguir el ascenso a <b>Premier<\/b>, llam\u00f3 la atenci\u00f3n del Aston Villa, que se hizo con sus servicios desembolsando <b>40 millones de euros<\/b>. Aunque la vida ten\u00eda preparado un nuevo contratiempo para \u00e9l, y tras dos a\u00f1os de regularidad con los \u2018Villians\u2019, una lesi\u00f3n le mantuvo apartado durante <b>toda la temporada 23\/24<\/b>.<\/p>\n<p class=\"\">Luego de una extensa recuperaci\u00f3n, el club de <b>Birmingham<\/b> decidi\u00f3 cederlo al <b>Bayer Leverkusen<\/b> de <b>Xabi Alonso<\/b>, y all\u00ed protagoniz\u00f3 una curiosa an\u00e9cdota en su debut: tan solo disput\u00f3 25 minutos en los que entr\u00f3 al campo, y fue de nuevo sustituido por decisi\u00f3n t\u00e9cnica. Catorce partidos en <b>Alemania <\/b>fueron suficientes para recuperar el buen ritmo, y retornar a Inglaterra, donde se ha convertido en una de las grandes sensaciones presentes.<\/p>\n<p><a href=\"https:\/\/as.com\/resultados\/ficha\/equipo\/aston_villa\/55\/\" rel=\"nofollow noopener\" target=\"_blank\"><img decoding=\"async\" src=\"https:\/\/www.europesays.com\/es\/wp-content\/uploads\/2025\/11\/55.png\" alt=\"De ser rechazado por el Madrid, a la selecci\u00f3n de Argentina\" height=\"80\" width=\"80\"  loading=\"lazy\" data-error-image=\"https:\/\/static.as.com\/dist\/resources\/images\/placeholder-team.png\"\/><\/a>Noticias relacionadas<a href=\"https:\/\/as.com\/futbol\/internacional\/julian-giuliano-y-nahuel-sin-amistoso-por-no-vacunarse-f202511-n\/\" class=\"s_m_w _rt-16x9\" title=\"Los tres jugadores del Atl\u00e9tico de Madrid no podr\u00e1n jugar con Argentina el amistoso contra Angola.\" data-tb-link=\"\" rel=\"nofollow noopener\" target=\"_blank\"><img decoding=\"async\" src=\"https:\/\/www.europesays.com\/es\/wp-content\/uploads\/2025\/11\/TTLRLXA57NFCVJ5LJ5PYNYYBCQ.jpg\" alt=\"Juli\u00e1n, Giuliano y Nahuel, sin Argentina por no vacunarse\" class=\"\" height=\"9\" width=\"16\"   loading=\"lazy\" data-tb-thumbnail=\"\"\/><\/a><a href=\"https:\/\/as.com\/us\/futbol\/messi-sobre-el-mundial-2026-vere-si-realmente-puedo-estar-al-100-f202510-n\/\" class=\"s_m_w _rt-16x9\" title=\"Lionel Messi le concedi\u00f3 una entrevista a NBC News. La decisi\u00f3n de disputar la Copa del Mundo 2026, en Norteam\u00e9rica, se tomar\u00e1 en los pr\u00f3ximos meses.\" data-tb-link=\"\" rel=\"nofollow noopener\" target=\"_blank\"><img decoding=\"async\" src=\"https:\/\/www.europesays.com\/es\/wp-content\/uploads\/2025\/11\/MND7TVDBUROZRDZMMWOPSJBXOE.jpg\" alt=\"Messi sobre el Mundial 2026: \u201cVer\u00e9 si puedo estar al 100%\u201d\" class=\"\" height=\"9\" width=\"16\"   loading=\"lazy\" data-tb-thumbnail=\"\"\/><\/a><\/p>\n<p class=\"\">A sus <b>28 a\u00f1os<\/b> firma cuatro goles y dos asistencias en los catorce primeros partidos de la campa\u00f1a. Titular indiscutible en el esquema de <b>Unai Emery<\/b> y autor del mejor gol del mes de octubre de la Premier son algunos de los galones que le han permitido recibir la llamada de <b>Lionel Scaloni<\/b>. Una inesperada citaci\u00f3n junto a la de Kevin Mac Allister, defensor del <b>Union Saint-Gilloise<\/b>, que podr\u00eda debutar con la albiceleste.<\/p>\n<p class=\"\"><b>\u00a1Tus opiniones importan!<\/b> Comenta en los art\u00edculos y suscr\u00edbete gratis a nuestra <a href=\"https:\/\/asfan.as.com\/newsletters\/\" target=\"_blank\" rel=\"nofollow noopener\" title=\"https:\/\/asfan.as.com\/newsletters\/\">newsletter<\/a> y a las alertas informativas en la <a href=\"https:\/\/as.com\/aplicacion-de-as-n\/\" target=\"_blank\" rel=\"nofollow noopener\" title=\"https:\/\/as.com\/aplicacion-de-as-n\/\">App<\/a> o el canal de <a href=\"https:\/\/www.whatsapp.com\/channel\/0029VaAasdA7j6g745nz9M10\" target=\"_blank\" rel=\"nofollow noopener\" title=\"https:\/\/www.whatsapp.com\/channel\/0029VaAasdA7j6g745nz9M10\">WhatsApp<\/a>. \u00bfBuscas licenciar contenido? Haz clic <a href=\"https:\/\/profesional.elpais.com\/soluciones-sindicacion?utm_medium=interno&amp;utm_source=crosslinking&amp;utm_campaign=sindicacion_as_pie_articulos\" target=\"_blank\" rel=\"nofollow noopener\" title=\"https:\/\/profesional.elpais.com\/soluciones-sindicacion?utm_medium=interno&amp;utm_source=crosslinking&amp;utm_campaign=sindicacion_as_pie_articulos\">aqu\u00ed<\/a><\/p>\n","protected":false},"excerpt":{"rendered":"El destino, y especialmente el trabajo duro, han premiado a Emi Buend\u00eda con la convocatoria para la Selecci\u00f3n&hellip;\n","protected":false},"author":2,"featured_media":231056,"comment_status":"","ping_status":"","sticky":false,"template":"","format":"standard","meta":{"footnotes":""},"categories":[268],"tags":[168,25,24,280,282,281,23,167],"class_list":{"0":"post-231055","1":"post","2":"type-post","3":"status-publish","4":"format-standard","5":"has-post-thumbnail","7":"category-futbol","8":"tag-deportes","9":"tag-es","10":"tag-espana","11":"tag-football","12":"tag-futbol","13":"tag-soccer","14":"tag-spain","15":"tag-sports"},"share_on_mastodon":{"url":"https:\/\/pubeurope.com\/@es\/115533168446757804","error":""},"_links":{"self":[{"href":"https:\/\/www.europesays.com\/es\/wp-json\/wp\/v2\/posts\/231055","targetHints":{"allow":["GET"]}}],"collection":[{"href":"https:\/\/www.europesays.com\/es\/wp-json\/wp\/v2\/posts"}],"about":[{"href":"https:\/\/www.europesays.com\/es\/wp-json\/wp\/v2\/types\/post"}],"author":[{"embeddable":true,"href":"https:\/\/www.europesays.com\/es\/wp-json\/wp\/v2\/users\/2"}],"replies":[{"embeddable":true,"href":"https:\/\/www.europesays.com\/es\/wp-json\/wp\/v2\/comments?post=231055"}],"version-history":[{"count":0,"href":"https:\/\/www.europesays.com\/es\/wp-json\/wp\/v2\/posts\/231055\/revisions"}],"wp:featuredmedia":[{"embeddable":true,"href":"https:\/\/www.europesays.com\/es\/wp-json\/wp\/v2\/media\/231056"}],"wp:attachment":[{"href":"https:\/\/www.europesays.com\/es\/wp-json\/wp\/v2\/media?parent=231055"}],"wp:term":[{"taxonomy":"category","embeddable":true,"href":"https:\/\/www.europesays.com\/es\/wp-json\/wp\/v2\/categories?post=231055"},{"taxonomy":"post_tag","embeddable":true,"href":"https:\/\/www.europesays.com\/es\/wp-json\/wp\/v2\/tags?post=231055"}],"curies":[{"name":"wp","href":"https:\/\/api.w.org\/{rel}","templated":true}]}}