{"id":231067,"date":"2025-11-11T21:30:28","date_gmt":"2025-11-11T21:30:28","guid":{"rendered":"https:\/\/www.europesays.com\/es\/231067\/"},"modified":"2025-11-11T21:30:28","modified_gmt":"2025-11-11T21:30:28","slug":"la-vacunacion-contra-la-gripe-y-covid-19-por-la-tarde-y-sin-cita-arranca-este-lunes-en-13-localidades","status":"publish","type":"post","link":"https:\/\/www.europesays.com\/es\/231067\/","title":{"rendered":"La vacunaci\u00f3n contra la gripe y Covid-19 por la tarde y sin cita arranca este lunes en 13 localidades"},"content":{"rendered":"<p class=\"ft-text ft-helper-align-justify\">La vacunaci\u00f3n contra la gripe y Covid-19 en horario de tarde y sin cita previa arrancar\u00e1 este lunes, 10 de noviembre, en 13 localidades de las ocho \u00e1reas de salud de Extremadura.<\/p>\n<p class=\"ft-text ft-helper-align-justify\">La atenci\u00f3n se ofrecer\u00e1 el lunes y el jueves en horario de 16.30 a 19.30 horas, seg\u00fan informa la Junta en una nota de prensa en la que ha precisado que la ampliaci\u00f3n al horario de tarde de la campa\u00f1a de vacunaci\u00f3n se mantendr\u00e1 a la semana siguiente seg\u00fan la valoraci\u00f3n de cada \u00e1rea de salud. En concreto, esta medida se desarrollar\u00e1 en los centros sanitarios de<\/p>\n<ul class=\"ft-list ft-list--primary\" data-aida-text=\"\">\n<li class=\"ft-list__item ft-helper-align-justify\">La Data (Plasencia)<\/li>\n<li class=\"ft-list__item ft-helper-align-justify\">Zona Centro (C\u00e1ceres)<\/li>\n<li class=\"ft-list__item ft-helper-align-justify\">Hospital de Coria<\/li>\n<li class=\"ft-list__item ft-helper-align-justify\">Navalmoral de la Mata<\/li>\n<li class=\"ft-list__item ft-helper-align-justify\">Urbano III (M\u00e9rida)<\/li>\n<li class=\"ft-list__item ft-helper-align-justify\">San Jos\u00e9 (Almendralejo)<\/li>\n<li class=\"ft-list__item ft-helper-align-justify\">Villafranca de los Barros<\/li>\n<li class=\"ft-list__item ft-helper-align-justify\">Llerena<\/li>\n<li class=\"ft-list__item ft-helper-align-justify\">Zafra<\/li>\n<li class=\"ft-list__item ft-helper-align-justify\">Valdepasillas (Badajoz)<\/li>\n<li class=\"ft-list__item ft-helper-align-justify\">Montijo<\/li>\n<li class=\"ft-list__item ft-helper-align-justify\">Don Benito Este (Don Benito)<\/li>\n<li class=\"ft-list__item ft-helper-align-justify\">Villanueva Sur (Villanueva de la Serena)<\/li>\n<\/ul>\n<p class=\"ft-text ft-helper-align-justify\">Las personas interesadas en acudir a esta vacunaci\u00f3n por la tarde deber\u00e1n portar su DNI y tarjeta sanitaria o de mutualista. El objetivo de esta medida es favorecer la conciliaci\u00f3n y el acceso a la inmunizaci\u00f3n.<\/p>\n<p>Vacunaci\u00f3n en ni\u00f1os <\/p>\n<p class=\"ft-text ft-helper-align-justify\">Adem\u00e1s de las personas adultas, tambi\u00e9n se van a poder vacunar frente a la gripe los ni\u00f1os de entre seis meses y cinco a\u00f1os. Los menores entre dos y cinco a\u00f1os recibir\u00e1n una vacunaci\u00f3n intranasal adquirida por el Servicio Extreme\u00f1o de Salud (SES). Para quienes recibieron su \u00faltima dosis de Covid-19 y pasaron la enfermedad, deben respetar un intervalo m\u00ednimo de tres meses antes de recibir una nueva dosis.<\/p>\n<p class=\"ft-text ft-helper-align-justify\">El SES insta a todos los extreme\u00f1os a aprovechar esta oportunidad para la vacunaci\u00f3n, ya que la inmunizaci\u00f3n es clave para proteger a las familias y comunidades durante esta temporada de virus.<\/p>\n<p>VRS en adultos<\/p>\n<p class=\"ft-text ft-helper-align-justify\">Tambi\u00e9n a partir de este lunes comenzar\u00e1 la vacunaci\u00f3n del Virus Respiratorio Sincitial (VRS) en adultos. Se trata de la primera vez que la poblaci\u00f3n de 60 a\u00f1os o m\u00e1s institucionalizada en residencias de mayores, as\u00ed como aquellas personas trasplantadas de pulm\u00f3n, reciben esta vacuna. Se han adquirido 15.000 dosis de este inyectable.<\/p>\n<p class=\"ft-text ft-helper-align-justify\">El VRS es una causa importante de morbilidad y mortalidad en la poblaci\u00f3n adulta, por lo que se recomienda la vacunaci\u00f3n a la poblaci\u00f3n diana, ya que las mejoras de las coberturas reducen el impacto de las infecciones respiratorias en la regi\u00f3n.<\/p>\n","protected":false},"excerpt":{"rendered":"La vacunaci\u00f3n contra la gripe y Covid-19 en horario de tarde y sin cita previa arrancar\u00e1 este lunes,&hellip;\n","protected":false},"author":2,"featured_media":231068,"comment_status":"","ping_status":"","sticky":false,"template":"","format":"standard","meta":{"footnotes":""},"categories":[92],"tags":[2270,25,24,7749,165,166,23,11054,7589],"class_list":{"0":"post-231067","1":"post","2":"type-post","3":"status-publish","4":"format-standard","5":"has-post-thumbnail","7":"category-salud","8":"tag-covid","9":"tag-es","10":"tag-espana","11":"tag-gripe","12":"tag-health","13":"tag-salud","14":"tag-spain","15":"tag-tarde","16":"tag-vacunacion"},"share_on_mastodon":{"url":"https:\/\/pubeurope.com\/@es\/115533199793425301","error":""},"_links":{"self":[{"href":"https:\/\/www.europesays.com\/es\/wp-json\/wp\/v2\/posts\/231067","targetHints":{"allow":["GET"]}}],"collection":[{"href":"https:\/\/www.europesays.com\/es\/wp-json\/wp\/v2\/posts"}],"about":[{"href":"https:\/\/www.europesays.com\/es\/wp-json\/wp\/v2\/types\/post"}],"author":[{"embeddable":true,"href":"https:\/\/www.europesays.com\/es\/wp-json\/wp\/v2\/users\/2"}],"replies":[{"embeddable":true,"href":"https:\/\/www.europesays.com\/es\/wp-json\/wp\/v2\/comments?post=231067"}],"version-history":[{"count":0,"href":"https:\/\/www.europesays.com\/es\/wp-json\/wp\/v2\/posts\/231067\/revisions"}],"wp:featuredmedia":[{"embeddable":true,"href":"https:\/\/www.europesays.com\/es\/wp-json\/wp\/v2\/media\/231068"}],"wp:attachment":[{"href":"https:\/\/www.europesays.com\/es\/wp-json\/wp\/v2\/media?parent=231067"}],"wp:term":[{"taxonomy":"category","embeddable":true,"href":"https:\/\/www.europesays.com\/es\/wp-json\/wp\/v2\/categories?post=231067"},{"taxonomy":"post_tag","embeddable":true,"href":"https:\/\/www.europesays.com\/es\/wp-json\/wp\/v2\/tags?post=231067"}],"curies":[{"name":"wp","href":"https:\/\/api.w.org\/{rel}","templated":true}]}}