{"id":231080,"date":"2025-11-11T21:41:21","date_gmt":"2025-11-11T21:41:21","guid":{"rendered":"https:\/\/www.europesays.com\/es\/231080\/"},"modified":"2025-11-11T21:41:21","modified_gmt":"2025-11-11T21:41:21","slug":"esto-dijo-lorenzo-musetti-sobre-su-agonico-pase-a-las-atp-finals-2025","status":"publish","type":"post","link":"https:\/\/www.europesays.com\/es\/231080\/","title":{"rendered":"Esto dijo Lorenzo Musetti sobre su ag\u00f3nico pase a las ATP Finals 2025"},"content":{"rendered":"<p class=\"quota-display text-align-center\">\n        <a href=\"https:\/\/www.puntodebreak.com\/MDBA-B3-PDB-QUOTA-25\" rel=\"sponsored nofollow noopener\" title=\"Apuesta en bet365\" target=\"_blank\"><\/p>\n<p>            <img decoding=\"async\" alt=\"Bet365\" class=\"bet-logo lazyload\" loading=\"lazy\" src=\"https:\/\/www.europesays.com\/es\/wp-content\/uploads\/2025\/11\/b365.jpg\"\/>Streaming ATP Finals en directo<\/p>\n<p> \ud83c\udfbe Ben Shelton vs Felix Auger Aliassime<\/p>\n<ol class=\"stream-card__steps\">\n<li>Entra aqu\u00ed y reg\u00edstrate en Bet365<\/li>\n<li>Haz tu primer dep\u00f3sito de m\u00ednimo 5\u00a0\u20ac<\/li>\n<li>Entra en la secci\u00f3n \u00abDirecto\u00bb y ve todos los partidos<\/li>\n<\/ol>\n<p>\n                                Ver partido en Bet365\n                            <\/p>\n<p>        <\/a>\n      <\/p>\n<p class=\"text-align-justify\"><strong>Lorenzo Musetti<\/strong> no ha tenido ni un minuto de respiro esta semana. Despu\u00e9s de irse al <strong>ATP Atenas<\/strong> para conseguir el pase a las <strong>ATP Finals<\/strong>, luchar durante toda la semana y caer en la final ante <strong>Novak Djokovic<\/strong>, el de Carrara viaj\u00f3 a Tur\u00edn debido a la baja del serbio y este mismo lunes, menos de 48 horas despu\u00e9s de su final en Grecia, se ver\u00e1 las caras con <strong>Taylor Fritz<\/strong>.<\/p>\n<p class=\"text-align-justify\">Y es que las \u00faltimas semanas han sido muy intensas para <a href=\"https:\/\/www.puntodebreak.com\/tenis\/lorenzo-musetti\" rel=\"nofollow noopener\" target=\"_blank\"><strong>Lorenzo Musetti<\/strong><\/a>. Consciente de que <a href=\"https:\/\/www.atptour.com\/es\/players\/felix-auger-aliassime\/ag37\/overview\" rel=\"nofollow noopener\" target=\"_blank\"><strong>F\u00e9lix Auger-Aliassime<\/strong><\/a> se le acercaba peligrosamente tras el <a href=\"https:\/\/www.usopen.org\/index.html\" rel=\"nofollow noopener\" target=\"_blank\"><strong>US Open<\/strong><\/a>. El italiano se enmarc\u00f3 en una gira asi\u00e1tica en la que fue de m\u00e1s a menos. Mientras que el canadiense iba recortando cada vez m\u00e1s distancia hasta que se produjo el &#8216;sorpasso&#8217; en el <a href=\"https:\/\/www.puntodebreak.com\/tenis\/atp-rolex-paris-masters-2025\" rel=\"nofollow noopener\" target=\"_blank\"><strong>ATP Rolex Par\u00eds Masters<\/strong><\/a>, donde Aliassime llegaba a la final y Musetti se quedaba en la primera ronda.<\/p>\n<p class=\"text-align-justify\">Esta situaci\u00f3n dejaba a Musetti fuera de las ATP Finals a falta de una semana. La \u00fanica opci\u00f3n de estar en Tur\u00edn era ganar el ATP Atenas o esperar a que Novak Djokovic renunciarse a su plaza. Pero el serbio se hizo el remol\u00f3n durante toda la semana, as\u00ed que el de Carrara fue superando obst\u00e1culos en Grecia hasta encontrarse en la final con el campe\u00f3n de 24 Grand Slams. All\u00ed, Djokovic fue superior, pero nada m\u00e1s terminar el duelo le dijo a Musetti que no iba a jugar las ATP Finals y que le ced\u00eda el puesto.<\/p>\n<p class=\"text-align-justify\">As\u00ed que despu\u00e9s de una semana de tensi\u00f3n, esperanza, frustraci\u00f3n y dudas, Lorenzo Musetti consigui\u00f3 entrar en las ATP Finals gracias a Novak Djokovic. Y sobre el momento en el que el serbio se lo confes\u00f3, su estado f\u00edsico despu\u00e9s de unos meses intensos y sus pr\u00f3ximos objetivos, habl\u00f3 a su llegada a Tur\u00edn.<\/p>\n<p><strong>Lorenzo Musetti y el momento en el que Novak Djokovic le confiesa que no va a jugar las ATP Finals<\/strong><\/p>\n<p class=\"text-align-justify\">\u00abNovak cumpli\u00f3 con las normas de la ATP y del torneo. Lo extra\u00f1o fue que jug\u00f3 justo la semana anterior a las ATP Finals, \u00a0algo raro para un jugador que ya estaba clasificado. En la red, al final del partido, me dijo que no vendr\u00eda y nos echamos a re\u00edr. \u00a0Estuve intrigado toda la semana por saber si vendr\u00eda o no, pero intent\u00e9 concentrarme solo en m\u00ed mismo y creo que lo hice bien, aunque no gan\u00e9 la final. En Atenas no hizo ninguna declaraci\u00f3n; hab\u00eda dicho en la rueda de prensa que confirmar\u00eda su participaci\u00f3n al final del torneo, y as\u00ed fue: cumpli\u00f3 su palabra. Me lo dijo en la red justo despu\u00e9s de ganarme\u00bb.<\/p>\n<p><strong>Una lucha con Auger-Aliassime que comenz\u00f3 tras el US Open<\/strong><\/p>\n<p class=\"text-align-justify\">\u00abLas Finals eran un objetivo que empez\u00f3 a hacerse realidad tras los cuartos de final en Nueva York: hab\u00eda logrado una buena ventaja sobre Auger-Aliassime, aunque al final no fue suficiente. Sin embargo, tambi\u00e9n fue bonito para los aficionados en general ver esta batalla final durante el \u00faltimo mes y medio. Fue una sana rivalidad, y lo mejor es que al final ambos nos clasificamos\u00bb.<\/p>\n<p class=\"text-align-justify\"><strong>Le ha pasado factura la obsesi\u00f3n por las ATP Finals<\/strong><\/p>\n<p class=\"text-align-justify\">\u00abA estas alturas de la temporada, el cansancio, tanto f\u00edsico como mental, lo siente todo el mundo. Me esforc\u00e9 mucho por llegar a estas Finales, quiz\u00e1 demasiado, y por una raz\u00f3n u otra, no disfrut\u00e9 de ciertas cosas. Quiz\u00e1 me presion\u00e9 demasiado en algunos torneos\u00bb.<\/p>\n<p class=\"text-align-justify\"><img decoding=\"async\" alt=\".\" data-entity-type=\"file\" data-entity-uuid=\"3811bded-d78a-44b9-bede-1c38556039c5\" width=\"612\" height=\"408\" loading=\"lazy\" class=\"lazyload\" src=\"https:\/\/www.europesays.com\/es\/wp-content\/uploads\/2025\/11\/Musetti-ATP-Finals.jpg\"\/><\/p>\n<p><strong>Todav\u00eda no piensa en 2026<\/strong><\/p>\n<p class=\"text-align-justify\">\u00abTodav\u00eda no hemos hablado con el equipo sobre nuestros pr\u00f3ximos objetivos, y la verdad es que no lo he pensado mucho. Ahora mismo solo quiero concentrarme y disfrutar de lo que he logrado; esta semana es muy importante para m\u00ed. Ahora mismo me encuentro bien f\u00edsicamente, no s\u00e9 si es por el entusiasmo de las \u00faltimas noticias, pero me encuentro bien\u00bb.<\/p>\n<p class=\"text-align-justify\"><strong>Tampoco da pistas sobre la posible incorporaci\u00f3n de Jos\u00e9 Perlas<\/strong><\/p>\n<p class=\"text-align-justify\">\u00abDe momento es el que ya conoc\u00e9is. Si tengo alguna novedad o alg\u00fan cambio, os lo comunicar\u00e9 yo mismo, pero no hoy. Todav\u00eda no he planeado nada para el a\u00f1o que viene ni para el futuro; ha sido un final de temporada muy intenso\u00bb, sentencia un <strong>Lorenzo Musetti <\/strong>que, tras semanas de batalla, ha conseguido su objetivo de entrar en las <strong>ATP Finals<\/strong>.\u00a0<br \/>\u00a0<\/p>\n","protected":false},"excerpt":{"rendered":"Streaming ATP Finals en directo \ud83c\udfbe Ben Shelton vs Felix Auger Aliassime Entra aqu\u00ed y reg\u00edstrate en Bet365&hellip;\n","protected":false},"author":2,"featured_media":231081,"comment_status":"","ping_status":"","sticky":false,"template":"","format":"standard","meta":{"footnotes":""},"categories":[274],"tags":[168,25,24,23,167,327,326],"class_list":{"0":"post-231080","1":"post","2":"type-post","3":"status-publish","4":"format-standard","5":"has-post-thumbnail","7":"category-tenis","8":"tag-deportes","9":"tag-es","10":"tag-espana","11":"tag-spain","12":"tag-sports","13":"tag-tenis","14":"tag-tennis"},"share_on_mastodon":{"url":"https:\/\/pubeurope.com\/@es\/115533243276434775","error":""},"_links":{"self":[{"href":"https:\/\/www.europesays.com\/es\/wp-json\/wp\/v2\/posts\/231080","targetHints":{"allow":["GET"]}}],"collection":[{"href":"https:\/\/www.europesays.com\/es\/wp-json\/wp\/v2\/posts"}],"about":[{"href":"https:\/\/www.europesays.com\/es\/wp-json\/wp\/v2\/types\/post"}],"author":[{"embeddable":true,"href":"https:\/\/www.europesays.com\/es\/wp-json\/wp\/v2\/users\/2"}],"replies":[{"embeddable":true,"href":"https:\/\/www.europesays.com\/es\/wp-json\/wp\/v2\/comments?post=231080"}],"version-history":[{"count":0,"href":"https:\/\/www.europesays.com\/es\/wp-json\/wp\/v2\/posts\/231080\/revisions"}],"wp:featuredmedia":[{"embeddable":true,"href":"https:\/\/www.europesays.com\/es\/wp-json\/wp\/v2\/media\/231081"}],"wp:attachment":[{"href":"https:\/\/www.europesays.com\/es\/wp-json\/wp\/v2\/media?parent=231080"}],"wp:term":[{"taxonomy":"category","embeddable":true,"href":"https:\/\/www.europesays.com\/es\/wp-json\/wp\/v2\/categories?post=231080"},{"taxonomy":"post_tag","embeddable":true,"href":"https:\/\/www.europesays.com\/es\/wp-json\/wp\/v2\/tags?post=231080"}],"curies":[{"name":"wp","href":"https:\/\/api.w.org\/{rel}","templated":true}]}}