{"id":231096,"date":"2025-11-11T21:53:17","date_gmt":"2025-11-11T21:53:17","guid":{"rendered":"https:\/\/www.europesays.com\/es\/231096\/"},"modified":"2025-11-11T21:53:17","modified_gmt":"2025-11-11T21:53:17","slug":"canarias-mantiene-la-mayor-tasa-de-sifilis-del-pais-y-la-clamidia-sube-un-60-en-el-ultimo-ano","status":"publish","type":"post","link":"https:\/\/www.europesays.com\/es\/231096\/","title":{"rendered":"Canarias mantiene la mayor tasa de s\u00edfilis del pa\u00eds y la clamidia sube un 60% en el \u00faltimo a\u00f1o"},"content":{"rendered":"<p><a class=\"v-mdl-ath__fig-a\" href=\"https:\/\/www.canarias7.es\/autor\/carmen-delia-aranda-rodriguez-3370.html\" title=\"Carmen Delia Aranda Rodr\u00edguez\" rel=\"nofollow noopener\" target=\"_blank\"><br \/>\n<img decoding=\"async\" class=\"v-mdl-ath__img\" src=\"https:\/\/www.europesays.com\/es\/wp-content\/uploads\/2025\/09\/autor-3370-foto-1.jpeg\" alt=\"Carmen Delia Aranda Rodr\u00edguez\"\/><br \/>\n<\/a><\/p>\n<p class=\"v-mdl-ath__p v-mdl-ath__p--6\">\nMartes, 11 de noviembre 2025, 14:52<\/p>\n<p class=\"v-p\">Canarias se sit\u00faa entre las comunidades espa\u00f1olas con mayor prevalencia de <strong>infecciones de transmisi\u00f3n sexual <\/strong>(ITS), seg\u00fan el Informe de Vigilancia Epidemiol\u00f3gica de las ITS en Espa\u00f1a 2024, publicado recientemente. <\/p>\n<p class=\"v-p\">Por esta raz\u00f3n, bajo el lema &#8216;<strong>\u00a1Que nada te impida usar el preservativo! Disfruta del sexo seguro&#8217;<\/strong>, la Consejer\u00eda de Sanidad ha puesto en marcha una nueva campa\u00f1a de prevenci\u00f3n para frenar el avance de estas enfermedades.<\/p>\n<p class=\"v-p\">En concreto, el archipi\u00e9lago registra la cuarta mayor tasa de gonorrea y clamidia y, por tercer a\u00f1o consecutivo, es la comunidad con <strong>mayor prevalencia de s\u00edfilis<\/strong> en el Estado. <\/p>\n<p>Alta prevalencia<\/p>\n<p class=\"v-p\">Las islas notificaron 928 diagn\u00f3sticos de s\u00edfilis en 2024, lo que supone una tasa de 41,45 casos por cada 100.000 habitantes. Catalu\u00f1a (33,85) y Baleares (33,77) son las siguientes regiones donde la infecci\u00f3n presenta mayor incidencia, seg\u00fan los datos del Ministerio de Sanidad.<\/p>\n<p class=\"v-p\">Pese a ello,<strong> los casos de s\u00edfilis se han reducido un 22%<\/strong> en el \u00faltimo a\u00f1o en Canarias. No ocurre lo mismo con la gonorrea y la clamidia, cuya transmisi\u00f3n ha seguido aumentando.<\/p>\n<p class=\"v-p\"><strong>Los casos de clamidiosis se han disparado<\/strong>, con un incremento del 58,6% respecto a 2023. El Servicio Canario de la Salud diagnostic\u00f3 el a\u00f1o pasado 2.137 casos de esta infecci\u00f3n -en muchos casos, asintom\u00e1tica- frente a 1.347 detectados el a\u00f1o anterior.<\/p>\n<p class=\"v-p\"><strong>La gonorrea tambi\u00e9n ha incrementado su circulaci\u00f3n<\/strong> entre la poblaci\u00f3n canaria, con un aumento del 40,7% en el \u00faltimo a\u00f1o. En 2024 se notificaron 1.461 infecciones gonoc\u00f3cicas, 423 m\u00e1s que en 2023.<\/p>\n<p>Clamidia y gonorrea, al alza tambi\u00e9n este a\u00f1o<\/p>\n<p class=\"v-p\">Los datos m\u00e1s recientes tampoco invitan al optimismo: solo entre enero y octubre de este a\u00f1o se han registrado 1.312 casos de gonorrea, 1.935 diagn\u00f3sticos de clamidiosis y 568 de s\u00edfilis, esta \u00faltima con una tendencia descendente.<\/p>\n<p class=\"v-p\">En Canarias, la <strong>s\u00edfilis <\/strong>afecta mayoritariamente a hombres (82,9%), con edades comprendidas entre los 15 y los 89 a\u00f1os y una media de 38,2 a\u00f1os. La provincia de Las Palmas concentra el 60,7% de los casos, frente al 39,2% de Santa Cruz de Tenerife.<\/p>\n<p class=\"v-p\">Tambi\u00e9n la <strong>infecci\u00f3n gonoc\u00f3cica<\/strong> presenta un mayor impacto entre los hombres (78,2%), con edades entre 14 y 70 a\u00f1os y una media de 31,4 a\u00f1os. En el caso de la <strong>clamidiosis<\/strong>, la distribuci\u00f3n por sexo es m\u00e1s equilibrada: hombres (49,1%) y mujeres (50,9%). Esta infecci\u00f3n se ha diagnosticado en edades comprendidas entre los 0 meses y los 70 a\u00f1os, con una media de 28,1 a\u00f1os.<\/p>\n<p>Preservativo para librarse de males<\/p>\n<p class=\"v-p\">Ante este panorama, la Consejer\u00eda de Sanidad ha lanzado una campa\u00f1a para<strong> promover el uso del preservativo <\/strong>como la medida m\u00e1s eficaz y segura para evitar la transmisi\u00f3n de estas infecciones, inform\u00f3 el departamento en un comunicado.<\/p>\n<p class=\"v-p\">\u00abLa falta de informaci\u00f3n, el estigma y la falsa sensaci\u00f3n de invulnerabilidad hacen que muchas personas no adopten medidas preventivas, como el uso del preservativo\u00bb, se\u00f1al\u00f3 el director general de Salud P\u00fablica, Jos\u00e9 D\u00edaz-Flores.<\/p>\n<p>Causas del problema<\/p>\n<p class=\"v-p\">El desconocimiento sobre las ITS, la baja percepci\u00f3n del riesgo, la reducci\u00f3n en el uso del preservativo, especialmente entre los j\u00f3venes, el inicio temprano de las relaciones sexuales, la <strong>ausencia de una educaci\u00f3n sexoafectiva<\/strong> reglada en los centros educativos y el pudor a acudir a los servicios sanitarios por el estigma que a\u00fan rodea a estas enfermedades figuran entre las principales causas del repunte de infecciones en el archipi\u00e9lago.<\/p>\n<p><a href=\"http:\/\/www.canarias7.es\/sociedad\/salud\/esther-monzon-detalla-parlamento-medidas-its-canarias-20250228120357-nt.html#vtm_modulosEngag=mod-rel:sociedad:noticia:1:cmp:1-not\" class=\"v-a-link\" title=\"Reclaman ma\u0301s prevencio\u0301n y concienciacio\u0301n ante el aumento de infecciones de transmisio\u0301n\u00a0sexual\" rel=\"nofollow noopener\" target=\"_blank\"><br \/>\n<img decoding=\"async\" loading=\"lazy\" src=\"https:\/\/www.europesays.com\/es\/wp-content\/uploads\/2025\/11\/monzon-kbJ--1200x840@Canarias7.jpg\" class=\"v-a-img\" width=\"258\" height=\"180\" alt=\"Reclaman ma\u0301s prevencio\u0301n y concienciacio\u0301n ante el aumento de infecciones de transmisio\u0301n\u00a0sexual\"\/><\/p>\n<p><\/a><\/p>\n<p>Reporta un error<\/p>\n","protected":false},"excerpt":{"rendered":"Martes, 11 de noviembre 2025, 14:52 Canarias se sit\u00faa entre las comunidades espa\u00f1olas con mayor prevalencia de infecciones&hellip;\n","protected":false},"author":2,"featured_media":231097,"comment_status":"","ping_status":"","sticky":false,"template":"","format":"standard","meta":{"footnotes":""},"categories":[92],"tags":[1611,1896,44429,25,24,165,5968,31,698,166,47613,23,7247,7816,3667],"class_list":{"0":"post-231096","1":"post","2":"type-post","3":"status-publish","4":"format-standard","5":"has-post-thumbnail","7":"category-salud","8":"tag-ano","9":"tag-canarias","10":"tag-clamidia","11":"tag-es","12":"tag-espana","13":"tag-health","14":"tag-mantiene","15":"tag-mayor","16":"tag-pais","17":"tag-salud","18":"tag-sifilis","19":"tag-spain","20":"tag-sube","21":"tag-tasa","22":"tag-ultimo"},"share_on_mastodon":{"url":"https:\/\/pubeurope.com\/@es\/115533290565936395","error":""},"_links":{"self":[{"href":"https:\/\/www.europesays.com\/es\/wp-json\/wp\/v2\/posts\/231096","targetHints":{"allow":["GET"]}}],"collection":[{"href":"https:\/\/www.europesays.com\/es\/wp-json\/wp\/v2\/posts"}],"about":[{"href":"https:\/\/www.europesays.com\/es\/wp-json\/wp\/v2\/types\/post"}],"author":[{"embeddable":true,"href":"https:\/\/www.europesays.com\/es\/wp-json\/wp\/v2\/users\/2"}],"replies":[{"embeddable":true,"href":"https:\/\/www.europesays.com\/es\/wp-json\/wp\/v2\/comments?post=231096"}],"version-history":[{"count":0,"href":"https:\/\/www.europesays.com\/es\/wp-json\/wp\/v2\/posts\/231096\/revisions"}],"wp:featuredmedia":[{"embeddable":true,"href":"https:\/\/www.europesays.com\/es\/wp-json\/wp\/v2\/media\/231097"}],"wp:attachment":[{"href":"https:\/\/www.europesays.com\/es\/wp-json\/wp\/v2\/media?parent=231096"}],"wp:term":[{"taxonomy":"category","embeddable":true,"href":"https:\/\/www.europesays.com\/es\/wp-json\/wp\/v2\/categories?post=231096"},{"taxonomy":"post_tag","embeddable":true,"href":"https:\/\/www.europesays.com\/es\/wp-json\/wp\/v2\/tags?post=231096"}],"curies":[{"name":"wp","href":"https:\/\/api.w.org\/{rel}","templated":true}]}}