{"id":231110,"date":"2025-11-11T22:04:15","date_gmt":"2025-11-11T22:04:15","guid":{"rendered":"https:\/\/www.europesays.com\/es\/231110\/"},"modified":"2025-11-11T22:04:15","modified_gmt":"2025-11-11T22:04:15","slug":"atencion-al-reves-a-una-mano-que-dejo-estupefacto-a-fritz","status":"publish","type":"post","link":"https:\/\/www.europesays.com\/es\/231110\/","title":{"rendered":"atenci\u00f3n al rev\u00e9s a una mano que dej\u00f3 estupefacto a Fritz"},"content":{"rendered":"<p class=\"L6-news-detail__text\">Remontada de suma autoridad de <b>Carlos Alcaraz<\/b> en Tur\u00edn ante <b>Taylor Fritz<\/b> para lograr su segunda victoria en la Copa de Maestros.<\/p>\n<p class=\"L6-news-detail__text\">El murciano, que se deshizo de <b>Alex de <\/b><b>Mi\u00f1aur<\/b> en dos sets en su debut, ha sufrido mucho m\u00e1s ante el estadounidense, que se llev\u00f3 la primera manga en el tie-break. <\/p>\n<p class=\"L6-news-detail__text\">En el primer set, con 4-4 en el marcador, Alcaraz dej\u00f3 un puntazo de extraterrestre con un paralelo de rev\u00e9s a una mano que record\u00f3 a los mejores d\u00edas de <b>Roger Federer<\/b>. <\/p>\n<p class=\"L6-news-detail__text\">Con esta victoria, Carlitos tan solo tendr\u00eda que sumar una m\u00e1s para asegurarse ser el n\u00famero 1 del mundo al t\u00e9rmino del a\u00f1o. <\/p>\n<p class=\"L6-news-detail__text\">Su siguiente cruce ser\u00e1 contra <b>Lorenzo <\/b><b>Musetti<\/b>, rival a priori factible para el espa\u00f1ol que ya perdi\u00f3 en su debut ante Fritz. <\/p>\n<p class=\"L6-news-detail__text\">Tras pasar 2 horas y 48 minutos en pista para vencer a Taylor (6-7(2), 7-5 y 6-3), el murciano volver\u00e1 a jugar este mi\u00e9rcoles contra el italiano.<\/p>\n<blockquote class=\"twitter-tweet\" data-media-max-width=\"560\">\n<p class=\"L6-news-detail__text\">Cheeky single hander \ud83d\ude2e\u200d\ud83d\udca8<a title=\"@carlosalcaraz\" href=\"https:\/\/twitter.com\/carlosalcaraz?ref_src=twsrc%5Etfw\" target=\"_blank\" rel=\"nofollow noopener\">@carlosalcaraz<\/a><a title=\"#NittoATPFinals\" href=\"https:\/\/twitter.com\/hashtag\/NittoATPFinals?src=hash&amp;ref_src=twsrc%5Etfw\" target=\"_blank\" rel=\"nofollow noopener\">#NittoATPFinals<\/a><a title=\"pic.twitter.com\/0OpTkTBve1\" href=\"https:\/\/t.co\/0OpTkTBve1\" target=\"_blank\" rel=\"nofollow\">pic.twitter.com\/0OpTkTBve1<\/a><\/p>\n<p>\u2014 Tennis TV (@TennisTV) <a title=\"November 11, 2025\" href=\"https:\/\/twitter.com\/TennisTV\/status\/1988247516471562287?ref_src=twsrc%5Etfw\" target=\"_blank\" rel=\"nofollow noopener\">November 11, 2025<\/a><\/p><\/blockquote>\n<p class=\"L6-support-news-video__title\">En 1985<\/p>\n<p>            <a href=\"https:\/\/www.lasexta.com\/noticias\/deportes\/otros-deportes\/jaque-mate-historia-40-anos-victoria-kasparov-karpov-reinado-ajedrez_202511096910f32d5442607f2ff499a3.html\" class=\"L6-news__link\" rel=\"nofollow noopener\" target=\"_blank\"><br \/>\n                Un jaque mate para la historia: 40 a\u00f1os de la victoria de Kasparov ante Karpov por el reinado del ajedrez<\/p>\n<p class=\"recirculation-video-desc\">El contexto El 9 de noviembre de 1985, un joven Garry Kasparov se llev\u00f3 la victoria definitiva en el Mundial ante su compatriota Anatoli Karpov para convertirse en el campe\u00f3n m\u00e1s joven de la historia del ajedrez.<\/p>\n<p>            <\/a><\/p>\n<p><script async src=\"https:\/\/platform.twitter.com\/widgets.js\" charset=\"utf-8\"><\/script><\/p>\n","protected":false},"excerpt":{"rendered":"Remontada de suma autoridad de Carlos Alcaraz en Tur\u00edn ante Taylor Fritz para lograr su segunda victoria en&hellip;\n","protected":false},"author":2,"featured_media":231111,"comment_status":"","ping_status":"","sticky":false,"template":"","format":"standard","meta":{"footnotes":""},"categories":[274],"tags":[168,25,24,23,167,327,326],"class_list":{"0":"post-231110","1":"post","2":"type-post","3":"status-publish","4":"format-standard","5":"has-post-thumbnail","7":"category-tenis","8":"tag-deportes","9":"tag-es","10":"tag-espana","11":"tag-spain","12":"tag-sports","13":"tag-tenis","14":"tag-tennis"},"share_on_mastodon":{"url":"https:\/\/pubeurope.com\/@es\/115533333421840036","error":""},"_links":{"self":[{"href":"https:\/\/www.europesays.com\/es\/wp-json\/wp\/v2\/posts\/231110","targetHints":{"allow":["GET"]}}],"collection":[{"href":"https:\/\/www.europesays.com\/es\/wp-json\/wp\/v2\/posts"}],"about":[{"href":"https:\/\/www.europesays.com\/es\/wp-json\/wp\/v2\/types\/post"}],"author":[{"embeddable":true,"href":"https:\/\/www.europesays.com\/es\/wp-json\/wp\/v2\/users\/2"}],"replies":[{"embeddable":true,"href":"https:\/\/www.europesays.com\/es\/wp-json\/wp\/v2\/comments?post=231110"}],"version-history":[{"count":0,"href":"https:\/\/www.europesays.com\/es\/wp-json\/wp\/v2\/posts\/231110\/revisions"}],"wp:featuredmedia":[{"embeddable":true,"href":"https:\/\/www.europesays.com\/es\/wp-json\/wp\/v2\/media\/231111"}],"wp:attachment":[{"href":"https:\/\/www.europesays.com\/es\/wp-json\/wp\/v2\/media?parent=231110"}],"wp:term":[{"taxonomy":"category","embeddable":true,"href":"https:\/\/www.europesays.com\/es\/wp-json\/wp\/v2\/categories?post=231110"},{"taxonomy":"post_tag","embeddable":true,"href":"https:\/\/www.europesays.com\/es\/wp-json\/wp\/v2\/tags?post=231110"}],"curies":[{"name":"wp","href":"https:\/\/api.w.org\/{rel}","templated":true}]}}