{"id":231112,"date":"2025-11-11T22:05:20","date_gmt":"2025-11-11T22:05:20","guid":{"rendered":"https:\/\/www.europesays.com\/es\/231112\/"},"modified":"2025-11-11T22:05:20","modified_gmt":"2025-11-11T22:05:20","slug":"campeones-del-mundo-ganadores-del-tour-y-otros-grandes-ciclistas-aun-sin-equipo-para-2026","status":"publish","type":"post","link":"https:\/\/www.europesays.com\/es\/231112\/","title":{"rendered":"Campeones del Mundo, ganadores del Tour y otros grandes ciclistas a\u00fan sin equipo para 2026"},"content":{"rendered":"<p>Como suele suceder cada final de a\u00f1o, esos \u00faltimos meses previos al inicio de la pr\u00f3xima temporada se convierten en <strong>un aut\u00e9ntico drama para los ciclistas que no han logrado suscribir a\u00fan un contrato<\/strong> para la pr\u00f3xima campa\u00f1a dejando su continuidad en el ciclismo en el filo de la navaja. Desapariciones de equipos como Ark\u00e9a, o fusiones como las de Lotto e Intermarch\u00e9 limitan a\u00fan m\u00e1s los puestos disponibles entre la \u00e9lite.<\/p>\n<p><img class=\" lazyload\" border=\"0\" alt=\"Campeones del Mundo, ganadores del Tour y otros grandes ciclistas a\u00fan sin equipo para 2026\" width=\"1200\" height=\"675\"  data-\/><\/p>\n<p>Dentro de lo habitual de esta situaci\u00f3n que se produce a\u00f1o tras a\u00f1o, en este final de 2025 destaca la cantidad de nombres relevantes que a\u00fan no tienen asegurado su futuro cuando ya los equipo, comienzan a convocar a sus ciclistas a las primeras concentraciones de pretemporada de cara a la inminente campa\u00f1a.<\/p>\n<p>Varios de estos nombres son veteranos del pelot\u00f3n como el <strong>ex campe\u00f3n del mundo Michal Kwiatkowski<\/strong> qui\u00e9n, tras 10 temporadas en la estructura de Sky y ahora INEOS se encuentra sin equipo pese a su calidad como ciclista y una edad, 35 a\u00f1os, que bajo los est\u00e1ndares actuales a\u00fan lo har\u00eda perfectamente v\u00e1lido al m\u00e1ximo nivel como hombre de equipo.<\/p>\n<p><img class=\" lazyload\" border=\"0\" alt=\"Campeones del Mundo, ganadores del Tour y otros grandes ciclistas a\u00fan sin equipo para 2026\" width=\"1200\" height=\"630\"  data-\/><\/p>\n<p>M\u00e1s a\u00fan si cabe destaca que <strong>Richard Carapaz se encuentre sin contrato<\/strong> tras finalizar su etapa en EF Education-EasyPost. El ecuatoriano ha tenido una segunda mitad de temporada desastrosa merced a una infecci\u00f3n que le dej\u00f3 sin Tour ni Vuelta. Regresaba en las cl\u00e1sicas italianas de fin de temporada con las miras puestas en el Mundial pero lejos del nivel que le llev\u00f3 a alcanzar el podio del Giro de Italia all\u00e1 por el mes de mayo.<\/p>\n<p>Otro ciclista de nivel que a\u00fan no ha encontrado acomodo es <strong>Biniam<\/strong>, en su caso tras verse afectado por la fusi\u00f3n entre Lotto e Intermarch\u00e9 y las aparentes negativas de Lotto a mantener las condiciones que el eritreo hab\u00eda firmado con Intermarch\u00e9. En su caso no le deber\u00edan faltar ofertas y es probable que sus situaci\u00f3n se aclare en las pr\u00f3ximas semanas.<\/p>\n<p><img class=\" lazyload\" border=\"0\" alt=\"Campeones del Mundo, ganadores del Tour y otros grandes ciclistas a\u00fan sin equipo para 2026\" width=\"780\" height=\"470\"  data-\/><\/p>\n<p>Todo lo contrario que un <strong>Chris Froome<\/strong>, totalmente desaparecido en las \u00faltimas temporadas en las filas de Israel-PremierTech y que parece que, pese a sus ya declaradas intenciones de continuar como ciclista profesional en activo, no parece viable que ning\u00fan equipo del m\u00e1ximo nivel vaya a contar con el ciclista brit\u00e1nico.<\/p>\n<p>Una larga lista que alcanza los 94 nombres en lo que a la categor\u00eda World Tour se refiere y que incluye algunos como los de <strong>Jefferson Cepeda, Esteban Chaves, Hugh Carthy, Brandon Rivera o Ben Swift.<\/strong> En lo que respecta al ciclismo espa\u00f1ol, el nombre m\u00e1s rese\u00f1able ser\u00eda el de <strong>Jes\u00fas Herrada<\/strong>\u00a0aunque, en las \u00faltimas horas todo apunta a que acabar\u00e1 recalando en las filas del Burgos-Burpelet-BH\u00a0<strong>(se confirma su fichaje por el Burgos).<\/strong><\/p>\n","protected":false},"excerpt":{"rendered":"Como suele suceder cada final de a\u00f1o, esos \u00faltimos meses previos al inicio de la pr\u00f3xima temporada se&hellip;\n","protected":false},"author":2,"featured_media":231113,"comment_status":"","ping_status":"","sticky":false,"template":"","format":"standard","meta":{"footnotes":""},"categories":[273],"tags":[313,312,168,25,24,23,167],"class_list":{"0":"post-231112","1":"post","2":"type-post","3":"status-publish","4":"format-standard","5":"has-post-thumbnail","7":"category-ciclismo","8":"tag-ciclismo","9":"tag-cycling","10":"tag-deportes","11":"tag-es","12":"tag-espana","13":"tag-spain","14":"tag-sports"},"share_on_mastodon":{"url":"https:\/\/pubeurope.com\/@es\/115533337337958198","error":""},"_links":{"self":[{"href":"https:\/\/www.europesays.com\/es\/wp-json\/wp\/v2\/posts\/231112","targetHints":{"allow":["GET"]}}],"collection":[{"href":"https:\/\/www.europesays.com\/es\/wp-json\/wp\/v2\/posts"}],"about":[{"href":"https:\/\/www.europesays.com\/es\/wp-json\/wp\/v2\/types\/post"}],"author":[{"embeddable":true,"href":"https:\/\/www.europesays.com\/es\/wp-json\/wp\/v2\/users\/2"}],"replies":[{"embeddable":true,"href":"https:\/\/www.europesays.com\/es\/wp-json\/wp\/v2\/comments?post=231112"}],"version-history":[{"count":0,"href":"https:\/\/www.europesays.com\/es\/wp-json\/wp\/v2\/posts\/231112\/revisions"}],"wp:featuredmedia":[{"embeddable":true,"href":"https:\/\/www.europesays.com\/es\/wp-json\/wp\/v2\/media\/231113"}],"wp:attachment":[{"href":"https:\/\/www.europesays.com\/es\/wp-json\/wp\/v2\/media?parent=231112"}],"wp:term":[{"taxonomy":"category","embeddable":true,"href":"https:\/\/www.europesays.com\/es\/wp-json\/wp\/v2\/categories?post=231112"},{"taxonomy":"post_tag","embeddable":true,"href":"https:\/\/www.europesays.com\/es\/wp-json\/wp\/v2\/tags?post=231112"}],"curies":[{"name":"wp","href":"https:\/\/api.w.org\/{rel}","templated":true}]}}