{"id":231116,"date":"2025-11-11T22:09:16","date_gmt":"2025-11-11T22:09:16","guid":{"rendered":"https:\/\/www.europesays.com\/es\/231116\/"},"modified":"2025-11-11T22:09:16","modified_gmt":"2025-11-11T22:09:16","slug":"no-es-facil-en-estos-sorteos-que-te-toque-algo-que-deseas-y-en-este-caso-asi-ha-sido","status":"publish","type":"post","link":"https:\/\/www.europesays.com\/es\/231116\/","title":{"rendered":"\u00abNo es f\u00e1cil en estos sorteos que te toque algo que deseas, y en este caso as\u00ed ha sido\u00bb"},"content":{"rendered":"<p style=\"\">El sorteo de la <strong>segunda ronda<\/strong> de la <strong>Copa del Rey 25-26<\/strong> ha repartido felicidad en la localidad extreme\u00f1a de <strong>Almendralejo<\/strong>. Los azulgranas del <a href=\"https:\/\/www.abc.es\/deportes\/orgullodenervion\/noticias-sevilla-fc\/extremadura-rival-sevilla-segunda-eliminatoria-copa-rey-20251111134152-nts.html\" target=\"_self\" data-voc-vtm-id=\"in-text-traffic\" title=\"CD Extremadura\" data-mrf-link=\"www.abc.es\" rel=\"nofollow noopener\">CD Extremadura<\/a> jugar\u00e1n en su estadio, el <strong>Francisco de la Hera<\/strong>, ante el <strong>Sevilla FC<\/strong> &#8230;  un partido especial marcado por <a href=\"https:\/\/www.abc.es\/deportes\/orgullodenervion\/noticias-sevilla-fc\/extremadura-sevilla-partido-homenajear-jose-antonio-reyes-20251111152619-nts.html\" target=\"_self\" data-voc-vtm-id=\"in-text-traffic\" title=\"el recuerdo de Jos\u00e9 Antonio Reyes\" data-mrf-link=\"www.abc.es\" rel=\"nofollow noopener\">el recuerdo de Jos\u00e9 Antonio Reyes<\/a>, exjugador de ambos clubes y leyenda sevillista. <\/p>\n<p class=\"voc-p\" style=\"\"><strong>Manuel Mosquera<\/strong>, director deportivo, y <strong>Pepe Reynols<\/strong>, secretario del Consejo de Administraci\u00f3n del <strong>CD Extremadura<\/strong>, han estado presentes en la Ciudad del F\u00fatbol de Las Rozas para asistir a dicho sorteo. <strong>Mosquera<\/strong> manifest\u00f3 en las redes oficiales del club extreme\u00f1o su alegr\u00eda por tener la oportunidad de disputar un encuentro de este calibre y ante un rival que ten\u00edan marcado en rojo: \u00abSentimos satisfacci\u00f3n, felicidad. <strong>Supone un merecido premio a todo lo que estamos haciendo<\/strong>. A un club que lleva muy poquito tiempo, por m\u00e1s etapas que haya tenido, y que todo esto le viene muy bien. Me sale hablar de nuestros aficionados, que se lo merecen. Nos sale hablar de nuestro club, que se lo merece en toda la gesti\u00f3n que est\u00e1n organizando, ejemplar. Me sale por nuestros jugadores y nuestro cuerpo t\u00e9cnico, que van a disfrutar de una noche espectacular contra un gran equipo. Como no jugamos para jugar nada m\u00e1s, intentaremos eliminarlos. Hemos tenido suerte. <strong>No es f\u00e1cil en estos sorteos que te toque algo que deseas, y en este caso as\u00ed ha sido<\/strong>\u00bb.<\/p>\n<p class=\"voc-p\" style=\"\">Como no pod\u00eda ser de otra manera, el director deportivo del Extremadura tuvo palabras cari\u00f1osas hacia Reyes, en un partido que promete ser muy emotivo: \u00abEvidentemente sale Jos\u00e9 siempre a la palestra porque es normal, ya hemos hechos muchos homenajes con \u00e9l. Era un guerrero nuestro, fue un guerrero del Sevilla, fue una leyenda para ellos. <strong>Si te enfrentas al Sevilla, el primer nombre que sale a relucir es el de Jos\u00e9 Antonio Reyes<\/strong>. Lo que se merece tanto el Extremadura, el Sevilla, como su familia, como \u00e9l es rememorarlo otra vez. Se van a juntar muchas cosas en este partido. Deportivas, no tan deportivas, homenajes merecidos&#8230; en definitiva, nos va a premiar en todos los sentidos a todas las partes. <strong>Espero que el Sevilla se sienta en nuestra casa muy c\u00f3modos<\/strong> porque vamos a hacer que todo sea una gran noche para ellos tambi\u00e9n\u00bb, declar\u00f3 Manuel Mosquera.<\/p>\n<p class=\"voc-p\" style=\"\">Pese a las tres categor\u00edas que les separan, en <strong>Almendralejo<\/strong> no abandonan la idea de poder avanzar a la siguiente ronda: \u00abEstaba claro que en todo esto, que tiene una dimensi\u00f3n con varias vertientes, la primera de todas es la deportiva. <strong>Tenemos un partido de eliminatoria de Copa en la que tenemos un rival que queremos eliminar<\/strong>. As\u00ed de simple. Despu\u00e9s, est\u00e1 la dificultad, que es m\u00e1xima y que las opciones no son muchas. Conociendo nuestras noches m\u00e1gicas, a nuestros futbolistas, la raza que tenemos y ese esp\u00edritu que tenemos con nuestra afici\u00f3n, seguro que van a estar ah\u00ed con nosotros arrop\u00e1ndonos\u00bb.<\/p>\n<p class=\"voc-p\" style=\"\">As\u00ed mismo, el secretario del consejo de administraci\u00f3n del conjunto extreme\u00f1o tambi\u00e9n quiso exponer sus sensaciones tras el resultado del sorteo, recordando de igual manera la figura de <strong>Reyes<\/strong>: \u00abMucha felicidad, estamos muy contentos. <strong>Para nosotros es un partido apasionante y lo abrazamos con much\u00edsima ilusi\u00f3n<\/strong>. En lo sentimental, obviamente por la figura de <strong>Jos\u00e9 Antonio Reyes<\/strong>, al cual esperamos poder rendirle un merecido homenaje ese d\u00eda. Estamos encantados\u00bb, revel\u00f3 <strong>Pepe Reynols<\/strong>.<\/p>\n<p class=\"voc-p\" style=\"\">Por ultimo, <strong>Reynols<\/strong> manifest\u00f3 la alegr\u00eda que sentir\u00e1 el municipio pacense el d\u00eda del partido: \u00ab<strong>Almendralejo va a ser una fiesta<\/strong>. Si ya lo ha sido con otros clubes que no han sido el <strong>Extremadura<\/strong> con estas eliminatorias de Copa del Rey que en los \u00faltimos a\u00f1os hemos podido disfrutar en el <strong>Francisco de la Hera<\/strong>, imagin\u00e9moslo en esta ocasi\u00f3n, que ya por fin le toca al <strong>Extremadura<\/strong>. Esperamos que sea una gran fiesta\u00bb.<\/p>\n","protected":false},"excerpt":{"rendered":"El sorteo de la segunda ronda de la Copa del Rey 25-26 ha repartido felicidad en la localidad&hellip;\n","protected":false},"author":2,"featured_media":231117,"comment_status":"","ping_status":"","sticky":false,"template":"","format":"standard","meta":{"footnotes":""},"categories":[268],"tags":[20708,9776,168,60478,25,24,9868,280,282,7532,1171,281,6681,23,167,26111],"class_list":{"0":"post-231116","1":"post","2":"type-post","3":"status-publish","4":"format-standard","5":"has-post-thumbnail","7":"category-futbol","8":"tag-alegria","9":"tag-almendralejo","10":"tag-deportes","11":"tag-deseas","12":"tag-es","13":"tag-espana","14":"tag-facil","15":"tag-football","16":"tag-futbol","17":"tag-jugar","18":"tag-sevilla","19":"tag-soccer","20":"tag-sorteos","21":"tag-spain","22":"tag-sports","23":"tag-toque"},"share_on_mastodon":{"url":"https:\/\/pubeurope.com\/@es\/115533352958089169","error":""},"_links":{"self":[{"href":"https:\/\/www.europesays.com\/es\/wp-json\/wp\/v2\/posts\/231116","targetHints":{"allow":["GET"]}}],"collection":[{"href":"https:\/\/www.europesays.com\/es\/wp-json\/wp\/v2\/posts"}],"about":[{"href":"https:\/\/www.europesays.com\/es\/wp-json\/wp\/v2\/types\/post"}],"author":[{"embeddable":true,"href":"https:\/\/www.europesays.com\/es\/wp-json\/wp\/v2\/users\/2"}],"replies":[{"embeddable":true,"href":"https:\/\/www.europesays.com\/es\/wp-json\/wp\/v2\/comments?post=231116"}],"version-history":[{"count":0,"href":"https:\/\/www.europesays.com\/es\/wp-json\/wp\/v2\/posts\/231116\/revisions"}],"wp:featuredmedia":[{"embeddable":true,"href":"https:\/\/www.europesays.com\/es\/wp-json\/wp\/v2\/media\/231117"}],"wp:attachment":[{"href":"https:\/\/www.europesays.com\/es\/wp-json\/wp\/v2\/media?parent=231116"}],"wp:term":[{"taxonomy":"category","embeddable":true,"href":"https:\/\/www.europesays.com\/es\/wp-json\/wp\/v2\/categories?post=231116"},{"taxonomy":"post_tag","embeddable":true,"href":"https:\/\/www.europesays.com\/es\/wp-json\/wp\/v2\/tags?post=231116"}],"curies":[{"name":"wp","href":"https:\/\/api.w.org\/{rel}","templated":true}]}}