{"id":231130,"date":"2025-11-11T22:20:09","date_gmt":"2025-11-11T22:20:09","guid":{"rendered":"https:\/\/www.europesays.com\/es\/231130\/"},"modified":"2025-11-11T22:20:09","modified_gmt":"2025-11-11T22:20:09","slug":"todos-los-anuncios-del-state-of-play-japan-de-noviembre","status":"publish","type":"post","link":"https:\/\/www.europesays.com\/es\/231130\/","title":{"rendered":"Todos los anuncios del State of Play Japan de noviembre"},"content":{"rendered":"<p>&#13;<br \/>\nSony ha publicado un nuevo directo State of Play. &#13;\n<\/p>\n<p>En esta ocasi\u00f3n el SoP llevaba el subt\u00edtulo \u00abJapan\u00bb, con m\u00e1s de 40 minutos de informaci\u00f3n de t\u00edtulos desarrollados en Jap\u00f3n y en otros pa\u00edses de Asia.<\/p>\n<p>&#13;<br \/>\nAqu\u00ed puedes ver nuestra cobertura en directo:&#13;\n<\/p>\n<p><a class=\"button video\" href=\"https:\/\/www.youtube.com\/watch?v=33PMeJJCVSo\" rel=\"noopener nofollow\" target=\"_blank\">Ver en YouTube<\/a><\/p>\n<p>&#13;<br \/>\nEstos son todos los anuncios del State of Play Japan de noviembre de 2025:&#13;\n<\/p>\n<p>Dragon Quest VII Reimagined<\/p>\n<p>Square Enix ha mostrado un nuevo vistazo al remake de la s\u00e9ptima entrega de la m\u00edtica saga de RPG. El juego se lanzar\u00e1 el 5 de febrero de 2026 en PC, PS5, Switch, Switch 2 y Xbox Series X\/S.<\/p>\n<p>El remake a\u00f1adir\u00e1 una nueva \u00e1rea en la que jugaremos con Kiefer adulto.<\/p>\n<p><a class=\"button video\" href=\"https:\/\/www.youtube.com\/watch?v=Wf6HMdCStmQ\" rel=\"noopener nofollow\" target=\"_blank\">Ver en YouTube<\/a><\/p>\n<p>inKonbinbi y Coffee Talk: Tokyo<\/p>\n<p>En inKonbini gestionaremos nuestra propia tienda de conveniencia en Jap\u00f3n. Se lanzar\u00e1 en abril de 2026<\/p>\n<p><a class=\"button video\" href=\"https:\/\/www.youtube.com\/watch?v=yvnvdI3dc5E\" rel=\"noopener nofollow\" target=\"_blank\">Ver en YouTube<\/a><\/p>\n<p>Coffee Talk: Tokyo, la secuela de las novelas visuales en las que gestionamos una cafeter\u00eda, se lanzar\u00e1 el 5 de marzo de 2026<\/p>\n<p>Brokenlore<\/p>\n<p>Se han mostrado tr\u00e1iler de los dos pr\u00f3ximos juegos de terror de la serie Brokenlore en PS5: Brokenlore Unfollow (enero de 2026) y Brokenlore Ascend (verano de 2026).<\/p>\n<p><a class=\"button video\" href=\"https:\/\/www.youtube.com\/watch?v=9e6kcwHZD-E\" rel=\"noopener nofollow\" target=\"_blank\">Ver en YouTube<\/a><\/p>\n<p>Fatal Frame II: Crimson Butterfly Remake<\/p>\n<p>Koei Tecmo ha vuelto a mostrar el remake de la segunda entrega de la saga de terror, conocida en algunos pa\u00edses como Project Zero, y ha confirmado la fecha de salida: se publicar\u00e1 el 12 de marzo.<\/p>\n<p><a class=\"button video\" href=\"https:\/\/www.youtube.com\/watch?v=5x21cCkMaYk\" rel=\"noopener nofollow\" target=\"_blank\">Ver en YouTube<\/a><\/p>\n","protected":false},"excerpt":{"rendered":"&#13; Sony ha publicado un nuevo directo State of Play. &#13; En esta ocasi\u00f3n el SoP llevaba el&hellip;\n","protected":false},"author":2,"featured_media":228776,"comment_status":"","ping_status":"","sticky":false,"template":"","format":"standard","meta":{"footnotes":""},"categories":[81],"tags":[119,123,124,25,24,117,121,122,23,118,120],"class_list":{"0":"post-231130","1":"post","2":"type-post","3":"status-publish","4":"format-standard","5":"has-post-thumbnail","7":"category-ciencia-y-tecnologia","8":"tag-ciencia","9":"tag-ciencia-y-tecnologia","10":"tag-cienciaytecnologia","11":"tag-es","12":"tag-espana","13":"tag-science","14":"tag-science-and-technology","15":"tag-scienceandtechnology","16":"tag-spain","17":"tag-technology","18":"tag-tecnologia"},"share_on_mastodon":{"url":"https:\/\/pubeurope.com\/@es\/115533396456612638","error":""},"_links":{"self":[{"href":"https:\/\/www.europesays.com\/es\/wp-json\/wp\/v2\/posts\/231130","targetHints":{"allow":["GET"]}}],"collection":[{"href":"https:\/\/www.europesays.com\/es\/wp-json\/wp\/v2\/posts"}],"about":[{"href":"https:\/\/www.europesays.com\/es\/wp-json\/wp\/v2\/types\/post"}],"author":[{"embeddable":true,"href":"https:\/\/www.europesays.com\/es\/wp-json\/wp\/v2\/users\/2"}],"replies":[{"embeddable":true,"href":"https:\/\/www.europesays.com\/es\/wp-json\/wp\/v2\/comments?post=231130"}],"version-history":[{"count":0,"href":"https:\/\/www.europesays.com\/es\/wp-json\/wp\/v2\/posts\/231130\/revisions"}],"wp:featuredmedia":[{"embeddable":true,"href":"https:\/\/www.europesays.com\/es\/wp-json\/wp\/v2\/media\/228776"}],"wp:attachment":[{"href":"https:\/\/www.europesays.com\/es\/wp-json\/wp\/v2\/media?parent=231130"}],"wp:term":[{"taxonomy":"category","embeddable":true,"href":"https:\/\/www.europesays.com\/es\/wp-json\/wp\/v2\/categories?post=231130"},{"taxonomy":"post_tag","embeddable":true,"href":"https:\/\/www.europesays.com\/es\/wp-json\/wp\/v2\/tags?post=231130"}],"curies":[{"name":"wp","href":"https:\/\/api.w.org\/{rel}","templated":true}]}}