{"id":231133,"date":"2025-11-11T22:22:08","date_gmt":"2025-11-11T22:22:08","guid":{"rendered":"https:\/\/www.europesays.com\/es\/231133\/"},"modified":"2025-11-11T22:22:08","modified_gmt":"2025-11-11T22:22:08","slug":"taiwan-evacua-a-miles-de-personas-por-la-tormenta-fung-wong-que-dejo-25-muertos-en-filipinas","status":"publish","type":"post","link":"https:\/\/www.europesays.com\/es\/231133\/","title":{"rendered":"Taiw\u00e1n evac\u00faa a miles de personas por la tormenta Fung-wong que dej\u00f3 25 muertos en Filipinas"},"content":{"rendered":"\n<p>TAIP\u00c9I, Taiw\u00e1n\u00a0\u2014\u00a0Taiw\u00e1n evacu\u00f3 a m\u00e1s de 3.000 personas de \u00e1reas vulnerables y cerr\u00f3 escuelas y oficinas el martes antes de la llegada de la tormenta tropical Fung-wong, que mat\u00f3 al menos a 25 personas y desplaz\u00f3 a m\u00e1s de 1,4 millones en Filipinas.<\/p>\n<p>Fung-wong fue clasificada como un tif\u00f3n, pero est\u00e1 perdiendo intensidad mientras se acerca a Taiw\u00e1n y se espera que toque tierra el mi\u00e9rcoles por la tarde o noche cerca de la ciudad portuaria suroccidental de Kaohsiung.<\/p>\n<p>La ma\u00f1ana del martes, la tormenta ten\u00eda vientos m\u00e1ximos sostenidos de hasta 108 km\/h (67 mph) y r\u00e1fagas de 137 km\/h (85 mph) y se espera que atraviese la isla y salga por su lado noreste el mi\u00e9rcoles por la noche o temprano el jueves, seg\u00fan la agencia meteorol\u00f3gica de Taiw\u00e1n.<\/p>\n<p>M\u00e1s de 3.300 personas de cuatro condados y ciudades han sido evacuadas cerca del municipio oriental de Guangfu, donde las inundaciones de un tif\u00f3n en septiembre causaron que un lago de barrera se desbordara, matando a 18 personas.<\/p>\n<p>Las escuelas y oficinas cerraron el martes en los condados de Hualien y Yilan, mientras que las autoridades meteorol\u00f3gicas emitieron una advertencia terrestre que cubre las \u00e1reas sur y suroeste, incluyendo Kaohsiung, el condado de Pingtung, Tainan y Taitung.<\/p>\n<p>China activ\u00f3 una respuesta de emergencia por tif\u00f3n para sus provincias del sureste: Fujian, Guangdong, Zhejiang y Hainan.<\/p>\n<p>Fung-wong azot\u00f3 la costa noreste de Filipinas desde el Pac\u00edfico el domingo como un supertif\u00f3n con vientos m\u00e1ximos sostenidos de 185 km\/h (115 mph) y r\u00e1fagas de hasta 230 km\/h (143 mph). La tormenta, de 1.800 kil\u00f3metros (1.100 millas) de ancho, mat\u00f3 al menos a 18 personas en inundaciones repentinas y deslizamientos de tierra en varias provincias del norte.<\/p>\n<p>M\u00e1s de un mill\u00f3n de personas segu\u00edan desplazadas el martes, incluyendo alrededor de 803.000 que se refugiaban en 11.000 centros de evacuaci\u00f3n en toda la regi\u00f3n norte de Luz\u00f3n, dijo Bernardo Rafaelito Alejandro IV, subdirector de la Oficina de Defensa Civil.<\/p>\n<p>Los muertos inclu\u00edan a 19 personas que murieron principalmente por deslaves en la Cordillera, una regi\u00f3n monta\u00f1osa de seis provincias y escasamente poblada, vulnerable a los deslizamientos de tierra y lodo durante la temporada de lluvias que comienza en junio, dijeron Alejandro y funcionarios provinciales, a\u00f1adiendo que dos aldeanos siguen desaparecidos en la regi\u00f3n.<\/p>\n<p>Los dem\u00e1s murieron debido a inundaciones repentinas, cables el\u00e9ctricos expuestos y una casa colapsada, dijeron, y a\u00f1adieron que 29 personas resultaron heridas en el embate.<\/p>\n<p>Entre los muertos hab\u00eda tres ni\u00f1os cuyas casas fueron sepultadas en dos deslizamientos de tierra separados en la provincia monta\u00f1osa de Nueva Vizcaya, que hirieron a otras cuatro personas, mientras que un deslizamiento de tierra en la provincia cercana de Kalinga mat\u00f3 a dos aldeanos, dijeron las autoridades.<\/p>\n<p>\u201cNo es una cat\u00e1strofe masiva en un solo lugar\u201d, expres\u00f3 Alejandro el martes, se\u00f1alando que varias personas murieron en deslizamientos de tierra separados.<\/p>\n<p>Filipinas y Taiw\u00e1n son azotados por numerosos tifones y tormentas cada a\u00f1o y tambi\u00e9n est\u00e1n en una regi\u00f3n propensa a los terremotos.<\/p>\n<p>_____<\/p>\n<p>Gomez inform\u00f3 desde Manila, Filipinas.<\/p>\n<p>_<\/p>\n","protected":false},"excerpt":{"rendered":"TAIP\u00c9I, Taiw\u00e1n\u00a0\u2014\u00a0Taiw\u00e1n evacu\u00f3 a m\u00e1s de 3.000 personas de \u00e1reas vulnerables y cerr\u00f3 escuelas y oficinas el martes&hellip;\n","protected":false},"author":2,"featured_media":231134,"comment_status":"","ping_status":"","sticky":false,"template":"","format":"standard","meta":{"footnotes":""},"categories":[42],"tags":[29167,17,18,40239,60484,13,14,20155,11,61,62,63,64,44958,19,20,7797,5555,9,10,15,16,26526,3638,6436,6192,26273,1934,29373,12,2979,21,22,65,66,67],"class_list":{"0":"post-231133","1":"post","2":"type-post","3":"status-publish","4":"format-standard","5":"has-post-thumbnail","7":"category-internacional","8":"tag-area","9":"tag-breaking-news","10":"tag-breakingnews","11":"tag-condado","12":"tag-deslizamiento","13":"tag-featured-news","14":"tag-featurednews","15":"tag-filipinas","16":"tag-headlines","17":"tag-internacional","18":"tag-international","19":"tag-international-news","20":"tag-internationalnews","21":"tag-inundacion","22":"tag-latest-news","23":"tag-latestnews","24":"tag-martes","25":"tag-muerto","26":"tag-news","27":"tag-noticias","28":"tag-noticias-destacadas","29":"tag-noticiasdestacadas","30":"tag-oficina","31":"tag-persona","32":"tag-provincia","33":"tag-region","34":"tag-taiwan","35":"tag-tierra","36":"tag-tifon","37":"tag-titulares","38":"tag-tormenta","39":"tag-ultimas-noticias","40":"tag-ultimasnoticias","41":"tag-world","42":"tag-world-news","43":"tag-worldnews"},"share_on_mastodon":{"url":"","error":"Validation failed: Text character limit of 500 exceeded"},"_links":{"self":[{"href":"https:\/\/www.europesays.com\/es\/wp-json\/wp\/v2\/posts\/231133","targetHints":{"allow":["GET"]}}],"collection":[{"href":"https:\/\/www.europesays.com\/es\/wp-json\/wp\/v2\/posts"}],"about":[{"href":"https:\/\/www.europesays.com\/es\/wp-json\/wp\/v2\/types\/post"}],"author":[{"embeddable":true,"href":"https:\/\/www.europesays.com\/es\/wp-json\/wp\/v2\/users\/2"}],"replies":[{"embeddable":true,"href":"https:\/\/www.europesays.com\/es\/wp-json\/wp\/v2\/comments?post=231133"}],"version-history":[{"count":0,"href":"https:\/\/www.europesays.com\/es\/wp-json\/wp\/v2\/posts\/231133\/revisions"}],"wp:featuredmedia":[{"embeddable":true,"href":"https:\/\/www.europesays.com\/es\/wp-json\/wp\/v2\/media\/231134"}],"wp:attachment":[{"href":"https:\/\/www.europesays.com\/es\/wp-json\/wp\/v2\/media?parent=231133"}],"wp:term":[{"taxonomy":"category","embeddable":true,"href":"https:\/\/www.europesays.com\/es\/wp-json\/wp\/v2\/categories?post=231133"},{"taxonomy":"post_tag","embeddable":true,"href":"https:\/\/www.europesays.com\/es\/wp-json\/wp\/v2\/tags?post=231133"}],"curies":[{"name":"wp","href":"https:\/\/api.w.org\/{rel}","templated":true}]}}