{"id":231135,"date":"2025-11-11T22:23:07","date_gmt":"2025-11-11T22:23:07","guid":{"rendered":"https:\/\/www.europesays.com\/es\/231135\/"},"modified":"2025-11-11T22:23:07","modified_gmt":"2025-11-11T22:23:07","slug":"page-auspicia-el-acuerdo-entre-psoe-y-pp-para-reformar-el-estatuto-de-autonomia-de-castilla-la-mancha-espana","status":"publish","type":"post","link":"https:\/\/www.europesays.com\/es\/231135\/","title":{"rendered":"Page auspicia el acuerdo entre PSOE y PP para reformar el Estatuto de Autonom\u00eda de Castilla-La Mancha | Espa\u00f1a"},"content":{"rendered":"<p class=\"\">La tensi\u00f3n que se vive habitualmente en el Congreso ha disfrutado durante una hora de tregua excepcional entre PSOE y PP. La reforma del Estatuto de Autonom\u00eda de Castilla-La Mancha, que Emiliano Garc\u00eda-Page ha impulsado con la premisa de que cuente con el m\u00e1ximo consenso posible, ha suscitado el cese temporal de las hostilidades entre los dos grandes partidos.<\/p>\n<p class=\"\">La modificaci\u00f3n de la norma, que data de 1982, ha logrado un respaldo holgado en el debate de totalidad con 288 votos a favor, 34 en contra y 13 abstenciones. Vox y UPN han rechazado la propuesta. Podemos ha condicionado su abstenci\u00f3n a que en la tramitaci\u00f3n parlamentaria, que pasa ahora a comisi\u00f3n, se puedan incorporar enmiendas antes de su regreso al pleno para su aprobaci\u00f3n. Junts y EH Bildu no han votado. \u201cPuede ser uno de los pocos ejemplos de consenso entre los dos grandes partidos. El hecho de que est\u00e9 pactado entre el Partido Socialista y el Partido Popular no solo es una garant\u00eda de mayor\u00eda, es simplemente un mensaje en s\u00ed mismo\u201d, ha valorado el presidente auton\u00f3mico.<\/p>\n<p class=\"\">La reforma del estatuto aumentar\u00e1 el n\u00famero m\u00e1ximo de diputados del Parlamento auton\u00f3mico, que en la actualidad es de 33 esca\u00f1os, a un m\u00e1ximo de 55 diputados y blinda los servicios p\u00fablicos e incorpora la estrategia de lucha contra la despoblaci\u00f3n. El nuevo articulado, adem\u00e1s de reforzar \u201clos derechos sociales\u201d, \u201cla garant\u00eda de la igualdad de las personas y los territorios\u201d o \u201cla atenci\u00f3n a las necesidades espec\u00edficas de los m\u00e1s vulnerables\u201d, tambi\u00e9n limita los aforamientos de los diputados regionales y del Consejo de Gobierno e introduce la figura del decreto ley. Despu\u00e9s de una negociaci\u00f3n que ha durado m\u00e1s de dos a\u00f1os, las <a href=\"https:\/\/elpais.com\/noticias\/castilla-la-mancha\/\" rel=\"nofollow noopener\" title=\"https:\/\/elpais.com\/noticias\/castilla-la-mancha\/\" target=\"_blank\">Cortes de Castilla-La Mancha<\/a> aprobaron en mayo por mayor\u00eda absoluta la reforma, que ha defendido en primer lugar el popular Francisco N\u00fa\u00f1ez, el l\u00edder de la oposici\u00f3n a Garc\u00eda-Page. \u201cEl texto de 1982 cumpli\u00f3 su funci\u00f3n, nos abri\u00f3 la puerta a la autonom\u00eda, pero hoy est\u00e1 superado y obsoleto\u201d ha esgrimido, insistiendo en que la redacci\u00f3n acordada con los socialistas \u201cno es de confrontaci\u00f3n\u201d y \u201cno va contra nadie\u201d como sostiene Vox.<\/p>\n<p class=\"\">\u201cEl Gobierno de Castilla-La Mancha en ning\u00fan caso hubiera tra\u00eddo con los solos votos de la mayor\u00eda este proyecto. Otras veces no ha sido as\u00ed. Pero lo cierto y verdad es que nosotros quer\u00edamos que el proyecto fuera de consenso o no era\u201d, ha recalcado Page, que en su tarde en la Carrera de San Jer\u00f3nimo ha aparcado las pol\u00e9micas con La Moncloa.<\/p>\n<p class=\"\">\u201cEl Estado de las autonom\u00edas no vino para hacer ni m\u00e1s grande ni m\u00e1s peque\u00f1a a Espa\u00f1a. Vino simplemente para hacerla mejor. Y con este estatuto creemos que contribuimos a ese gran objetivo. Y es consecuencia de un consenso ampl\u00edsimo, pol\u00edticamente del 100% de los que creemos en la autonom\u00eda y en el Estado constitucional auton\u00f3mico\u201d, ha reiterado Garc\u00eda-Page.<\/p>\n<p class=\"\">\u201cPage y N\u00fa\u00f1ez, tanto monta, monta tanto, su medida estrella es que haya m\u00e1s diputados porque ustedes necesitan que haya m\u00e1s palmeros que aplaudan sus mentiras cada vez m\u00e1s d\u00e9biles\u201d, ha cargado el partido de Santiago Abascal, que ha aprovechado el debate para abrirle un nuevo frente a Alberto N\u00fa\u00f1ez Feij\u00f3o. El aumento del n\u00famero de diputados responde, seg\u00fan la Junta de Castilla-La Mancha, a criterios de poblaci\u00f3n tras la reducci\u00f3n unilateral durante el mandato de Mar\u00eda Dolores de Cospedal (2011-15), que quit\u00f3 20 diputados de un plumazo en una reforma que fue tildada de antidemocr\u00e1tica por el Consejo de Europa y que imposibilita que los partidos minoritarios entren en las Cortes aunque tengan un 8 o un 9% de los votos. <\/p>\n<p class=\"\">\u201cQuieren tener embajadas en el exterior como los independentistas catalanes. Page exige lo mismo que los separatistas, una Agencia Tributaria propia\u201d, ha ahondado Vox. El Estatuto lleva la disposici\u00f3n de una Agencia Tributaria propia para gestionar los impuestos propios y los cedidos del Estado como ya tienen 12 de las 17 comunidades aut\u00f3nomas.<\/p>\n<p class=\"\">\u201cEstamos ante un nuevo pacto abierto y orgullosamente bipartidista, quiz\u00e1s Page est\u00e1 ense\u00f1ando el camino para volver al PSOE de orden, centralista, que renunciaba a entenderse con fuerzas nacionalistas\u201d, ha sido la reacci\u00f3n de Podemos, a trav\u00e9s de su diputado Javier S\u00e1nchez Serna, que ha planteado una sexta circunscripci\u00f3n \u00fanica \u201cpara que no se perdiera un solo de los votos de la izquierda y unas Cortes m\u00e1s representativas\u201d. Pese a los recelos, su formaci\u00f3n se ha abstenido con la advertencia de que Podemos votar\u00e1 en contra si no se permite ninguna modificaci\u00f3n a la redacci\u00f3n actual del Estatuto.<\/p>\n","protected":false},"excerpt":{"rendered":"La tensi\u00f3n que se vive habitualmente en el Congreso ha disfrutado durante una hora de tregua excepcional entre&hellip;\n","protected":false},"author":2,"featured_media":231136,"comment_status":"","ping_status":"","sticky":false,"template":"","format":"standard","meta":{"footnotes":""},"categories":[8],"tags":[60485,17,18,4091,6322,52481,25,24,13,14,11,19,20,9,10,15,16,956,1699,23,12,21,22,624],"class_list":{"0":"post-231135","1":"post","2":"type-post","3":"status-publish","4":"format-standard","5":"has-post-thumbnail","7":"category-espana","8":"tag-barones-psoe","9":"tag-breaking-news","10":"tag-breakingnews","11":"tag-castilla-la-mancha","12":"tag-comunidades-autonomas","13":"tag-emiliano-garcia-page","14":"tag-es","15":"tag-espana","16":"tag-featured-news","17":"tag-featurednews","18":"tag-headlines","19":"tag-latest-news","20":"tag-latestnews","21":"tag-news","22":"tag-noticias","23":"tag-noticias-destacadas","24":"tag-noticiasdestacadas","25":"tag-pp","26":"tag-psoe","27":"tag-spain","28":"tag-titulares","29":"tag-ultimas-noticias","30":"tag-ultimasnoticias","31":"tag-vox"},"share_on_mastodon":{"url":"https:\/\/pubeurope.com\/@es\/115533408215445193","error":""},"_links":{"self":[{"href":"https:\/\/www.europesays.com\/es\/wp-json\/wp\/v2\/posts\/231135","targetHints":{"allow":["GET"]}}],"collection":[{"href":"https:\/\/www.europesays.com\/es\/wp-json\/wp\/v2\/posts"}],"about":[{"href":"https:\/\/www.europesays.com\/es\/wp-json\/wp\/v2\/types\/post"}],"author":[{"embeddable":true,"href":"https:\/\/www.europesays.com\/es\/wp-json\/wp\/v2\/users\/2"}],"replies":[{"embeddable":true,"href":"https:\/\/www.europesays.com\/es\/wp-json\/wp\/v2\/comments?post=231135"}],"version-history":[{"count":0,"href":"https:\/\/www.europesays.com\/es\/wp-json\/wp\/v2\/posts\/231135\/revisions"}],"wp:featuredmedia":[{"embeddable":true,"href":"https:\/\/www.europesays.com\/es\/wp-json\/wp\/v2\/media\/231136"}],"wp:attachment":[{"href":"https:\/\/www.europesays.com\/es\/wp-json\/wp\/v2\/media?parent=231135"}],"wp:term":[{"taxonomy":"category","embeddable":true,"href":"https:\/\/www.europesays.com\/es\/wp-json\/wp\/v2\/categories?post=231135"},{"taxonomy":"post_tag","embeddable":true,"href":"https:\/\/www.europesays.com\/es\/wp-json\/wp\/v2\/tags?post=231135"}],"curies":[{"name":"wp","href":"https:\/\/api.w.org\/{rel}","templated":true}]}}