{"id":231139,"date":"2025-11-11T22:29:11","date_gmt":"2025-11-11T22:29:11","guid":{"rendered":"https:\/\/www.europesays.com\/es\/231139\/"},"modified":"2025-11-11T22:29:11","modified_gmt":"2025-11-11T22:29:11","slug":"un-incidente-en-la-grada-suspende-ocho-minutos-el-partido-entre-de-minaur-y-musetti","status":"publish","type":"post","link":"https:\/\/www.europesays.com\/es\/231139\/","title":{"rendered":"Un incidente en la grada suspende ocho minutos el partido entre De Mi\u00f1aur y Musetti"},"content":{"rendered":"<p data-mrf-recirculation=\"Links P\u00e1rrafos\" class=\"ue-c-article__paragraph paragraph ue-c-article--first-letter-highlighted\"><strong>El partido que cerraba la tercera jornada de las ATP Finals entre Lorenzo Musetti y Alex de Mi\u00f1aur tuvo que suspenderse<\/strong> durante ocho minutos por un incidente en la grada del Inalpi Arena de Tur\u00edn <strong>en el que hubo una indisposici\u00f3n. Un aficionado se desplom\u00f3 y fue desalojado r\u00e1pidamente del pabell\u00f3n por parte del equipo de primeros auxilios<\/strong>.\u00a0<\/p>\n<p data-mrf-recirculation=\"Links P\u00e1rrafos\" class=\"ue-c-article__paragraph paragraph\">En el momento de la suspensi\u00f3n, <strong>el local Musetti hab\u00eda perdido ya el saque e iba &#8216;break&#8217; abajo en el tercer set<\/strong>. El \u00e1rbitro del partido es el espa\u00f1ol Nacho Forcadell y par\u00f3 moment\u00e1neamente el juego tras previa consulta con el supervisor.\u00a0<\/p>\n<p data-mrf-recirculation=\"Links P\u00e1rrafos\" class=\"ue-c-article__paragraph paragraph\">Cabe recordar que el pasado lunes d<strong>os seguidores de avanzada edad murieron en el tenis<\/strong>. Uno de ellos en el debut de Musetti con Taylor Fritz y el otro en los aleda\u00f1os de la instalaci\u00f3n que alberga por quinto a\u00f1o seguido la cita de maestros.\u00a0<\/p>\n<p>Lleno absoluto<br \/>\u200b<\/p>\n<p data-mrf-recirculation=\"Links P\u00e1rrafos\" class=\"ue-c-article__paragraph paragraph\"><strong>El Inalpi Arena presentaba un lleno absoluto (13.000 espectadores), lo que provoc\u00f3 un colapso en la entrada, para ver en directo a uno de los dos italianos en liza<\/strong>. El otro es Jannik Sinner. Entre los asistentes estaba la brit\u00e1nica Katie Boulter, pareja sentimental de De Mi\u00f1aur.\u00a0<\/p>\n<p data-mrf-recirculation=\"Links P\u00e1rrafos\" class=\"ue-c-article__paragraph paragraph\">En caso de derrota de Musetti est\u00e1 matem\u00e1ticamente eliminado a la espera de su tercer partido este jueves con Carlos Alcaraz.\u00a0<\/p>\n","protected":false},"excerpt":{"rendered":"El partido que cerraba la tercera jornada de las ATP Finals entre Lorenzo Musetti y Alex de Mi\u00f1aur&hellip;\n","protected":false},"author":2,"featured_media":231140,"comment_status":"","ping_status":"","sticky":false,"template":"","format":"standard","meta":{"footnotes":""},"categories":[274],"tags":[168,25,24,23,167,327,326],"class_list":{"0":"post-231139","1":"post","2":"type-post","3":"status-publish","4":"format-standard","5":"has-post-thumbnail","7":"category-tenis","8":"tag-deportes","9":"tag-es","10":"tag-espana","11":"tag-spain","12":"tag-sports","13":"tag-tenis","14":"tag-tennis"},"share_on_mastodon":{"url":"https:\/\/pubeurope.com\/@es\/115533431723794263","error":""},"_links":{"self":[{"href":"https:\/\/www.europesays.com\/es\/wp-json\/wp\/v2\/posts\/231139","targetHints":{"allow":["GET"]}}],"collection":[{"href":"https:\/\/www.europesays.com\/es\/wp-json\/wp\/v2\/posts"}],"about":[{"href":"https:\/\/www.europesays.com\/es\/wp-json\/wp\/v2\/types\/post"}],"author":[{"embeddable":true,"href":"https:\/\/www.europesays.com\/es\/wp-json\/wp\/v2\/users\/2"}],"replies":[{"embeddable":true,"href":"https:\/\/www.europesays.com\/es\/wp-json\/wp\/v2\/comments?post=231139"}],"version-history":[{"count":0,"href":"https:\/\/www.europesays.com\/es\/wp-json\/wp\/v2\/posts\/231139\/revisions"}],"wp:featuredmedia":[{"embeddable":true,"href":"https:\/\/www.europesays.com\/es\/wp-json\/wp\/v2\/media\/231140"}],"wp:attachment":[{"href":"https:\/\/www.europesays.com\/es\/wp-json\/wp\/v2\/media?parent=231139"}],"wp:term":[{"taxonomy":"category","embeddable":true,"href":"https:\/\/www.europesays.com\/es\/wp-json\/wp\/v2\/categories?post=231139"},{"taxonomy":"post_tag","embeddable":true,"href":"https:\/\/www.europesays.com\/es\/wp-json\/wp\/v2\/tags?post=231139"}],"curies":[{"name":"wp","href":"https:\/\/api.w.org\/{rel}","templated":true}]}}