{"id":231159,"date":"2025-11-11T22:42:10","date_gmt":"2025-11-11T22:42:10","guid":{"rendered":"https:\/\/www.europesays.com\/es\/231159\/"},"modified":"2025-11-11T22:42:10","modified_gmt":"2025-11-11T22:42:10","slug":"allison-mack-actriz-de-smallville-rompe-el-silencio-tras-su-salida-de-prision-y-admite-su-responsabilidad-como-parte-de-una-secta-sexual","status":"publish","type":"post","link":"https:\/\/www.europesays.com\/es\/231159\/","title":{"rendered":"Allison Mack, actriz de \u2018Smallville\u2019, rompe el silencio tras su salida de prisi\u00f3n y admite su responsabilidad como parte de una secta sexual"},"content":{"rendered":"<p><img alt=\"Allison Mack rompi\u00f3 el silencio\" class=\"global-image\" decoding=\"async\" fetchpriority=\"high\" height=\"1080\" loading=\"eager\" src=\"https:\/\/www.europesays.com\/es\/wp-content\/uploads\/2025\/11\/Q5X5KFZ4CVDGBCB64TYSZBBICU.jpg\" width=\"1920\"\/>Allison Mack rompi\u00f3 el silencio tras su liberaci\u00f3n, admitiendo ante un p\u00f3dcast haber usado su fama para captar mujeres en NXIVM (EFE)<\/p>\n<p class=\"paragraph\">La ex actriz de <b>Smallville<\/b>, <a href=\"https:\/\/www.infobae.com\/entretenimiento\/2025\/10\/27\/allison-mack-rompe-el-silencio-sobre-nxivm-tras-dos-anos-de-ser-liberada-de-prision\/\" target=\"_blank\" rel=\"noreferrer nofollow noopener\" title=\"https:\/\/www.infobae.com\/entretenimiento\/2025\/10\/27\/allison-mack-rompe-el-silencio-sobre-nxivm-tras-dos-anos-de-ser-liberada-de-prision\/\">Allison Mack<\/a>, se pronunci\u00f3 por primera vez en p\u00fablico tras salir de prisi\u00f3n, refiri\u00e9ndose a <b>su responsabilidad en la secta sexual NXIVM<\/b> y mostrando arrepentimiento frente a familiares y v\u00edctimas.<\/p>\n<p class=\"paragraph\">En una entrevista concedida al podcast Allison After NXIVM, producido por CBC, repas\u00f3 los episodios principales que la implicaron en el proceso judicial junto a <b>Keith Raniere<\/b>, fundador del grupo.<\/p>\n<p class=\"paragraph\">Mack, de 43 a\u00f1os, cumpli\u00f3 una condena de tres a\u00f1os tras declararse culpable de delitos relacionados con <b>crimen organizado y conspiraci\u00f3n<\/b>, en un caso que gener\u00f3 atenci\u00f3n internacional en 2018.<\/p>\n<p class=\"paragraph\">Durante la primera entrega del podcast, la recordad estrella de televisi\u00f3n relat\u00f3 el momento de la sentencia, realizada en 2021 en Nueva York, con referencia a sus familiares presentes en la sala.<\/p>\n<p><img alt=\"En su primera entrevista, Mack\" class=\"global-image\" decoding=\"async\" fetchpriority=\"low\" height=\"2501\" loading=\"lazy\" src=\"https:\/\/www.europesays.com\/es\/wp-content\/uploads\/2025\/11\/5SWWB5HQAVC65EI53GALKTBGDE.jpg\" width=\"3500\"\/>En su primera entrevista, Mack expres\u00f3 remordimiento por el da\u00f1o causado a su familia y a v\u00edctimas de la secta sexual NXIVM (REUTERS\/Brendan McDermid)<\/p>\n<p class=\"paragraph\">\u201cDios m\u00edo, mi pobre hermano estaba detr\u00e1s de m\u00ed, teniendo que escuchar esto sobre su hermana.<b> <\/b>Mi pobre mam\u00e1. Lo siento mucho, ustedes. Yo puedo soportarlo, pero lo siento de verdad por ustedes. No me veo como inocente, y ellos s\u00ed lo eran\u201d, se\u00f1al\u00f3.<\/p>\n<p class=\"paragraph\">El relato de <b>Allison Mack<\/b> incluy\u00f3 un reconocimiento expl\u00edcito del uso de su reputaci\u00f3n como recurso para captar seguidoras en NXIVM, pr\u00e1ctica se\u00f1alada por la justicia durante su proceso penal.<\/p>\n<p class=\"paragraph\">\u201cCreo que capitalic\u00e9 las cosas que ten\u00eda, y <b>el \u00e9xito como actriz, creo que lo utilic\u00e9<\/b>\u201d, declar\u00f3 en el podcast de CBC.<\/p>\n<p class=\"paragraph\">\u201c<b>Mi fama era una herramienta de poder<\/b> para que la gente hiciera lo que yo quer\u00eda\u201d, puntualiz\u00f3 la int\u00e9rprete de <b>Chloe Sullivan<\/b> en la serie <b>Smallville<\/b>, que se emiti\u00f3 entre 2001 y 2010.<\/p>\n<p><img alt=\"\u201cNo me considero inocente y\" class=\"global-image\" decoding=\"async\" fetchpriority=\"low\" height=\"2268\" loading=\"lazy\" src=\"https:\/\/www.europesays.com\/es\/wp-content\/uploads\/2025\/11\/OM5Q3RFG5252T7RDUEJNXFEI34.jpg\" width=\"3024\"\/>\u201cNo me considero inocente y mi familia s\u00ed lo era\u201d, afirm\u00f3 la actriz sobre su condena por crimen organizado y conspiraci\u00f3n (REUTERS\/Jane Rosenberg)<\/p>\n<p class=\"paragraph\">Interrogada sobre su labor como c\u00f3mplice, afirm\u00f3: <b>\u201cCreo que fui muy efectiva en hacer avanzar la visi\u00f3n de Keith\u201d<\/b>.<\/p>\n<p class=\"paragraph\">El podcast \u2014con siete episodios y conducido por la periodista Natalie Robehmed\u2014 explora la historia de Mack, su rol jer\u00e1rquico dentro de NXIVM y los procesos judiciales que llevaron a la condena de Raniere a 120 a\u00f1os de c\u00e1rcel por delitos como tr\u00e1fico sexual y crimen organizado.<\/p>\n<p class=\"paragraph\">La artista resumi\u00f3 el sufrimiento provocado a sus allegados durante el juicio, en el que asistieron v\u00edctimas de la organizaci\u00f3n a exponer los hechos que la involucraron.<\/p>\n<p class=\"paragraph\">La participaci\u00f3n de Allison en <b>NXIVM<\/b> est\u00e1 marcada por su papel de liderazgo en el subgrupo conocido como DOS, instancia donde presuntamente se utiliz\u00f3 su imagen p\u00fablica para atraer a otras mujeres, seg\u00fan se\u00f1alaron los expedientes judiciales.<\/p>\n<p><img alt=\"Allison Mack destac\u00f3 que su\" class=\"global-image\" decoding=\"async\" fetchpriority=\"low\" height=\"1280\" loading=\"lazy\" src=\"https:\/\/www.europesays.com\/es\/wp-content\/uploads\/2025\/11\/IO4PWHBLYNGSLJDEWMDHOX6VLM.jpg\" width=\"1920\"\/>Allison Mack destac\u00f3 que su popularidad en \u00abSmallville\u00bb facilit\u00f3 reclutar mujeres para la organizaci\u00f3n dirigida por Keith Raniere (The CW)<\/p>\n<p class=\"paragraph\">De acuerdo con las investigaciones, las nuevas integrantes eran obligadas a entregar materiales personales y se las marcaba con iniciales como parte de los rituales internos.<\/p>\n<p class=\"paragraph\">La detenci\u00f3n de la actriz por parte de las autoridades ocurri\u00f3 en abril de 2018, bajo cargos de asociaci\u00f3n il\u00edcita y conspiraci\u00f3n. En ese contexto, ella acept\u00f3 su culpabilidad y colabor\u00f3 en el juicio que concluy\u00f3 con la condena de <b>Keith Raniere<\/b>.<\/p>\n<p class=\"paragraph\">El tribunal sostuvo durante la sentencia que Mack \u201ccapitaliz\u00f3 su fama mientras trabajaba para Raniere\u201d, algo que ahora reconoce abiertamente.<\/p>\n<p class=\"paragraph\">El proceso judicial deriv\u00f3 en una<b> pena privativa de libertad de tres a\u00f1os <\/b>para <b>Allison Mack<\/b>, la cual fue cumplida en una prisi\u00f3n de California.<\/p>\n<p><img alt=\"La excarcelaci\u00f3n de la ex\" class=\"global-image\" decoding=\"async\" fetchpriority=\"low\" height=\"1960\" loading=\"lazy\" src=\"https:\/\/www.europesays.com\/es\/wp-content\/uploads\/2025\/11\/XVVBND3LR5A5VBLTVD52OK5XDY.jpg\" width=\"1721\"\/>La excarcelaci\u00f3n de la ex estrella televisiva ocurri\u00f3 tras cumplir dos a\u00f1os de condena gracias a una ley federal que premia la buena conducta (EFE\/Justin Lane)<\/p>\n<p class=\"paragraph\">Su liberaci\u00f3n anticipada en 2023 se produjo por aplicaci\u00f3n de la ley federal First Step Act (FSA), que considera la reducci\u00f3n de penas por buena conducta.<\/p>\n<p class=\"paragraph\">En los a\u00f1os posteriores a su arresto, Mack vivi\u00f3 cambios significativos en su vida personal. Seg\u00fan datos publicados por TMZ , solicit\u00f3 el divorcio de su expareja <b>Nicki Clyne<\/b> en 2020, tambi\u00e9n ex integrante de NXIVM, y contrajo matrimonio en 2024 con un hombre identificado como Frank, poco despu\u00e9s de salir de prisi\u00f3n.<\/p>\n<p class=\"paragraph\">Durante la presentaci\u00f3n del podcast, la conductora <b>Natalie Robehmed<\/b> relat\u00f3 a Vanity Fair que decidi\u00f3 abordar el caso de Mack tras percibir en la actriz \u201cdisposici\u00f3n a enfrentar el da\u00f1o causado\u201d. <\/p>\n","protected":false},"excerpt":{"rendered":"Allison Mack rompi\u00f3 el silencio tras su liberaci\u00f3n, admitiendo ante un p\u00f3dcast haber usado su fama para captar&hellip;\n","protected":false},"author":2,"featured_media":231160,"comment_status":"","ping_status":"","sticky":false,"template":"","format":"standard","meta":{"footnotes":""},"categories":[91],"tags":[146,8117,147,25,24,23,1559],"class_list":{"0":"post-231159","1":"post","2":"type-post","3":"status-publish","4":"format-standard","5":"has-post-thumbnail","7":"category-entretenimiento","8":"tag-entertainment","9":"tag-entertainment-and-lifestyle","10":"tag-entretenimiento","11":"tag-es","12":"tag-espana","13":"tag-spain","14":"tag-us"},"share_on_mastodon":{"url":"https:\/\/pubeurope.com\/@es\/115533483220422356","error":""},"_links":{"self":[{"href":"https:\/\/www.europesays.com\/es\/wp-json\/wp\/v2\/posts\/231159","targetHints":{"allow":["GET"]}}],"collection":[{"href":"https:\/\/www.europesays.com\/es\/wp-json\/wp\/v2\/posts"}],"about":[{"href":"https:\/\/www.europesays.com\/es\/wp-json\/wp\/v2\/types\/post"}],"author":[{"embeddable":true,"href":"https:\/\/www.europesays.com\/es\/wp-json\/wp\/v2\/users\/2"}],"replies":[{"embeddable":true,"href":"https:\/\/www.europesays.com\/es\/wp-json\/wp\/v2\/comments?post=231159"}],"version-history":[{"count":0,"href":"https:\/\/www.europesays.com\/es\/wp-json\/wp\/v2\/posts\/231159\/revisions"}],"wp:featuredmedia":[{"embeddable":true,"href":"https:\/\/www.europesays.com\/es\/wp-json\/wp\/v2\/media\/231160"}],"wp:attachment":[{"href":"https:\/\/www.europesays.com\/es\/wp-json\/wp\/v2\/media?parent=231159"}],"wp:term":[{"taxonomy":"category","embeddable":true,"href":"https:\/\/www.europesays.com\/es\/wp-json\/wp\/v2\/categories?post=231159"},{"taxonomy":"post_tag","embeddable":true,"href":"https:\/\/www.europesays.com\/es\/wp-json\/wp\/v2\/tags?post=231159"}],"curies":[{"name":"wp","href":"https:\/\/api.w.org\/{rel}","templated":true}]}}