{"id":231171,"date":"2025-11-11T22:52:14","date_gmt":"2025-11-11T22:52:14","guid":{"rendered":"https:\/\/www.europesays.com\/es\/231171\/"},"modified":"2025-11-11T22:52:14","modified_gmt":"2025-11-11T22:52:14","slug":"primera-derrota-espanola-en-el-infierno-italiano-de-las-atp-finals","status":"publish","type":"post","link":"https:\/\/www.europesays.com\/es\/231171\/","title":{"rendered":"Primera derrota espa\u00f1ola en el &#8216;infierno&#8217; italiano de las ATP Finals"},"content":{"rendered":"<p data-gtm-element-container=\"modulo-texto-link\" class=\"paragraph\">Las 13.000 plazas habilitadas para el p\u00fablico en el<strong> Inalpi Arena de Tur\u00edn <\/strong>se quedan cortas en cada sesi\u00f3n, diurna y nocturna, de las ATP Finals. \u00abMucha Italia en Italia\u00bb, resumi\u00f3 el gran l\u00edder local, Jannik Sinner, que tras ganar su primer partido, al canadiense<strong> Felix Auger-Aliassime<\/strong>, provoc\u00f3 el rugido del respetable recordando la coincidencia en esta edici\u00f3n con su compatriota<strong> Lorenzo Musetti<\/strong>, que ser\u00e1 rival de<strong> Carlos Alcaraz<\/strong> el jueves, y el dobles formado por <strong>Simone Bolelli y Andrea Vassaori<\/strong>.<\/p>\n<p data-gtm-element-container=\"modulo-texto-link\" class=\"paragraph\">Esta pareja transalpina gan\u00f3 la primera plaza de semifinales del torneo. Se asegur\u00f3 la clasificaci\u00f3n complicando la vida al espa\u00f1ol <strong>Marcel Granollers y Horacio Zeballos,<\/strong> a quienes batieron por 7-6 (4) y 6-4 en 1h.34&#8242;.<\/p>\n<p data-gtm-element-container=\"modulo-texto-link\" class=\"paragraph\">Los italianos, en su tercera victoria sobre el d\u00fao hispano-americano, aunque primer en tres duelos en pista dura, suman dos victorias, habiendo ganado los cuatro sets. Aprovecharon una de sus tres bolas de &#8216;break&#8217;, abortando las cinco posibilidades de Granollers y Zeballos, todas ellas en el set inicial.\u00a0<\/p>\n<p data-gtm-element-container=\"modulo-texto-link\" class=\"paragraph\">Granollers, campe\u00f3n del torneo en 2012 junto a<strong> Marc L\u00f3pez<\/strong> y finalista al lado de Horacio Zeballos en 2023, agotar\u00e1 sus opciones el jueves, en el \u00faltimo choque del Grupo Peter Fleming, frente a los n\u00ba 1, los brit\u00e1nicos<strong> Julian Cash y Lloyd Glasspool,<\/strong> que ya hab\u00edan sido el primer d\u00eda v\u00edctimas del &#8216;infierno&#8217; italalian\u00f3, de la pasi\u00f3n Tricolore con sus cuatro representantes en competici\u00f3n.<\/p>\n<p>    Lee tambi\u00e9n<\/p>\n<p data-gtm-element-container=\"modulo-texto-link\" class=\"paragraph\">Granollers, 39 a\u00f1os, y Zeballos, 40, fueron campeones este curso de Roland Garros y US Open, acabando de cuajo con su sequ\u00eda en Grand Slams. En la campa\u00f1a &#8216;indoor&#8217; europea lograron su quinto t\u00edtulo de la temporada imponi\u00e9ndose en Basilea. M\u00e1s complicado lo van a tener en Tur\u00edn. Deber\u00e1n hacer cuentas una vez jueguen por la noche sus v\u00edctimas en el debut, los alemanes<strong> Krawietz y Puetz<\/strong>, vigentes campeones, y Cash y Glasspool.<\/p>\n","protected":false},"excerpt":{"rendered":"Las 13.000 plazas habilitadas para el p\u00fablico en el Inalpi Arena de Tur\u00edn se quedan cortas en cada&hellip;\n","protected":false},"author":2,"featured_media":231172,"comment_status":"","ping_status":"","sticky":false,"template":"","format":"standard","meta":{"footnotes":""},"categories":[274],"tags":[168,25,24,23,167,327,326],"class_list":{"0":"post-231171","1":"post","2":"type-post","3":"status-publish","4":"format-standard","5":"has-post-thumbnail","7":"category-tenis","8":"tag-deportes","9":"tag-es","10":"tag-espana","11":"tag-spain","12":"tag-sports","13":"tag-tenis","14":"tag-tennis"},"share_on_mastodon":{"url":"https:\/\/pubeurope.com\/@es\/115533522169216935","error":""},"_links":{"self":[{"href":"https:\/\/www.europesays.com\/es\/wp-json\/wp\/v2\/posts\/231171","targetHints":{"allow":["GET"]}}],"collection":[{"href":"https:\/\/www.europesays.com\/es\/wp-json\/wp\/v2\/posts"}],"about":[{"href":"https:\/\/www.europesays.com\/es\/wp-json\/wp\/v2\/types\/post"}],"author":[{"embeddable":true,"href":"https:\/\/www.europesays.com\/es\/wp-json\/wp\/v2\/users\/2"}],"replies":[{"embeddable":true,"href":"https:\/\/www.europesays.com\/es\/wp-json\/wp\/v2\/comments?post=231171"}],"version-history":[{"count":0,"href":"https:\/\/www.europesays.com\/es\/wp-json\/wp\/v2\/posts\/231171\/revisions"}],"wp:featuredmedia":[{"embeddable":true,"href":"https:\/\/www.europesays.com\/es\/wp-json\/wp\/v2\/media\/231172"}],"wp:attachment":[{"href":"https:\/\/www.europesays.com\/es\/wp-json\/wp\/v2\/media?parent=231171"}],"wp:term":[{"taxonomy":"category","embeddable":true,"href":"https:\/\/www.europesays.com\/es\/wp-json\/wp\/v2\/categories?post=231171"},{"taxonomy":"post_tag","embeddable":true,"href":"https:\/\/www.europesays.com\/es\/wp-json\/wp\/v2\/tags?post=231171"}],"curies":[{"name":"wp","href":"https:\/\/api.w.org\/{rel}","templated":true}]}}