{"id":231179,"date":"2025-11-11T22:57:07","date_gmt":"2025-11-11T22:57:07","guid":{"rendered":"https:\/\/www.europesays.com\/es\/231179\/"},"modified":"2025-11-11T22:57:07","modified_gmt":"2025-11-11T22:57:07","slug":"el-recuerdo-albaceteno-de-pedro-piqueras-que-ha-conmovido-a-las-redes-nunca-lo-podre-olvidar","status":"publish","type":"post","link":"https:\/\/www.europesays.com\/es\/231179\/","title":{"rendered":"El recuerdo albacete\u00f1o de Pedro Piqueras que ha conmovido a las redes: \u00abNunca lo podr\u00e9 olvidar\u00bb"},"content":{"rendered":"<p>Hay fotos que son peque\u00f1os viajes en el tiempo. Una de ellas la ha compartido este mismo martes el periodista albacete\u00f1o <a href=\"https:\/\/www.eldigitaldealbacete.com\/2025\/09\/18\/el-colegio-de-albacete-en-el-que-estudio-pedro-piqueras-con-mas-de-50-anos-de-historia-concertado-y-catolico\/\" target=\"_blank\" rel=\"noreferrer noopener nofollow\">Pedro Piqueras<\/a>, y transporta directamente al verano de 1976, a una noche en Motilleja (Albacete) que muchos a\u00fan recuerdan con una sonrisa y un pellizco en el coraz\u00f3n.<\/p>\n<p>En la imagen, <a href=\"https:\/\/www.eldigitaldealbacete.com\/2025\/05\/11\/entrevista-pedro-piqueras-sigo-siendo-periodista-y-creo-que-lo-sere-toda-mi-vida\/\" target=\"_blank\" rel=\"noreferrer noopener nofollow\">Piqueras<\/a> aparece junto a Cecilia, la m\u00edtica cantautora madrile\u00f1a que hizo suyos himnos como \u00abMi querida Espa\u00f1a\u00bb, \u00abDama, dama\u00bb o \u00abUn ramito de violetas\u00bb. Ella, con su aire libre y su mirada dulce, estaba en plena forma, y \u00e9l, con apenas 21 a\u00f1os, era su t\u00edmido telonero en aquella actuaci\u00f3n solidaria en el peque\u00f1o pueblo albacete\u00f1o.<\/p>\n<p>Pocos d\u00edas despu\u00e9s, el 2 de agosto de 1976, un accidente de tr\u00e1fico cerca de Benavente apag\u00f3 la voz de Evangelina Sobredo, su verdadero nombre, cuando solo ten\u00eda 27 a\u00f1os. Su muerte conmocion\u00f3 al pa\u00eds, pero su m\u00fasica y su esp\u00edritu rebelde quedaron para siempre.<\/p>\n<p>Un concierto en Motilleja<\/p>\n<p>\u00abNunca podr\u00e9 olvidar lo que hoy comparto en esta fotograf\u00eda\u00bb, ha escrito Piqueras al publicar la imagen en su cuenta de Instagram. Y no es para menos. Aquel concierto en Motilleja fue una de las \u00faltimas actuaciones de Cecilia, y tambi\u00e9n una de las m\u00e1s humanas, lejos de los grandes escenarios, rodeada de gente sencilla y del calor de un pueblo manchego en verano.<\/p>\n<blockquote class=\"instagram-media\" data-instgrm-captioned=\"\" data-instgrm-permalink=\"https:\/\/www.instagram.com\/reel\/DQ7KjyZkSZw\/?utm_source=ig_embed&amp;utm_campaign=loading\" data-instgrm-version=\"14\" style=\" background:#FFF; border:0; border-radius:3px; box-shadow:0 0 1px 0 rgba(0,0,0,0.5),0 1px 10px 0 rgba(0,0,0,0.15); margin: 1px; max-width:540px; min-width:326px; padding:0; width:99.375%; width:-webkit-calc(100% - 2px); width:calc(100% - 2px);\"\/>\n<p>Casi cinco d\u00e9cadas despu\u00e9s, ese recuerdo se convierte en un bonito homenaje. Cecilia y Motilleja unidas por una canci\u00f3n, una foto y la memoria de una artista que nunca dej\u00f3 de ser aut\u00e9ntica. Porque a veces, la historia grande tambi\u00e9n pasa por los rincones peque\u00f1os.<\/p>\n<p>\t\t<script async src=\"\/\/www.instagram.com\/embed.js\"><\/script><\/p>\n","protected":false},"excerpt":{"rendered":"Hay fotos que son peque\u00f1os viajes en el tiempo. Una de ellas la ha compartido este mismo martes&hellip;\n","protected":false},"author":2,"featured_media":231180,"comment_status":"","ping_status":"","sticky":false,"template":"","format":"standard","meta":{"footnotes":""},"categories":[174],"tags":[2545,4091,255,146,147,25,24,256,10,4047,23],"class_list":{"0":"post-231179","1":"post","2":"type-post","3":"status-publish","4":"format-standard","5":"has-post-thumbnail","7":"category-famosos","8":"tag-albacete","9":"tag-castilla-la-mancha","10":"tag-celebrities","11":"tag-entertainment","12":"tag-entretenimiento","13":"tag-es","14":"tag-espana","15":"tag-famosos","16":"tag-noticias","17":"tag-pedro-piqueras","18":"tag-spain"},"share_on_mastodon":{"url":"https:\/\/pubeurope.com\/@es\/115533541920927949","error":""},"_links":{"self":[{"href":"https:\/\/www.europesays.com\/es\/wp-json\/wp\/v2\/posts\/231179","targetHints":{"allow":["GET"]}}],"collection":[{"href":"https:\/\/www.europesays.com\/es\/wp-json\/wp\/v2\/posts"}],"about":[{"href":"https:\/\/www.europesays.com\/es\/wp-json\/wp\/v2\/types\/post"}],"author":[{"embeddable":true,"href":"https:\/\/www.europesays.com\/es\/wp-json\/wp\/v2\/users\/2"}],"replies":[{"embeddable":true,"href":"https:\/\/www.europesays.com\/es\/wp-json\/wp\/v2\/comments?post=231179"}],"version-history":[{"count":0,"href":"https:\/\/www.europesays.com\/es\/wp-json\/wp\/v2\/posts\/231179\/revisions"}],"wp:featuredmedia":[{"embeddable":true,"href":"https:\/\/www.europesays.com\/es\/wp-json\/wp\/v2\/media\/231180"}],"wp:attachment":[{"href":"https:\/\/www.europesays.com\/es\/wp-json\/wp\/v2\/media?parent=231179"}],"wp:term":[{"taxonomy":"category","embeddable":true,"href":"https:\/\/www.europesays.com\/es\/wp-json\/wp\/v2\/categories?post=231179"},{"taxonomy":"post_tag","embeddable":true,"href":"https:\/\/www.europesays.com\/es\/wp-json\/wp\/v2\/tags?post=231179"}],"curies":[{"name":"wp","href":"https:\/\/api.w.org\/{rel}","templated":true}]}}