{"id":231196,"date":"2025-11-11T23:09:14","date_gmt":"2025-11-11T23:09:14","guid":{"rendered":"https:\/\/www.europesays.com\/es\/231196\/"},"modified":"2025-11-11T23:09:14","modified_gmt":"2025-11-11T23:09:14","slug":"la-fiscal-de-madrid-se-sintio-como-un-sandwich","status":"publish","type":"post","link":"https:\/\/www.europesays.com\/es\/231196\/","title":{"rendered":"La fiscal de Madrid se sinti\u00f3 como un s\u00e1ndwich"},"content":{"rendered":"\n<p> El <a href=\"https:\/\/www.elconfidencial.com\/espana\/2025-11-11\/antiguo-subdirector-el-pais-fuentes-fiscalia-madrid_4245319\/\" target=\"_self\" rel=\"nofollow noopener\">carrusel de periodistas<\/a> que ha apuntado lejos del fiscal general del Estado en la filtraci\u00f3n del correo electr\u00f3nico de la defensa de Alberto Gonz\u00e1lez Amador no ha servido para que la cuarta jornada del juicio al jefe de la Fiscal\u00eda haya dejado indemne a<strong> \u00c1lvaro Garc\u00eda Ortiz.<\/strong> El horizonte judicial del fiscal general no solo viene marcado por <strong>qui\u00e9n filtr\u00f3 el contenido<\/strong> de aquella conversaci\u00f3n entre la defensa de la pareja de Isabel D\u00edaz Ayuso y la Fiscal\u00eda, tambi\u00e9n por la inclusi\u00f3n de citas textuales del mismo en la nota de prensa que el Ministerio P\u00fablico lanz\u00f3 el 14 de marzo de 2024. Una praxis que escandaliz\u00f3 a <strong>Eugenio Rib\u00f3n<\/strong>, decano del Ilustre Colegio de la Abogac\u00eda de Madrid (ICAM), al sector de la abogac\u00eda y, seg\u00fan este testigo, preocup\u00f3 a la propia jefa de la Fiscal\u00eda Provincial de Madrid, Pilar Rodr\u00edguez: <strong>\u00abSe sent\u00eda como un s\u00e1ndwich por arriba y por abajo\u00bb.<\/strong> <\/p>\n<p> Rib\u00f3n ha se\u00f1alado que tras la <a href=\"https:\/\/www.elconfidencial.com\/espana\/2025-11-10\/amenaza-dormida-nota-prensa-acechando-garcia-ortiz-pleno-juicio_4244356\/\" target=\"_self\" rel=\"nofollow noopener\">publicaci\u00f3n de la nota por parte de Fiscal\u00eda<\/a>, comenzaron a recibir <strong>numerosas llamadas de protesta<\/strong> de compa\u00f1eros. <strong>\u00abEra dif\u00edcil de creer\u00bb,<\/strong> ha manifestado. El decano del ICAM consideraba de tal gravedad el comunicado, que contact\u00f3 con Rodr\u00edguez<strong> para confirmar la veracidad<\/strong> del mismo. En la conversaci\u00f3n que mantuvieron, percibi\u00f3 que la fiscal \u00ab<strong>era consciente de la gravedad<\/strong>\u00bb de la nota de prensa. <\/p>\n<p> En aquel momento, Rodr\u00edguez<strong> se llega a desvincular de la autor\u00eda <\/strong>del escrito, seg\u00fan ha declarado Rib\u00f3n: \u00ab<strong>Se sent\u00eda como un s\u00e1ndwich<\/strong> por arriba y por abajo y me comenta que la nota lleva el sello de la Fiscal\u00eda Provincial, pero que no hab\u00eda salido de la Fiscal\u00eda\u00bb. Esa misma tarde, sobre las 19:00, Rib\u00f3n recibe un mensaje de \u00c1lvaro Garc\u00eda Ortiz proponi\u00e9ndole un encuentro presencial al d\u00eda siguiente en<a href=\"https:\/\/www.elconfidencial.com\/espana\/2025-11-11\/juicio-fiscal-general-alvaro-garcia-ortiz_4245072\/\" target=\"_self\" rel=\"nofollow noopener\"> la Fiscal\u00eda General del Estado (FGE).<\/a> <\/p>\n<p> Al d\u00eda siguiente, 15 de marzo de 2024, <a href=\"https:\/\/www.elconfidencial.com\/espana\/2025-11-02\/el-colegio-de-abogados-ante-el-juicio-a-alvaro-garcia-ortiz_4239116\/\" target=\"_self\" rel=\"nofollow noopener\">Rib\u00f3n<\/a> acudi\u00f3 al cuartel general del fiscal acompa\u00f1ado por un miembro del gabinete del ICAM. En aquel encuentro, tuvo enfrente a cinco fiscales, entre ellos el propio Garc\u00eda Ortiz<strong>, Pilar Rodr\u00edguez <\/strong>y <strong>Diego Villafa\u00f1e<\/strong>, fiscal jefe de la Secretar\u00eda T\u00e9cnica de la FGE. Tambi\u00e9n particip\u00f3 la entonces presidenta del Consejo General de la Abogac\u00eda Espa\u00f1ola, <strong>Victoria Ortega<\/strong>. <\/p>\n<p>              <img decoding=\"async\" class=\"inTextNews__img\" alt=\"Foto: antiguo-subdirector-el-pais-fuentes-fiscalia-madrid\" src=\"https:\/\/www.europesays.com\/es\/wp-content\/uploads\/2025\/11\/f.elconfidencial.com\/original\/d82\/017\/cce\/d82017cce2ba7745ce8761e0d47c037b.jpg\"  \/>     <\/p>\n<p>TE PUEDE INTERESAR<\/p>\n<p>      <a class=\"inTextNews__title\" href=\"https:\/\/www.elconfidencial.com\/espana\/2025-11-11\/antiguo-subdirector-el-pais-fuentes-fiscalia-madrid_4245319\/\" onclick=\"window.ECCO.emit(&#039;amplitude&#039;, { dataEventName: &#039;click_related_article_module&#039;, data: { related_article_url: &#039;https:\/\/www.elconfidencial.com\/espana\/2025-11-11\/antiguo-subdirector-el-pais-fuentes-fiscalia-madrid_4245319\/&#039;, related_article_author: &#039;Beatriz Parera,Borja Negrete&#039;, related_article_section: &#039;espana&#039; } })\" rel=\"nofollow noopener\" target=\"_blank\"> El exsubdirector de &#8216;El Pa\u00eds&#8217; apunta a fuentes de la Fiscal\u00eda de Madrid: \u00abQue quede claro\u00bb <\/a>   <\/p>\n<p>    Beatriz Parera     Borja Negrete   <\/p>\n<p> Rib\u00f3n ha testificado que en aquella conversaci\u00f3n, <strong>Garc\u00eda Ortiz intent\u00f3 justificar la publicaci\u00f3n<\/strong> de la nota de prensa en aquellos t\u00e9rminos. Propuso la elaboraci\u00f3n de un comunicado conjunto, algo que el decano del ICAM rechaz\u00f3. \u00ab<a href=\"https:\/\/www.elconfidencial.com\/espana\/2025-02-21\/decano-icam-juez-garcia-ortiz-evitar-choque-ayuso_4070434\/\" target=\"_self\" rel=\"nofollow noopener\">En el momento en que manifiesto <\/a>que <strong>no estoy conforme con esa situaci\u00f3n<\/strong>, la conversaci\u00f3n se precipita y se da por terminada en dos minutos o pocos segundos\u00bb, ha declarado. <\/p>\n<p>            La Fiscal\u00eda \u00abes instituci\u00f3n, no medio de comunicaci\u00f3n\u00bb           <\/p>\n<p> Mientras Rib\u00f3n testificaba, el rictus de Garc\u00eda Ortiz permanec\u00eda serio, con constantes negaciones a medida que avanzaba la declaraci\u00f3n del abogado. Aquel encuentro en la FGE <strong>no dur\u00f3 m\u00e1s de 15 minutos<\/strong>, y acto seguido el ICAM convoc\u00f3 una junta para analizar si iniciaban acciones penales por la \u00abruptura del secreto\u00bb. <a href=\"https:\/\/www.elconfidencial.com\/espana\/2025-11-10\/amenaza-dormida-nota-prensa-acechando-garcia-ortiz-pleno-juicio_4244356\/\" target=\"_self\" rel=\"nofollow noopener\">Rib\u00f3n ha centrado la motivaci\u00f3n de la querella en aquella nota de prensa,<\/a> no si en la filtraci\u00f3n de la informaci\u00f3n a los periodistas hab\u00eda tenido algo que ver Garc\u00eda Ortiz. <\/p>\n<p> \u00abUno de los puntos clave fue la transcripci\u00f3n literal del <a href=\"https:\/\/www.elconfidencial.com\/espana\/2025-11-04\/juicio-fiscal-general-francesc-valles-juan-lobato-mar_4241283\/\" target=\"_self\" rel=\"nofollow noopener\">contenido de los correos<\/a> y el se\u00f1alamiento de hora, minuto y todos los detalles. <strong>No era preciso revelar el contenido litera<\/strong>l de aquellos correos\u00bb, ha afirmado. \u00abEl Colegio no act\u00faa en defensa de un abogado concreto, sino en defensa de un principio universal, en defensa del ejercicio de la Abogac\u00eda&#8230; <strong>Es la nota la que genera la alarma y el desconcierto absoluto de la Abogac\u00eda<\/strong>\u00ab, ha a\u00f1adido a continuaci\u00f3n. <\/p>\n<p> Este comunicado apunta directamente a Garc\u00eda Ortiz, que lleg\u00f3 a dictar por v\u00eda telef\u00f3nica fragmentos de los correos de la defensa de Gonz\u00e1lez Amador <a href=\"https:\/\/www.elconfidencial.com\/espana\/2025-01-21\/jefa-prensa-garcia-ortiz-correos-gonzalez-amador_4047574\/\" target=\"_self\" rel=\"nofollow noopener\">a Mar Hedo<\/a>, directora de comunicaci\u00f3n del FGE, para su elaboraci\u00f3n. Rib\u00f3n ha insistido en que <strong>\u00abel colegio no entra a valorar las publicaciones de los distintos medios de comunicaci\u00f3n\u00bb<\/strong>, y ha reiterado que actu\u00f3 \u00absolo sobre la nota de prensa de la Fiscal\u00eda\u00bb, que es \u00abmuy diferente a la divulgaci\u00f3n de la noticia en un medio de comunicaci\u00f3n\u00bb. La Fiscal\u00eda \u00abes instituci\u00f3n, no medio de comunicaci\u00f3n\u00bb. <\/p>\n<p>            Protecci\u00f3n de datos           <\/p>\n<p> El testimonio de Rib\u00f3n ha sido el m\u00e1s duro para los intereses de Garc\u00eda Ortiz, pues apuntala la tesis de su implicaci\u00f3n personal en la publicaci\u00f3n de datos privados de la defensa de la pareja de Ayuso en un comunicado p\u00fablico. Despu\u00e9s de Rib\u00f3n y antes del turno de los periodistas, han testificado<strong> Mar\u00eda Antonia Sanz, <\/strong><a href=\"https:\/\/www.elconfidencial.com\/espana\/2025-08-01\/asociacion-fiscales-salida-garcia-ortiz-supremo_4184042\/\" target=\"_self\" rel=\"nofollow noopener\">fiscal jefa de la Inspecci\u00f3n del FGE<\/a> y <strong>Agust\u00edn Hidalgo de Morillo<\/strong>, fiscal del Tribunal Supremo y delegado de protecci\u00f3n de datos de la FGE. <\/p>\n<p>              <img decoding=\"async\" class=\"inTextNews__img\" alt=\"Foto: amenaza-dormida-nota-prensa-acechando-garcia-ortiz-pleno-juicio\" src=\"https:\/\/www.europesays.com\/es\/wp-content\/uploads\/2025\/11\/f.elconfidencial.com\/original\/4a0\/3ae\/26f\/4a03ae26fe7cef81a62f208da5475e07.jpg\"  \/>     <\/p>\n<p>TE PUEDE INTERESAR<\/p>\n<p>      <a class=\"inTextNews__title\" href=\"https:\/\/www.elconfidencial.com\/espana\/2025-11-10\/amenaza-dormida-nota-prensa-acechando-garcia-ortiz-pleno-juicio_4244356\/\" onclick=\"window.ECCO.emit(&#039;amplitude&#039;, { dataEventName: &#039;click_related_article_module&#039;, data: { related_article_url: &#039;https:\/\/www.elconfidencial.com\/espana\/2025-11-10\/amenaza-dormida-nota-prensa-acechando-garcia-ortiz-pleno-juicio_4244356\/&#039;, related_article_author: &#039;Beatriz Parera&#039;, related_article_section: &#039;espana&#039; } })\" rel=\"nofollow noopener\" target=\"_blank\"> La amenaza dormida de la nota de prensa sigue acechando a Garc\u00eda Ortiz en pleno juicio <\/a>   <\/p>\n<p>    Beatriz Parera   <\/p>\n<p> Sanz se ha limitado a indicar que <strong>no tuvo tiempo de iniciar una investigaci\u00f3n interna<\/strong> <a href=\"https:\/\/www.elconfidencial.com\/espana\/2025-11-05\/caza-filtrador-tercera-planta-salvar-garcia-ortiz-dia-dos-juicio_4241534\/\" target=\"_self\" rel=\"nofollow noopener\">sobre la filtraci\u00f3n del correo,<\/a> ya que cuando empezaron a \u00abinstruir<strong> ya se estaba abriendo la investigaci\u00f3n pena<\/strong>l\u00bb, detalla. Por otra parte, Hidalgo ha mantenido un rifirrafe notable con el abogado de la pareja de Ayuso, que ha tratado de inferir por qu\u00e9 no inici\u00f3 una investigaci\u00f3n por la violaci\u00f3n de la protecci\u00f3n de datos de su cliente. Hidalgo ha respondido que no est\u00e1 entre sus funciones, que \u00e9l se dedica a fomentar la cultura de la \u00abprotecci\u00f3n de datos\u00bb en el Ministerio P\u00fablico, aunque ha reconocido que el fiscal general del Estado no debi\u00f3 haber utilizado su correo personal para manejar los mensajes de la defensa de Gonz\u00e1lez Amador.<strong> Aun as\u00ed, no lo considera una \u00abbrecha de seguridad\u00bb.<\/strong> <\/p>\n<p> El juicio sigue su curso este mi\u00e9rcoles con la <strong>declaraci\u00f3n de los agentes de la Unidad Central Operativa <\/strong>(UCO) que han elaborado los informes sobre el caso y el <strong>testimonio del propio \u00c1lvaro Garc\u00eda Ortiz<\/strong> en el Tribunal Supremo. Si la cara es el espejo del alma, en estos momentos la del jefe de los fiscales no parece tan en <a href=\"https:\/\/www.elconfidencial.com\/espana\/2025-11-11\/sanchez-record-gasto-asesores_4243502\/\" target=\"_self\" rel=\"nofollow noopener\">consonancia con el presidente del Gobierno, Pedro S\u00e1nchez, <\/a>que ya dict\u00f3 sentencia este fin de semana en El Pa\u00eds, declarando la inocencia del fiscal. <\/p>\n<p> El <a href=\"https:\/\/www.elconfidencial.com\/espana\/2025-11-11\/antiguo-subdirector-el-pais-fuentes-fiscalia-madrid_4245319\/\" target=\"_self\" rel=\"nofollow noopener\">carrusel de periodistas<\/a> que ha apuntado lejos del fiscal general del Estado en la filtraci\u00f3n del correo electr\u00f3nico de la defensa de Alberto Gonz\u00e1lez Amador no ha servido para que la cuarta jornada del juicio al jefe de la Fiscal\u00eda haya dejado indemne a<strong> \u00c1lvaro Garc\u00eda Ortiz.<\/strong> El horizonte judicial del fiscal general no solo viene marcado por <strong>qui\u00e9n filtr\u00f3 el contenido<\/strong> de aquella conversaci\u00f3n entre la defensa de la pareja de Isabel D\u00edaz Ayuso y la Fiscal\u00eda, tambi\u00e9n por la inclusi\u00f3n de citas textuales del mismo en la nota de prensa que el Ministerio P\u00fablico lanz\u00f3 el 14 de marzo de 2024. Una praxis que escandaliz\u00f3 a <strong>Eugenio Rib\u00f3n<\/strong>, decano del Ilustre Colegio de la Abogac\u00eda de Madrid (ICAM), al sector de la abogac\u00eda y, seg\u00fan este testigo, preocup\u00f3 a la propia jefa de la Fiscal\u00eda Provincial de Madrid, Pilar Rodr\u00edguez: <strong>\u00abSe sent\u00eda como un s\u00e1ndwich por arriba y por abajo\u00bb.<\/strong> <\/p>\n","protected":false},"excerpt":{"rendered":"El carrusel de periodistas que ha apuntado lejos del fiscal general del Estado en la filtraci\u00f3n del correo&hellip;\n","protected":false},"author":2,"featured_media":231197,"comment_status":"","ping_status":"","sticky":false,"template":"","format":"standard","meta":{"footnotes":""},"categories":[8],"tags":[17,18,25,24,13,14,11,19,20,9,10,15,16,23,12,21,22],"class_list":{"0":"post-231196","1":"post","2":"type-post","3":"status-publish","4":"format-standard","5":"has-post-thumbnail","7":"category-espana","8":"tag-breaking-news","9":"tag-breakingnews","10":"tag-es","11":"tag-espana","12":"tag-featured-news","13":"tag-featurednews","14":"tag-headlines","15":"tag-latest-news","16":"tag-latestnews","17":"tag-news","18":"tag-noticias","19":"tag-noticias-destacadas","20":"tag-noticiasdestacadas","21":"tag-spain","22":"tag-titulares","23":"tag-ultimas-noticias","24":"tag-ultimasnoticias"},"share_on_mastodon":{"url":"https:\/\/pubeurope.com\/@es\/115533589293246546","error":""},"_links":{"self":[{"href":"https:\/\/www.europesays.com\/es\/wp-json\/wp\/v2\/posts\/231196","targetHints":{"allow":["GET"]}}],"collection":[{"href":"https:\/\/www.europesays.com\/es\/wp-json\/wp\/v2\/posts"}],"about":[{"href":"https:\/\/www.europesays.com\/es\/wp-json\/wp\/v2\/types\/post"}],"author":[{"embeddable":true,"href":"https:\/\/www.europesays.com\/es\/wp-json\/wp\/v2\/users\/2"}],"replies":[{"embeddable":true,"href":"https:\/\/www.europesays.com\/es\/wp-json\/wp\/v2\/comments?post=231196"}],"version-history":[{"count":0,"href":"https:\/\/www.europesays.com\/es\/wp-json\/wp\/v2\/posts\/231196\/revisions"}],"wp:featuredmedia":[{"embeddable":true,"href":"https:\/\/www.europesays.com\/es\/wp-json\/wp\/v2\/media\/231197"}],"wp:attachment":[{"href":"https:\/\/www.europesays.com\/es\/wp-json\/wp\/v2\/media?parent=231196"}],"wp:term":[{"taxonomy":"category","embeddable":true,"href":"https:\/\/www.europesays.com\/es\/wp-json\/wp\/v2\/categories?post=231196"},{"taxonomy":"post_tag","embeddable":true,"href":"https:\/\/www.europesays.com\/es\/wp-json\/wp\/v2\/tags?post=231196"}],"curies":[{"name":"wp","href":"https:\/\/api.w.org\/{rel}","templated":true}]}}