{"id":231200,"date":"2025-11-11T23:15:09","date_gmt":"2025-11-11T23:15:09","guid":{"rendered":"https:\/\/www.europesays.com\/es\/231200\/"},"modified":"2025-11-11T23:15:09","modified_gmt":"2025-11-11T23:15:09","slug":"musetti-frustra-in-extremis-el-pase-de-alcaraz-a-semifinales-de-las-atp-finals","status":"publish","type":"post","link":"https:\/\/www.europesays.com\/es\/231200\/","title":{"rendered":"Musetti frustra &#8216;in extremis&#8217; el pase de Alcaraz a semifinales de las ATP Finals"},"content":{"rendered":"<p data-gtm-element-container=\"modulo-texto-link\" class=\"paragraph\">El esfuerzo de <strong>Carlos Alcaraz<\/strong> para remontar su partido ante el estadounidense<strong> Taylor Fritz<\/strong> vali\u00f3 mucho la pena. Si el espa\u00f1ol ya estaba satisfecho con su vuelta al hotel con un triunfo por 6-7 (2), 7-5 y 6-3, m\u00e1s tarde, pasadas las once de la noche, acarici\u00f3 un premio que acab\u00f3 por no llegar.<\/p>\n<p data-gtm-element-container=\"modulo-texto-link\" class=\"paragraph\"><strong>Carlos Alcaraz\u00a0<\/strong>tuvo un pie en las semifinales, y como primero del Grupo Jimmy Connors. El triunfo del australiano <strong>Alex de Mi\u00f1aur,<\/strong> su v\u00edctima en la jornada inaugural, as\u00ed lo propiciaba. El &#8216;aussie&#8217; tuvo bolas de 4-1 en el tercer set, un saque con 5-4 para rematar el triunfo, pero hubo remontada del italiano Lorenzo Musetti, que venci\u00f3 7-5, 3-6 y 7-5 en 2h.47&#8242;.<\/p>\n<blockquote class=\"twitter-tweet\" data-lang=\"es\"><p>\n<a href=\"https:\/\/twitter.com\/TennisTV\/status\/1988368855719440884\" rel=\"nofollow noopener\" target=\"_blank\">\n<\/p><\/blockquote>\n<p data-gtm-element-container=\"modulo-texto-link\" class=\"paragraph\">Sin embargo,el trabajo de Alcaraz en esta primera fase no ha concluido. L\u00edder del grupo con 2-0, se medir\u00e1 el jueves al italiano Lorenzo Musetti (1-1), con un doble objetivo.<\/p>\n<p data-gtm-element-container=\"modulo-texto-link\" class=\"paragraph\">Tiene la posibilidad de rematar la clasificacion al mando y asegurar el n\u00famero uno mundial del a\u00f1o, en detrimento de<strong> Jannik Sinner<\/strong>, batiendo al superviviente Musetti, que evit\u00f3 la eliminaci\u00f3n.<\/p>\n<p>    Lee tambi\u00e9n<\/p>\n<p data-gtm-element-container=\"modulo-texto-link\" class=\"paragraph\">Carlos Alcaraz deber\u00e1 esperar para repetir las semifinales de 2023. Entonces perdi\u00f3 contra el ahora ausente <strong>Novak Djokovic<\/strong>. Este mi\u00e9rcoles se disputar\u00e1n los encuentros<strong> Jannik Sinner-Alexander Zverev<\/strong> (20:30 horas), ambos vencedores en la primera jornada, y <strong>Ben Shelton-Felix Auger-Aliassime.\u00a0<\/strong><\/p>\n<p><script async src=\"https:\/\/platform.twitter.com\/widgets.js\" charset=\"utf-8\"><\/script><\/p>\n","protected":false},"excerpt":{"rendered":"El esfuerzo de Carlos Alcaraz para remontar su partido ante el estadounidense Taylor Fritz vali\u00f3 mucho la pena.&hellip;\n","protected":false},"author":2,"featured_media":231201,"comment_status":"","ping_status":"","sticky":false,"template":"","format":"standard","meta":{"footnotes":""},"categories":[274],"tags":[168,25,24,23,167,327,326],"class_list":{"0":"post-231200","1":"post","2":"type-post","3":"status-publish","4":"format-standard","5":"has-post-thumbnail","7":"category-tenis","8":"tag-deportes","9":"tag-es","10":"tag-espana","11":"tag-spain","12":"tag-sports","13":"tag-tenis","14":"tag-tennis"},"share_on_mastodon":{"url":"https:\/\/pubeurope.com\/@es\/115533612647300575","error":""},"_links":{"self":[{"href":"https:\/\/www.europesays.com\/es\/wp-json\/wp\/v2\/posts\/231200","targetHints":{"allow":["GET"]}}],"collection":[{"href":"https:\/\/www.europesays.com\/es\/wp-json\/wp\/v2\/posts"}],"about":[{"href":"https:\/\/www.europesays.com\/es\/wp-json\/wp\/v2\/types\/post"}],"author":[{"embeddable":true,"href":"https:\/\/www.europesays.com\/es\/wp-json\/wp\/v2\/users\/2"}],"replies":[{"embeddable":true,"href":"https:\/\/www.europesays.com\/es\/wp-json\/wp\/v2\/comments?post=231200"}],"version-history":[{"count":0,"href":"https:\/\/www.europesays.com\/es\/wp-json\/wp\/v2\/posts\/231200\/revisions"}],"wp:featuredmedia":[{"embeddable":true,"href":"https:\/\/www.europesays.com\/es\/wp-json\/wp\/v2\/media\/231201"}],"wp:attachment":[{"href":"https:\/\/www.europesays.com\/es\/wp-json\/wp\/v2\/media?parent=231200"}],"wp:term":[{"taxonomy":"category","embeddable":true,"href":"https:\/\/www.europesays.com\/es\/wp-json\/wp\/v2\/categories?post=231200"},{"taxonomy":"post_tag","embeddable":true,"href":"https:\/\/www.europesays.com\/es\/wp-json\/wp\/v2\/tags?post=231200"}],"curies":[{"name":"wp","href":"https:\/\/api.w.org\/{rel}","templated":true}]}}