{"id":231210,"date":"2025-11-11T23:21:11","date_gmt":"2025-11-11T23:21:11","guid":{"rendered":"https:\/\/www.europesays.com\/es\/231210\/"},"modified":"2025-11-11T23:21:11","modified_gmt":"2025-11-11T23:21:11","slug":"fui-el-primer-artista-de-europa-que-pintaba-oleos-en-blanco-y-negro","status":"publish","type":"post","link":"https:\/\/www.europesays.com\/es\/231210\/","title":{"rendered":"Fui el primer artista de Europa que pintaba \u00f3leos en blanco y negro"},"content":{"rendered":"<p class=\"paragraph\">El artista Pako Lominchar, madrile\u00f1o afincado en Zaragoza desde hace 20 a\u00f1os, <b>Pako Lominchar expone hasta el pr\u00f3ximo d\u00eda 29 de noviembre<\/b> en Espacio Pirineos \u00abSinfon\u00eda en blanco y negro\u00bb. La sala 2 del centro expositivo grausino acoge esta muestra que permite disfrutar a trav\u00e9s de las obras que la componen de las principales se\u00f1as de identidad del pintor: la obra en blanco y negro, el movimiento y la anatom\u00eda humana.<\/p>\n<p class=\"paragraph\">\u00ab<b>Fui el primer pintor de Europa que pintaba \u00f3leos en blanco y negro<\/b>\u00ab, recuerda Lominchar, para quien el color, o la ausencia del mismo es toda una declaraci\u00f3n de intenciones. \u00abAlguien me dijo cuanto empezaba, ya en los a\u00f1os ochenta, que si quer\u00eda conseguir algo, ten\u00eda que ser distinto y as\u00ed fue como empec\u00e9 a pintar en blanco y negro exclusivamente\u00bb, comenta desde su exposici\u00f3n en Graus.<\/p>\n<p class=\"paragraph\">Junto a su primer cuadro, pintado en el a\u00f1o 1988, tambi\u00e9n dedicado a la danza y que forma parte de la exposici\u00f3n \u00abSinfon\u00eda en blanco y negro\u00bb, recuerda sus or\u00edgenes como artista. \u00abHe tenido una formaci\u00f3n autodidacta. A los 8 a\u00f1os, <b>empec\u00e9 a dibujar de la mano de mi padre<\/b>, que dibujaba muy bien. \u00c9l me ense\u00f1\u00f3 a dibujar y yo a pintar\u00bb, recuerda de esos primeros tiempos, el \u00fanico periodo en el que ha utilizado el color.<\/p>\n<p class=\"paragraph\">El blanco y negro fue, desde muy pronto, una elecci\u00f3n art\u00edstica que, adem\u00e1s de diferenciarse, le permite expresarse. \u00abLo que intento es realzar la belleza y la simplicidad a la hora de pintar. Al no haber color, <b>se pueden resaltar los vol\u00famenes y las texturas<\/b>. Lo que quiero es que la gente se sumerja en un mundo de luces y sombras y la sencillez me ayuda. Para m\u00ed, menos es m\u00e1s\u00bb, explica. Para ello, <b>Pako Lominchar utiliza una ampl\u00edsima paleta de grises<\/b>, con diez o doce grises distintos a la hora de hacer un cuadro\u00bb, detalla.<\/p>\n<p class=\"paragraph\">Como puede apreciarse en \u00abSinfon\u00eda en blanco y negro\u00bb, <b>su pintura es figurativa, realista<\/b>, con tem\u00e1tica de ballet cl\u00e1sico, de danza contempor\u00e1nea y con cuerpos femeninos. \u00abMe gusta la anatom\u00eda, el movimiento, las transparencias y las veladuras. Con los vuelos, trapos y satenes, consigues efectos muy bonitos\u00bb, indica.<\/p>\n<p class=\"paragraph\">Sus obras <b>reproducen fotograf\u00edas tomadas por \u00e9l mismo<\/b> o son fruto de sesiones con modelos. \u00abVoy haciendo bocetos a lapicero a partir de ah\u00ed y con intuici\u00f3n y talento voy d\u00e1ndoles forma\u00bb, detalla en cuanto al proceso de elaboraci\u00f3n de sus cuadros que oscila entre las tres semanas y los cuatro meses, dependiendo de la complejidad de la obra y de su tama\u00f1o.<\/p>\n<p class=\"paragraph\">Lominchar ha expuesto en salas y galer\u00edas de Madrid, Valencia, Barcelona, La Coru\u00f1a, Zaragoza o Huesca. Precisamente, en paralelo a la muestra en Graus, <b>expone en Zaragoza sus primeras obras en acr\u00edlico<\/b>. \u00abEmpec\u00e9 con el acr\u00edlico, tambi\u00e9n en blanco y negro, hace un a\u00f1o y medio porque me apetece probar t\u00e9cnicas nuevas\u00bb. En este sentido, avanza tambi\u00e9n que est\u00e1 empezando a trabajar la acuarela en seco, eso s\u00ed, manteniendo el blanco y negro que sigue siendo su sello personal.\u00a0<\/p>\n","protected":false},"excerpt":{"rendered":"El artista Pako Lominchar, madrile\u00f1o afincado en Zaragoza desde hace 20 a\u00f1os, Pako Lominchar expone hasta el pr\u00f3ximo&hellip;\n","protected":false},"author":2,"featured_media":231211,"comment_status":"","ping_status":"","sticky":false,"template":"","format":"standard","meta":{"footnotes":""},"categories":[173],"tags":[229,233,231,230,8135,232,234,146,147,25,24,700,60502,55289,475,23],"class_list":{"0":"post-231210","1":"post","2":"type-post","3":"status-publish","4":"format-standard","5":"has-post-thumbnail","7":"category-arte-y-diseno","8":"tag-arte","9":"tag-arte-y-diseno","10":"tag-arts","11":"tag-arts-and-design","12":"tag-blanco","13":"tag-design","14":"tag-diseno","15":"tag-entertainment","16":"tag-entretenimiento","17":"tag-es","18":"tag-espana","19":"tag-europa","20":"tag-lominchar","21":"tag-pintaba","22":"tag-pintor","23":"tag-spain"},"share_on_mastodon":{"url":"https:\/\/pubeurope.com\/@es\/115533636110751485","error":""},"_links":{"self":[{"href":"https:\/\/www.europesays.com\/es\/wp-json\/wp\/v2\/posts\/231210","targetHints":{"allow":["GET"]}}],"collection":[{"href":"https:\/\/www.europesays.com\/es\/wp-json\/wp\/v2\/posts"}],"about":[{"href":"https:\/\/www.europesays.com\/es\/wp-json\/wp\/v2\/types\/post"}],"author":[{"embeddable":true,"href":"https:\/\/www.europesays.com\/es\/wp-json\/wp\/v2\/users\/2"}],"replies":[{"embeddable":true,"href":"https:\/\/www.europesays.com\/es\/wp-json\/wp\/v2\/comments?post=231210"}],"version-history":[{"count":0,"href":"https:\/\/www.europesays.com\/es\/wp-json\/wp\/v2\/posts\/231210\/revisions"}],"wp:featuredmedia":[{"embeddable":true,"href":"https:\/\/www.europesays.com\/es\/wp-json\/wp\/v2\/media\/231211"}],"wp:attachment":[{"href":"https:\/\/www.europesays.com\/es\/wp-json\/wp\/v2\/media?parent=231210"}],"wp:term":[{"taxonomy":"category","embeddable":true,"href":"https:\/\/www.europesays.com\/es\/wp-json\/wp\/v2\/categories?post=231210"},{"taxonomy":"post_tag","embeddable":true,"href":"https:\/\/www.europesays.com\/es\/wp-json\/wp\/v2\/tags?post=231210"}],"curies":[{"name":"wp","href":"https:\/\/api.w.org\/{rel}","templated":true}]}}