{"id":231218,"date":"2025-11-11T23:26:07","date_gmt":"2025-11-11T23:26:07","guid":{"rendered":"https:\/\/www.europesays.com\/es\/231218\/"},"modified":"2025-11-11T23:26:07","modified_gmt":"2025-11-11T23:26:07","slug":"el-atletico-de-madrid-pasara-a-manos-estadounidenses-tras-acuerdo-con-apollo-sports-capital","status":"publish","type":"post","link":"https:\/\/www.europesays.com\/es\/231218\/","title":{"rendered":"El Atl\u00e9tico de Madrid pasar\u00e1 a manos estadounidenses tras acuerdo con Apollo Sports Capital"},"content":{"rendered":"\n<p>MADRID\u00a0\u2014\u00a0El Atl\u00e9tico de Madrid est\u00e1 a punto de pasar a manos estadounidenses.<\/p>\n<p>El gigante espa\u00f1ol anunci\u00f3 que Apollo Sports Capital, una empresa de gesti\u00f3n de activos, se convertir\u00e1 en el accionista mayoritario del club a principios del pr\u00f3ximo a\u00f1o. No se revelaron detalles financieros.<\/p>\n<p>Como parte del acuerdo, el actual director ejecutivo Miguel \u00c1ngel Gil Mar\u00edn y el presidente Enrique Cerezo permanecer\u00e1n en sus puestos para asegurar la \u201ccontinuidad de visi\u00f3n y liderazgo\u201d, indicaron ambas partes en un comunicado conjunto.<\/p>\n<p>El comunicado tambi\u00e9n se\u00f1al\u00f3 que el acuerdo para el Atl\u00e9tico \u201cno forma parte de una estrategia de multipropiedad de control de clubes\u201d.<\/p>\n<p>\u201cLa inversi\u00f3n de ASC reforzar\u00e1 la posici\u00f3n de nuestro club entre la \u00e9lite del f\u00fatbol y apoyar\u00e1 nuestra ambici\u00f3n de ofrecer \u00e9xitos a largo plazo para nuestros millones de aficionados en todo el mundo\u201d, afirmaron el Atl\u00e9tico y Apollo en un comunicado conjunto. \u201cComo inversores a largo plazo, ASC y los actuales accionistas colaborar\u00e1n con la direcci\u00f3n de Atl\u00e9tico de Madrid para reforzar la solidez financiera del club, su competitividad deportiva y su contribuci\u00f3n a la comunidad\u201d.<\/p>\n<p>Apollo Sports Capital tambi\u00e9n ha invertido en dos torneos Masters 1000 del circuito masculino de tenis: el Abierto de Madrid y el Abierto de Miami.<\/p>\n<p>La empresa dijo que \u201ctienen previsto aportar nuevo capital para respaldar los planes del club a largo plazo, incluyendo inversi\u00f3n adicional en los equipos del Atl\u00e9tico de Madrid y en importantes proyectos de infraestructura\u201d, incluyendo el desarrollo de la Ciudad del Deporte, un distrito deportivo y de entretenimiento adyacente a su estadio Metropolitano.<\/p>\n<p>El Atl\u00e9tico, que ha sido dirigido por Diego Simeone desde 2011 y actualmente marcha cuarto en la liga, ha ganado 11 veces La Liga, m\u00e1s reciente en la temporada 2020-21. El equipo alcanz\u00f3 la final de la Liga de Campeones en 2014 y 2016, perdiendo ante el Real Madrid en ambas ocasiones.<\/p>\n<p>Rob Givone, gerente de cartera en ASC, describi\u00f3 al Atl\u00e9tico \u2014fundado en 1903\u2014 como \u201cuna de las grandes instituciones deportivas de Europa\u201d.<\/p>\n","protected":false},"excerpt":{"rendered":"MADRID\u00a0\u2014\u00a0El Atl\u00e9tico de Madrid est\u00e1 a punto de pasar a manos estadounidenses. El gigante espa\u00f1ol anunci\u00f3 que Apollo&hellip;\n","protected":false},"author":2,"featured_media":231219,"comment_status":"","ping_status":"","sticky":false,"template":"","format":"standard","meta":{"footnotes":""},"categories":[93],"tags":[945,60503,60505,1517,1798,14699,8310,168,412,25,24,7817,28947,60504,1044,205,3238,863,23,167],"class_list":{"0":"post-231218","1":"post","2":"type-post","3":"status-publish","4":"format-standard","5":"has-post-thumbnail","7":"category-deportes","8":"tag-acuerdo","9":"tag-apollo-sports-capital","10":"tag-asc","11":"tag-atletico","12":"tag-club","13":"tag-comunicado","14":"tag-conjunto","15":"tag-deportes","16":"tag-deportivo","17":"tag-es","18":"tag-espana","19":"tag-estadounidense","20":"tag-financiero","21":"tag-largo-plazo","22":"tag-liga","23":"tag-madrid","24":"tag-mano","25":"tag-parte","26":"tag-spain","27":"tag-sports"},"share_on_mastodon":{"url":"https:\/\/pubeurope.com\/@es\/115533655738206966","error":""},"_links":{"self":[{"href":"https:\/\/www.europesays.com\/es\/wp-json\/wp\/v2\/posts\/231218","targetHints":{"allow":["GET"]}}],"collection":[{"href":"https:\/\/www.europesays.com\/es\/wp-json\/wp\/v2\/posts"}],"about":[{"href":"https:\/\/www.europesays.com\/es\/wp-json\/wp\/v2\/types\/post"}],"author":[{"embeddable":true,"href":"https:\/\/www.europesays.com\/es\/wp-json\/wp\/v2\/users\/2"}],"replies":[{"embeddable":true,"href":"https:\/\/www.europesays.com\/es\/wp-json\/wp\/v2\/comments?post=231218"}],"version-history":[{"count":0,"href":"https:\/\/www.europesays.com\/es\/wp-json\/wp\/v2\/posts\/231218\/revisions"}],"wp:featuredmedia":[{"embeddable":true,"href":"https:\/\/www.europesays.com\/es\/wp-json\/wp\/v2\/media\/231219"}],"wp:attachment":[{"href":"https:\/\/www.europesays.com\/es\/wp-json\/wp\/v2\/media?parent=231218"}],"wp:term":[{"taxonomy":"category","embeddable":true,"href":"https:\/\/www.europesays.com\/es\/wp-json\/wp\/v2\/categories?post=231218"},{"taxonomy":"post_tag","embeddable":true,"href":"https:\/\/www.europesays.com\/es\/wp-json\/wp\/v2\/tags?post=231218"}],"curies":[{"name":"wp","href":"https:\/\/api.w.org\/{rel}","templated":true}]}}