{"id":231234,"date":"2025-11-11T23:39:08","date_gmt":"2025-11-11T23:39:08","guid":{"rendered":"https:\/\/www.europesays.com\/es\/231234\/"},"modified":"2025-11-11T23:39:08","modified_gmt":"2025-11-11T23:39:08","slug":"alejandro-montalvo-agranda-su-reinado-en-el-trial","status":"publish","type":"post","link":"https:\/\/www.europesays.com\/es\/231234\/","title":{"rendered":"Alejandro Montalvo agranda su reinado en el trial"},"content":{"rendered":"<p data-mrf-recirculation=\"Links P\u00e1rrafos\" class=\"ue-c-article__paragraph paragraph ue-c-article--first-letter-highlighted\">Con inmenso orgullo, celebramos el hito conseguido por el ciclista Alejandro Montalvo, quien ha conquistado su tercer t\u00edtulo mundial UCI consecutivo en la categor\u00eda Men Elite Trials 20&#8243;. <strong>La final del Campeonato del Mundo de Ciclismo Urbano UCI 2025 (2025 UCI Urban Cycling World Championships) se celebr\u00f3 este s\u00e1bado, 8 de noviembre, en Riyadh, Arabia Saud\u00ed.<\/strong><\/p>\n<p>Montalvo demostr\u00f3 ser la mayor potencia de la disciplina. Tras firmar unas semifinales impecables con tres vueltas completamente limpias, el bi-Campe\u00f3n Mundial (2023 y 2024) entr\u00f3 en la final preparado para defender su t\u00edtulo.<\/p>\n<p>La final fue un pulso entre los mejores del mundo, resolvi\u00e9ndose tan solo en la \u00faltima zona. Montalvo se enfrent\u00f3 a una fuerte competencia, entre el Campe\u00f3n del Mundo 2022, Eloi Palau, y el joven talento finland\u00e9s Niilo Stenvall. Tras sus dos primeras zonas, Montalvo demostr\u00f3 su alt\u00edsimo nivel en las zonas decisivas.<\/p>\n<p>El rider espa\u00f1ol consigui\u00f3 alzarse con el triunfo con un total de 260 puntos, superando a Palau (250 puntos) y a Stenvall (230 puntos).\u00a0Al reflexionar sobre su logro, Alejandro Montalvo destac\u00f3 la dificultad y la recompensa de la temporada, consolidando su estatus de leyenda con este tercer t\u00edtulo consecutivo:<\/p>\n<p><strong>\u00abHe estado trabajando muy duro todo el a\u00f1o. Ha sido una final muy dif\u00edcil, con rivales que me han obligado a dar el 100% hasta el \u00faltimo momento. Estoy muy feliz, el trabajo de los \u00faltimos a\u00f1os est\u00e1 dando sus frutos, lo he ganado todo este a\u00f1o.\u00bb<\/strong><\/p>\n<p>Este tercer t\u00edtulo consecutivo consolida a Alejandro Montalvo como una leyenda del deporte y un ejemplo global de dedicaci\u00f3n y excelencia.<\/p>\n","protected":false},"excerpt":{"rendered":"Con inmenso orgullo, celebramos el hito conseguido por el ciclista Alejandro Montalvo, quien ha conquistado su tercer t\u00edtulo&hellip;\n","protected":false},"author":2,"featured_media":231235,"comment_status":"","ping_status":"","sticky":false,"template":"","format":"standard","meta":{"footnotes":""},"categories":[273],"tags":[313,312,168,25,24,23,167],"class_list":{"0":"post-231234","1":"post","2":"type-post","3":"status-publish","4":"format-standard","5":"has-post-thumbnail","7":"category-ciclismo","8":"tag-ciclismo","9":"tag-cycling","10":"tag-deportes","11":"tag-es","12":"tag-espana","13":"tag-spain","14":"tag-sports"},"share_on_mastodon":{"url":"https:\/\/pubeurope.com\/@es\/115533706911631117","error":""},"_links":{"self":[{"href":"https:\/\/www.europesays.com\/es\/wp-json\/wp\/v2\/posts\/231234","targetHints":{"allow":["GET"]}}],"collection":[{"href":"https:\/\/www.europesays.com\/es\/wp-json\/wp\/v2\/posts"}],"about":[{"href":"https:\/\/www.europesays.com\/es\/wp-json\/wp\/v2\/types\/post"}],"author":[{"embeddable":true,"href":"https:\/\/www.europesays.com\/es\/wp-json\/wp\/v2\/users\/2"}],"replies":[{"embeddable":true,"href":"https:\/\/www.europesays.com\/es\/wp-json\/wp\/v2\/comments?post=231234"}],"version-history":[{"count":0,"href":"https:\/\/www.europesays.com\/es\/wp-json\/wp\/v2\/posts\/231234\/revisions"}],"wp:featuredmedia":[{"embeddable":true,"href":"https:\/\/www.europesays.com\/es\/wp-json\/wp\/v2\/media\/231235"}],"wp:attachment":[{"href":"https:\/\/www.europesays.com\/es\/wp-json\/wp\/v2\/media?parent=231234"}],"wp:term":[{"taxonomy":"category","embeddable":true,"href":"https:\/\/www.europesays.com\/es\/wp-json\/wp\/v2\/categories?post=231234"},{"taxonomy":"post_tag","embeddable":true,"href":"https:\/\/www.europesays.com\/es\/wp-json\/wp\/v2\/tags?post=231234"}],"curies":[{"name":"wp","href":"https:\/\/api.w.org\/{rel}","templated":true}]}}