{"id":231236,"date":"2025-11-11T23:41:13","date_gmt":"2025-11-11T23:41:13","guid":{"rendered":"https:\/\/www.europesays.com\/es\/231236\/"},"modified":"2025-11-11T23:41:13","modified_gmt":"2025-11-11T23:41:13","slug":"nicolas-brussino-jugador-del-dreamland-gran-canaria-encontramos-un-camino-y-trataremos-de-seguirlo-hasta-el-final-de-esta-temporada","status":"publish","type":"post","link":"https:\/\/www.europesays.com\/es\/231236\/","title":{"rendered":"Nicol\u00e1s Brussino, jugador del Dreamland Gran Canaria: \u00abEncontramos un camino y trataremos de seguirlo hasta el final de esta temporada\u00bb"},"content":{"rendered":"<p><a class=\"v-mdl-ath__fig-a\" href=\"https:\/\/www.canarias7.es\/autor\/oliver-suarez-armas-3403.html\" title=\"\u00d3liver Su\u00e1rez Armas\" rel=\"nofollow noopener\" target=\"_blank\"><br \/>\n<img decoding=\"async\" class=\"v-mdl-ath__img\" src=\"https:\/\/www.europesays.com\/es\/wp-content\/uploads\/2025\/07\/autor-3403-foto-1.jpeg\" alt=\"\u00d3liver Su\u00e1rez Armas\"\/><br \/>\n<\/a><\/p>\n<p class=\"v-mdl-ath__p v-mdl-ath__p--6\">\nMartes, 11 de noviembre 2025, 18:53<\/p>\n<p>| Actualizado 22:12h.<\/p>\n<p class=\"v-p\"><strong>-El Dreamland Gran Canaria firma un balance de tres victorias (BAXI Manresa, MoraBanc Andorra y R\u00edo Breog\u00e1n) y tres derrotas (Real Madrid, Unicaja y B\u00e0squet Girona) en la fase regular de la Liga Endesa. Tras un inicio desalentador de 1-3, acumula dos triunfos consecutivos ante los citados MoraBanc Andorra y el R\u00edo Breog\u00e1n. \u00bfQu\u00e9 an\u00e1lisis hace de este arranque en la competici\u00f3n dom\u00e9stica?<\/strong><\/p>\n<p class=\"v-p\">-Bien. El calendario no ayud\u00f3 mucho al principio tampoco. Jugamos con rivales muy dif\u00edciles, pero tambi\u00e9n sab\u00edamos que era el inicio de la temporada. Creo que el equipo a medida que fue jugando en la ACB y en la Champions se fue acomodando, los jugadores nuevos se fueron acoplando a la idea de juego y, hoy en d\u00eda despu\u00e9s de un mes de competencia, creo que el equipo ha encontrado un camino y trataremos de seguir esto hasta el final de la temporada.<\/p>\n<p class=\"v-p\"><strong>-Su entrenador Jaka Lakovic resalt\u00f3 en varias ocasiones que hab\u00eda que ajustar las piezas con cinco nuevos jugadores para esta campa\u00f1a 2025-2026 (seis contando al canterano Lucas Maniema). \u00bfQu\u00e9 aspectos han mejorado o han cambiado en esta din\u00e1mica de dos triunfos seguidos para propiciar este despegue en la Liga Endesa?<\/strong><\/p>\n<p class=\"v-p\">-No s\u00e9 si hemos cambiado, pero s\u00ed que hemos seguido entrenando y repitiendo los conceptos defensivos y ofensivos. Tambi\u00e9n tener tiempo juntos jugando, lo que hace que el equipo vaya evolucionando, y cuando ganas los \u00e1nimos son mejores y te dan m\u00e1s ganas. Estamos en modo positivo y tenemos que aprovecharlo.<\/p>\n<p class=\"v-p\"><strong>-Incidiendo en los fichajes de este curso (Isaiah Wong, Braian Angola, ErIc Vila, Louis Labeyrie y Kur Kuath). \u00bfQu\u00e9 opini\u00f3n tiene de sus compa\u00f1eros? \u00bfEn qu\u00e9 es mejor este grupo que el del pasado ejercicio?<\/strong><\/p>\n<p class=\"v-p\">-Todos tienen su responsabilidad en la cancha, todos tienen su manera de aportar al equipo. Los nuevos son talentosos, pero capaz que al principio no encontraban su manera de darle al equipo lo que ellos pueden darle. Hoy en d\u00eda, lo est\u00e1n haciendo, cada uno a su manera y es cuesti\u00f3n de tiempo que ellos se sientan con confianza, que est\u00e9n atentos y enfocados, ellos y todos, pero creo que eso es lo principal, que estemos todos juntos. Que cuando no les salgan bien las cosas, est\u00e9n los que llevan m\u00e1s tiempo aqu\u00ed ayud\u00e1ndolos y nada. Creo que es cuesti\u00f3n de tiempo porque sabemos lo que nos pueden dar y nosotros confiamos en ellos.<\/p>\n<p class=\"v-p\"><strong>-En ese sentido, el escolta norteamericano Isaiah Wong y el exterior colombiano Braian Angola est\u00e1n sobresaliendo en tareas ofensivas desde el primer instante. Usted ya conoc\u00eda a Angola de los enfrentamientos en la Copa Am\u00e9rica, pero \u00bfle ha sorprendido el nivel de Wong? <\/strong><\/p>\n<p class=\"v-p\">-A Isaiah no lo conoc\u00eda y, cuando lo vi entrenando y c\u00f3mo va jugando luego a medida que va conociendo m\u00e1s la liga, se est\u00e1 adaptando muy bien. Me parece un jugador tremendo, con unas piernas impresionantes y que nos viene muy bien a nosotros. A Angola me enfrent\u00e9 en la Copa Am\u00e9rica y nos hizo m\u00e1s de 20 puntos. Se est\u00e1 adaptando a una ciudad y a un equipo nuevo, hay d\u00edas que est\u00e1 muy bien y otros que no, pero siempre trata de que el equipo funcione.<\/p>\n<p class=\"v-p\"><strong>-Estos dos triunfos consecutivos han permitido asaltar los puestos que dan derecho a disputar la Copa del Rey en el Roig Arena de Valencia en febrero de 2026. Ese es el primer objetivo ineludible en la m\u00e1xima competici\u00f3n nacional. \u00bfC\u00f3mo ve las opciones claretianas?<\/strong><\/p>\n<p class=\"v-p\">-Ahora estamos s\u00e9ptimos. Creo que encadenar victorias te hace sentir bien, pero tenemos que confiar porque sabemos que esto es un proceso largo. Sabemos que si encadenas victorias te pones en la mitad de la tabla o pasas a los puestos de Copa. Es un objetivo del club y de nosotros. Son jornadas dif\u00edciles todas, cada jornada es como una final porque, hoy en d\u00eda, cualquier equipo le puede ganar a cualquiera, se est\u00e1 viendo. Creo que tenemos que jugar como si fueran finales y luego ya se ver\u00e1 c\u00f3mo terminaremos para la clasificaci\u00f3n en la Copa.<\/p>\n<p class=\"v-p\"><strong>-El cuadro insular afrontar\u00e1 ahora dos partidos consecutivos en el Gran Canaria Arena. Uno ser\u00e1 contra el Bar\u00e7a el domingo 23 de noviembre (18:00 horas), pero primero vendr\u00e1 el Joventut de Ricky Rubio, Cameron Hunt y Ante Tomic, entre otros, este s\u00e1bado (19:00 horas). \u00bfQu\u00e9 destaca de la escuadra entrenada por Daniel Miret?<\/strong><\/p>\n<p class=\"v-p\">-El Joventut se hizo un equipo para pelear en lo alto de la tabla tanto en la ACB como en la Champions. Tienen jugadores con una trayectoria tremenda y est\u00e1n en una din\u00e1mica positiva. Tambi\u00e9n nosotros, pero sabemos que va a ser un partido dif\u00edcil como son todos contra ellos tanto aqu\u00ed como all\u00e1. Tenemos que tratar de hacer nuestro juego, sabemos los puntos d\u00e9biles de ellos y hay que tratar de buscar la manera de atacar esos puntos.<\/p>\n<p>\nEl Joventut y el Bar\u00e7a aterrizan en el Gran Canaria Arena\n<\/p>\n<p>\u00abTrataremos de hacer nuestro trabajo de dejar todo en la cancha para llevarnos la victoria y estar m\u00e1s cerca del objetivo, que es la Copa\u00bb<\/p>\n<p class=\"v-p\"><strong>-Y luego est\u00e1 la importancia de amarrar los partidos frente a dos hist\u00f3ricos en el recinto de Siete Palmas con el apoyo de la marea amarilla&#8230;<\/strong><\/p>\n<p class=\"v-p\">-Ser\u00e1 fundamental que la gente est\u00e9 presente y con nosotros. Sabemos que son partidos dif\u00edciles y si estamos todos juntos ser\u00e1 mucho mejor. Nosotros trataremos de hacer nuestro trabajo de dejar todo en la cancha para llevarnos la victoria y estar m\u00e1s cerca del objetivo que es la Copa.<\/p>\n<p class=\"v-p\"><strong>-La dimensi\u00f3n deportiva de Ricky Rubio est\u00e1 ya fuera de dudas, incluso el exseleccionador nacional Sergio Scariolo dijo tras el Joventut-Real Madrid del pasado fin de semana que devolvi\u00f3 a la Penya al escaparate internacional. Pero enfocando la cuesti\u00f3n en el tema mental, ese que hizo que el base catal\u00e1n abandonara este deporte durante un tiempo y desvelara que no ten\u00eda alicientes para volver hasta el pasado verano, \u00bfse ha visto alguna vez en una situaci\u00f3n parecida o lo ha vivido de cerca? \u00bfC\u00f3mo afronta un deportista de este nivel este asunto?<\/strong><\/p>\n<p class=\"v-p\">-Es un tema delicado. Creo que cada uno tiene su vida personal y sus motivos. Hoy en d\u00eda, el psic\u00f3logo es fundamental, antes era como algo tab\u00fa, pero ahora es una necesidad y una herramienta para seguir creciendo a nivel persona y jugador. Y tambi\u00e9n es una ayuda para estos momentos. A veces al no tener a la familia o a los amigos para hablar de estos temas, los psic\u00f3logos son la ayuda necesaria que tenemos que buscar. Es un tema personal y delicado.<\/p>\n<p>\nEl aliento de la marea amarilla\n<\/p>\n<p>\u00abSabemos que son partidos dif\u00edciles y si estamos todos juntos ser\u00e1 mucho mejor\u00bb<\/p>\n<p class=\"v-p\"><strong>-Por otro lado, el Dreamland Gran Canaria lleva un pleno de cuatro victorias en el grupo B de la fase regular de la Basketball Champions League (BCL) y ya se ha clasificado matem\u00e1ticamente para la siguiente fase (la ronda de 16) con dos fechas por disputar todav\u00eda. \u00bfQu\u00e9 le est\u00e1 pareciendo este certamen continental? \u00bfVe posibilidades de alcanzar la Final Four e incluso levantar otro t\u00edtulo europeo?<\/strong><\/p>\n<p class=\"v-p\">-El inicio de la Champions fue muy bueno para nosotros. Creo que hemos jugado muy bien contra rivales dif\u00edciles, pero considero que estamos en un escal\u00f3n m\u00e1s que ellos y lo demostramos. Tenemos que seguir demostr\u00e1ndolo porque esto reci\u00e9n empieza y es una competencia nuestra para nosotros. Nos viene bien para tener menos viajes y menos juegos, tenemos que aprovechar eso para un futuro. La competencia la veo bien, la veo intensa y con muchos equipos muy buenos, pero trataremos de enfocarnos en nosotros.<\/p>\n<p><img decoding=\"async\" loading=\"lazy\" src=\"https:\/\/www.europesays.com\/es\/wp-content\/uploads\/2025\/11\/nico-brussino3-keLF--650x455@Canarias7.jpg\" class=\"v-a-img\" width=\"650\" height=\"455\" alt=\"\" data-voc-vtm-id=\"in-text-traffic\"\/><\/p>\n<p>Cober<\/p>\n<p><img loading=\"lazy\" decoding=\"async\" src=\"https:\/\/www.europesays.com\/es\/wp-content\/uploads\/2025\/11\/nico-brussino3-keLF--650x455@Canarias7.jpg\" class=\"v-mdl__img-z\" width=\"650\" height=\"455\" alt=\"\"\/><\/p>\n<p class=\"v-p\"><strong>-Es el jugador m\u00e1s valorado del Dreamland Gran Canaria en la Liga Endesa -13,5 cr\u00e9ditos de valoraci\u00f3n de media- y en la Basketball Champions League -15 cr\u00e9ditos de valoraci\u00f3n de media-. A nivel individual, \u00bfse siente satisfecho con su rol?<\/strong><\/p>\n<p class=\"v-p\">-S\u00ed, me siento c\u00f3modo y con confianza. Cada d\u00eda vengo y entreno para que el fin de semana salgan bien las cosas. A veces se dan y otras no, pero siempre trato de dar lo mejor de m\u00ed m\u00e1s all\u00e1 de mis n\u00fameros personales. Siempre trato de darle cosas al equipo y estoy contento con el inicio de temporada que estoy teniendo.<\/p>\n<p class=\"v-p\"><strong>-Angola coment\u00f3 en una entrevista con este peri\u00f3dico el pasado 28 de octubre que usted habla mucho con los nuevos. \u00bfConsidera que debe ser el l\u00edder de este equipo por su experiencia y por su aportaci\u00f3n dentro y fuera de la cancha?<\/strong><\/p>\n<p class=\"v-p\">-No s\u00e9 si el l\u00edder, pero s\u00e9 lo que conviene al equipo, a mis compa\u00f1eros o a m\u00ed viendo las situaciones de juego. Trato de ayudarlos de esa manera para que ellos tengan una idea de lo que buscamos tambi\u00e9n, de lo que busco con ellos cuando jugamos. Creo que la comunicaci\u00f3n hoy en d\u00eda es fundamental y, mientras todos hablemos y digamos las cosas que nos gustan y las que no, eso hace que el equipo crezca y hace bien para el futuro.<\/p>\n<p class=\"v-p\"><strong>-Se lo pregunto tambi\u00e9n porque el director deportivo Willy Villar puso en valor sus cualidades en una entrevista con este peri\u00f3dico a principios de octubre y resalt\u00f3 que usted \u00abcada a\u00f1o va sumando cosas a su juego y que puede evolucionar a jugador total\u00bb. Es decir, lo dec\u00eda por su capacidad para lanzar desde el triple, para penetrar, para jugar pick and roll, para ayudar en defensa y en el rebote&#8230;<\/strong><\/p>\n<p class=\"v-p\">-S\u00ed, hay d\u00edas que me toca hacer un poco de todo, pero trato de hacer las cosas que el juego y el equipo necesiten. A veces me toca hacer puntos, otra un poquito menos y ganar en rebotes o generar juego tambi\u00e9n. Trato de hacer las cosas que el juego me da y eso es tambi\u00e9n gracias a la confianza del cuerpo t\u00e9cnico y de mis compa\u00f1eros.<\/p>\n<p>\nQuinto curso seguido en la isla\n<\/p>\n<p>\u00abEl Gran Canaria es fundamental en mi evoluci\u00f3n tanto personal como de jugador. Nunca he estado tanto tiempo en un equipo\u00bb<\/p>\n<p class=\"v-p\"><strong>-Cumple su quinta campa\u00f1a seguida en el Club Baloncesto Gran Canaria (la sexta sumando una etapa anterior en la temporada 2017-2018). \u00bfQu\u00e9 ha supuesto esta entidad en su carrera?<\/strong><\/p>\n<p class=\"v-p\">-El Gran Canaria es fundamental en mi evoluci\u00f3n tanto personal como de jugador. Nunca he estado tanto tiempo en un equipo, eso tambi\u00e9n se valora mucho por la confianza que me dieron desde un principio en el club. Trato de demostrar que quiero permanecer en este club. Estoy muy contento con todo lo que me dieron, lo que me pueden dar y ojal\u00e1 que siga para m\u00e1s largo.<\/p>\n<p class=\"v-p\"><strong>-Finaliza contrato este verano. Siempre se dice que los contactos para pr\u00f3ximos contratos comienzan durante la celebraci\u00f3n de la Copa del Rey, pero sabiendo lo importante que es para Villar y para Lakovic, \u00bfqueda Nicol\u00e1s Brussino para rato en la isla? \u00bfse han iniciado los contactos ya para prolongar su vinculaci\u00f3n?<\/strong><\/p>\n<p class=\"v-p\">-Que yo sepa esas cosas no sucedieron, pero yo no pienso en eso. Creo que solo pienso en hacer las cosas bien, que el equipo funcione, que ganemos y despu\u00e9s ya se ver\u00e1 el tema de mi contrato y esas cosas. Es m\u00e1s un tema de mi representante, del presidente y del cuerpo t\u00e9cnico que m\u00edo. Yo tengo que hacer mi trabajo, venir todos los d\u00edas a entrenar, a jugar y despu\u00e9s se ver\u00e1 si el a\u00f1o que viene cuentan conmigo o no.<\/p>\n<p class=\"v-p\"><strong>-\u00bfLe gustar\u00eda retirarse en el Granca teniendo en cuenta lo que ha vivido y ha conseguido aqu\u00ed?<\/strong><\/p>\n<p class=\"v-p\">-Faltan muchos a\u00f1os para eso (risas). Creo que todav\u00eda tengo varios a\u00f1os para seguir jugando y seguir creciendo. Pero tambi\u00e9n s\u00e9 que hay momentos que se necesita un cambio, no es com\u00fan que un jugador est\u00e9 tanto tiempo en un mismo equipo. Nunca se sabe lo que puede pasar el d\u00eda de ma\u00f1ana, pero ojal\u00e1. Estoy muy agradecido por el tiempo que llevo ac\u00e1 y eso es con lo que me quedo hoy en d\u00eda.<\/p>\n<p>\nFeliz en el Granca\n<\/p>\n<p>\u00abTrato de demostrar que quiero permanecer en este club\u00bb<\/p>\n<p class=\"v-p\"><strong>-Usted es muy querido por los aficionados, con una relaci\u00f3n fant\u00e1stica, pero a veces est\u00e1 ese amor-odio porque le exigen m\u00e1s por sus enormes condiciones. No s\u00e9 si usted lo ve as\u00ed&#8230;<\/strong><\/p>\n<p class=\"v-p\">-Ellos pueden exigir todo lo que quieran. Creo que tienen la voz para hacerlo, yo trato de hacer mi juego, a veces se da y otras no como digo, pero ellos tienen la necesidad o el motivo para expresarlo y estamos para ello. Somos profesionales, sabemos lo que la gente quiere de nosotros y tenemos que demostrarlo.<\/p>\n<p class=\"v-p\"><strong>-\u00bfQu\u00e9 objetivos se marca a nivel individual y colectivos para esta temporada 2025-2026?<\/strong><\/p>\n<p class=\"v-p\">-A nivel individual, tratar de seguir mejorando a nivel jugador, seguir mejorando a nivel t\u00e9cnico y que el equipo funcione. A nivel equipo, sabemos que los objetivos del club son la Copa, el Playoff de la ACB y llegar lo m\u00e1s alto posible en la Champions. Creo que esos son los objetivos fundamentales de estas temporadas, despu\u00e9s ya se ver\u00e1 c\u00f3mo termina.<\/p>\n<p>Reporta un error<\/p>\n","protected":false},"excerpt":{"rendered":"Martes, 11 de noviembre 2025, 18:53 | Actualizado 22:12h. -El Dreamland Gran Canaria firma un balance de tres&hellip;\n","protected":false},"author":2,"featured_media":231237,"comment_status":"","ping_status":"","sticky":false,"template":"","format":"standard","meta":{"footnotes":""},"categories":[269],"tags":[299,298,60506,5141,7221,168,14650,57895,25,24,1058,3956,378,7703,50175,23,167,1152,60507],"class_list":{"0":"post-231236","1":"post","2":"type-post","3":"status-publish","4":"format-standard","5":"has-post-thumbnail","7":"category-baloncesto","8":"tag-baloncesto","9":"tag-basketball","10":"tag-brussino","11":"tag-camino","12":"tag-canaria","13":"tag-deportes","14":"tag-dreamland","15":"tag-encontramos","16":"tag-es","17":"tag-espana","18":"tag-final","19":"tag-gran","20":"tag-jugador","21":"tag-nicolas","22":"tag-seguirlo","23":"tag-spain","24":"tag-sports","25":"tag-temporada","26":"tag-trataremos"},"share_on_mastodon":{"url":"https:\/\/pubeurope.com\/@es\/115533715218582412","error":""},"_links":{"self":[{"href":"https:\/\/www.europesays.com\/es\/wp-json\/wp\/v2\/posts\/231236","targetHints":{"allow":["GET"]}}],"collection":[{"href":"https:\/\/www.europesays.com\/es\/wp-json\/wp\/v2\/posts"}],"about":[{"href":"https:\/\/www.europesays.com\/es\/wp-json\/wp\/v2\/types\/post"}],"author":[{"embeddable":true,"href":"https:\/\/www.europesays.com\/es\/wp-json\/wp\/v2\/users\/2"}],"replies":[{"embeddable":true,"href":"https:\/\/www.europesays.com\/es\/wp-json\/wp\/v2\/comments?post=231236"}],"version-history":[{"count":0,"href":"https:\/\/www.europesays.com\/es\/wp-json\/wp\/v2\/posts\/231236\/revisions"}],"wp:featuredmedia":[{"embeddable":true,"href":"https:\/\/www.europesays.com\/es\/wp-json\/wp\/v2\/media\/231237"}],"wp:attachment":[{"href":"https:\/\/www.europesays.com\/es\/wp-json\/wp\/v2\/media?parent=231236"}],"wp:term":[{"taxonomy":"category","embeddable":true,"href":"https:\/\/www.europesays.com\/es\/wp-json\/wp\/v2\/categories?post=231236"},{"taxonomy":"post_tag","embeddable":true,"href":"https:\/\/www.europesays.com\/es\/wp-json\/wp\/v2\/tags?post=231236"}],"curies":[{"name":"wp","href":"https:\/\/api.w.org\/{rel}","templated":true}]}}