{"id":231240,"date":"2025-11-11T23:43:19","date_gmt":"2025-11-11T23:43:19","guid":{"rendered":"https:\/\/www.europesays.com\/es\/231240\/"},"modified":"2025-11-11T23:43:19","modified_gmt":"2025-11-11T23:43:19","slug":"lo-estreno-hace-cuatro-anos-y-es-un-gran-acierto","status":"publish","type":"post","link":"https:\/\/www.europesays.com\/es\/231240\/","title":{"rendered":"lo estren\u00f3 hace cuatro a\u00f1os y es un gran acierto"},"content":{"rendered":"<p class=\"paragraph\" id=\"paragraph_1\">El periplo de los Reyes por China contin\u00faa. Tras su paso por Chengdu, <strong>a mediod\u00eda -hora espa\u00f1ola- han aterrizado en Pek\u00edn<\/strong>, donde han sido recibidos de forma muy calurosa, con honores militares, ramos de flores y una alfombra roja como bienvenida. Empieza as\u00ed una nueva etapa del viaje, con un sinf\u00edn de actos programados.<\/p>\n<p class=\"paragraph\" id=\"paragraph_2\">A su llegada al aeropuerto, Letizia iba bien abrigada con su bat\u00edn negro de Cos y su bolso de Carolina Herrera. <strong>El mismo look que hab\u00eda lucido unas horas<\/strong> antes en sus primeros actos del d\u00eda: la visita al parque Wangjianglou para asistir al acto por el 150 aniversario del nacimiento de Antonio Machado y el almuerzo posterior con el presidente del pa\u00eds, Xi Jinping, y la primera dama.<\/p>\n<p class=\"paragraph\" id=\"paragraph_3\">Sin embargo, para el \u00faltimo compromiso de este martes 11 de noviembre, hemos podido ver otro estilismo, tal y como mandaba la ocasi\u00f3n. Los monarcas han disfrutado de una cena privada con el mandatario y su esposa, Peng Liyuan, para la que<strong> ha recuperado uno de sus vestidos m\u00e1s bonitos<\/strong> y que \u2014dicho sea de paso\u2014 ya so\u00f1\u00e1bamos con volver a ver.<\/p>\n<p><img decoding=\"async\" alt=\"Los Reyes, a su llegada a Pek\u00edn.\" data-imgm=\"true\" height=\"180\" loading=\"lazy\"  src=\"https:\/\/www.europesays.com\/es\/wp-content\/uploads\/2025\/11\/1003744008589_259867610_1024x576.jpg\"  width=\"320\"\/><\/p>\n<p>                                                            Los Reyes, a su llegada a Pek\u00edn.<\/p>\n<p>                    Gtres<\/p>\n<p class=\"paragraph\" id=\"paragraph_5\">La foto que Casa Real ha compartido con los medios nos ha permitido ver a la Reina con el<strong> vestido verde con detalle de plumas<\/strong> que estren\u00f3 en el a\u00f1o 2021 para asistir al concierto previo a la entrega de los Premios Princesa de Asturias. Por el momento, se desconoce a qu\u00e9 firma pertenece, pero no se lo hab\u00eda vuelto a poner; al menos en un acto p\u00fablico.<\/p>\n<p class=\"paragraph\" id=\"paragraph_6\">En aquella ocasi\u00f3n, a\u00fan se impon\u00eda la mascarilla a causa del COVID, pero en Pek\u00edn lo ha podido lucir en todo su esplendor. Si hace cuatro a\u00f1os lo combin\u00f3 con unos<strong> tacones altos metalizados<\/strong>, esta vez ha seguido la misma pauta pero rebajando los cent\u00edmetros. La dolencia que sufre en el pie izquierdo hace tiempo que la oblig\u00f3 a buscar una mayor comodidad. <\/p>\n<p><img decoding=\"async\" alt=\"Xi Jinping y su esposa posan con los Reyes.\" data-imgm=\"true\" height=\"240\" loading=\"lazy\"  src=\"https:\/\/www.europesays.com\/es\/wp-content\/uploads\/2025\/11\/1003744008602_259867799_854x640.jpg\"  width=\"320\"\/><\/p>\n<p>                                                            Xi Jinping y su esposa posan con los Reyes.<\/p>\n<p>                    Casa Real<\/p>\n<p class=\"paragraph\" id=\"paragraph_7\">El color elegido por la Reina para esta cena privada tiene un significado de<strong> crecimiento y armon\u00eda en la cultura china<\/strong>, as\u00ed que ha resultado muy apropiado para el evento. Ha destacado, pese a que el tono es bastante suave, ya que tanto Felipe VI como el presidente y la primera dama vest\u00edan de azul oscuro.<strong> Es su primer encuentro<\/strong> en este viaje y en los pr\u00f3ximos d\u00edas los veremos en multitud de ocasiones.<\/p>\n<p class=\"paragraph\" id=\"paragraph_8\">Tienen por delante un mi\u00e9rcoles 12 de noviembre ajetreado, que comienza con una<strong> ceremonia de bienvenida en palacio<\/strong> y varios actos que llevan a cabo Felipe VI y Letizia por separado, como la visita al centro de atenci\u00f3n a personas con discapacidad que atender\u00e1 la consorte espa\u00f1ola junto a la primera dama. <\/p>\n<p class=\"paragraph\" id=\"paragraph_9\">El gran momento del d\u00eda ser\u00e1 la<strong> esperada cena de gala<\/strong> que el mandatario ofrece a sus ilustres invitados, seguida del concierto de la Orquesta Titular del Teatro Real en el Centro Nacional de Artes Esc\u00e9nicas de Pek\u00edn. El jueves 13, la Reina visitar\u00e1 la Universidad de Estudios Extranjeros de la ciudad y a media ma\u00f1ana, junto al Rey, asistir\u00e1 a una recepci\u00f3n con la colectividad espa\u00f1ola.<\/p>\n<p><img decoding=\"async\" alt=\"La Reina participando en la ceremonia del t\u00e9.\" data-imgm=\"true\" height=\"180\" loading=\"lazy\"  src=\"https:\/\/www.europesays.com\/es\/wp-content\/uploads\/2025\/11\/1003744008652_259868436_1024x576.jpg\"  width=\"320\"\/><\/p>\n<p>                                                            La Reina participando en la ceremonia del t\u00e9.<\/p>\n<p>                    Casa Real<\/p>\n<p class=\"paragraph\" id=\"paragraph_10\">As\u00ed se pondr\u00e1 fin a esta visita de tres d\u00edas, que a buen seguro dejar\u00e1<strong> infinidad de momentos curiosos y an\u00e9cdotas<\/strong>, como ver a Letizia participando en la tradicional ceremonia del t\u00e9, que ha sucedido en el Memorial Poeta Xue Tao durante el acto conmemorativo de Machado.<\/p>\n","protected":false},"excerpt":{"rendered":"El periplo de los Reyes por China contin\u00faa. Tras su paso por Chengdu, a mediod\u00eda -hora espa\u00f1ola- han&hellip;\n","protected":false},"author":2,"featured_media":231241,"comment_status":"","ping_status":"","sticky":false,"template":"","format":"standard","meta":{"footnotes":""},"categories":[174],"tags":[6042,255,146,147,25,24,256,11362,43794,28655,23],"class_list":{"0":"post-231240","1":"post","2":"type-post","3":"status-publish","4":"format-standard","5":"has-post-thumbnail","7":"category-famosos","8":"tag-casa-real","9":"tag-celebrities","10":"tag-entertainment","11":"tag-entretenimiento","12":"tag-es","13":"tag-espana","14":"tag-famosos","15":"tag-reina-letizia","16":"tag-revistiendo-a-letizia","17":"tag-royals","18":"tag-spain"},"share_on_mastodon":{"url":"https:\/\/pubeurope.com\/@es\/115533723172703267","error":""},"_links":{"self":[{"href":"https:\/\/www.europesays.com\/es\/wp-json\/wp\/v2\/posts\/231240","targetHints":{"allow":["GET"]}}],"collection":[{"href":"https:\/\/www.europesays.com\/es\/wp-json\/wp\/v2\/posts"}],"about":[{"href":"https:\/\/www.europesays.com\/es\/wp-json\/wp\/v2\/types\/post"}],"author":[{"embeddable":true,"href":"https:\/\/www.europesays.com\/es\/wp-json\/wp\/v2\/users\/2"}],"replies":[{"embeddable":true,"href":"https:\/\/www.europesays.com\/es\/wp-json\/wp\/v2\/comments?post=231240"}],"version-history":[{"count":0,"href":"https:\/\/www.europesays.com\/es\/wp-json\/wp\/v2\/posts\/231240\/revisions"}],"wp:featuredmedia":[{"embeddable":true,"href":"https:\/\/www.europesays.com\/es\/wp-json\/wp\/v2\/media\/231241"}],"wp:attachment":[{"href":"https:\/\/www.europesays.com\/es\/wp-json\/wp\/v2\/media?parent=231240"}],"wp:term":[{"taxonomy":"category","embeddable":true,"href":"https:\/\/www.europesays.com\/es\/wp-json\/wp\/v2\/categories?post=231240"},{"taxonomy":"post_tag","embeddable":true,"href":"https:\/\/www.europesays.com\/es\/wp-json\/wp\/v2\/tags?post=231240"}],"curies":[{"name":"wp","href":"https:\/\/api.w.org\/{rel}","templated":true}]}}