{"id":231249,"date":"2025-11-11T23:52:10","date_gmt":"2025-11-11T23:52:10","guid":{"rendered":"https:\/\/www.europesays.com\/es\/231249\/"},"modified":"2025-11-11T23:52:10","modified_gmt":"2025-11-11T23:52:10","slug":"en-busca-de-la-verdadera-experiencia-de-competicion-el-nuevo-dlc-de-pago-pack-de-potencia-estara-disponible-el-4-de-diciembre-noticias","status":"publish","type":"post","link":"https:\/\/www.europesays.com\/es\/231249\/","title":{"rendered":"En busca de la verdadera experiencia de competici\u00f3n: El nuevo DLC de pago, Pack de potencia, estar\u00e1 disponible el 4 de diciembre. &#8211; NOTICIAS"},"content":{"rendered":"<p>Gran Turismo\u2122 7<\/p>\n<p>\t\t12\/11\/2025<\/p>\n<p class=\"\">El 4 de diciembre de 2025, lanzaremos el DLC Pack de potencia, un contenido nuevo de pago de Gran Turismo 7 para PlayStation\u00ae5 que se centrar\u00e1 en experiencias de competici\u00f3n del mundo real.<\/p>\n<p>Caracter\u00edsticas del Pack de potencia<br \/>\n\u30fb 50 carreras nuevas con seis tem\u00e1ticas diferentes, como una carrera de resistencia de 24\u00a0horas.<br \/>\u30fb De la pr\u00e1ctica a la carrera, pasando por la clasificaci\u00f3n. Juega una sesi\u00f3n completa<br \/>\u30fb Carreras de lo m\u00e1s re\u00f1idas con Gran Turismo Sophy 3.0.<br \/>\u30fb 5\u00a0000\u00a0000 de cr\u00e9ditos del juego.<br \/>\u3000<\/p>\n<p class=\"\">El Pack de potencia es un nuevo modo de juego que rebosa de la emoci\u00f3n de los deportes de motor: 50 nuevas carreras con seis tem\u00e1ticas seg\u00fan los pa\u00edses y la cultura automovil\u00edstica, como carreras de 24\u00a0horas, eventos de carreras donde podr\u00e1s jugar una sesi\u00f3n completa, desde la pr\u00e1ctica a la carrera, pasando por la clasificaci\u00f3n, as\u00ed como carreras de lo m\u00e1s re\u00f1idas con la \u00faltima versi\u00f3n de nuestro agente inteligente, Gran Turismo Sophy 3.0, solo disponible con el Pack de potencia. <\/p>\n<p>Disfruta de una competici\u00f3n de alto octanaje e intenta no bajar el ritmo. Perfecciona tus habilidades sin darte cuenta con la repetici\u00f3n de desaf\u00edos. \u00a1En el nuevo Pack de potencia te espera todo esto y mucho m\u00e1s!<\/p>\n<p>El Pack de potencia tambi\u00e9n incluye 5\u00a0000\u00a0000 cr\u00e9ditos del juego.<\/p>\n<p>Disfruta de una nueva experiencia de Gran Turismo. Pronto habr\u00e1 m\u00e1s informaci\u00f3n.<\/p>\n<p>Pack de potencia + Platino\/5\u00a0000\u00a0000\u00a0Cr.<br \/>Solo en Gran Turismo 7 para PlayStation\u00ae5 <\/p>\n<tr>\n<td>Fecha de lanzamiento<\/td>\n<td>4 de diciembre de 2025<\/td>\n<\/tr>\n<p>\t\t\t<a class=\"modal-img cboxElement\" rel=\"group-img1760510995847 nofollow noopener\" href=\"https:\/\/www.gran-turismo.com\/images\/c\/i1Uk3uipqcF5OTH.jpg\" title=\"Tu aventura con el Pack de potencia comienza en el velero del mapa del mundo\" target=\"_blank\"><br \/>\n\t\t\t\t<img decoding=\"async\" src=\"https:\/\/www.europesays.com\/es\/wp-content\/uploads\/2025\/11\/i1O0Y0yL3yVqeSB.jpg\"  alt=\"Tu aventura con el Pack de potencia comienza en el velero del mapa del mundo\"\/><br \/>\n\t\t\t<\/a><\/p>\n<p>Tu aventura con el Pack de potencia comienza en el velero del mapa del mundo<\/p>\n<p>\t\t\t<a class=\"modal-img cboxElement\" rel=\"group-img1760510995847 nofollow noopener\" href=\"https:\/\/www.gran-turismo.com\/images\/c\/i1xtieUoSU0xBC.jpg\" title=\"Europa, coches hist\u00f3ricos, N\u00fcrburgring... 50 eventos con seis tem\u00e1ticas seg\u00fan los pa\u00edses y la cultura automovil\u00edstica\" target=\"_blank\"><br \/>\n\t\t\t\t<img decoding=\"async\" src=\"https:\/\/www.europesays.com\/es\/wp-content\/uploads\/2025\/11\/i1SynTttHyCGCb.jpg\"  alt=\"Europa, coches hist\u00f3ricos, N\u00fcrburgring... 50 eventos con seis tem\u00e1ticas seg\u00fan los pa\u00edses y la cultura automovil\u00edstica\"\/><br \/>\n\t\t\t<\/a><\/p>\n<p>Europa, coches hist\u00f3ricos, N\u00fcrburgring&#8230; 50 eventos con seis tem\u00e1ticas seg\u00fan los pa\u00edses y la cultura automovil\u00edstica<\/p>\n<p>\t\t\t<a class=\"modal-img cboxElement\" rel=\"group-img1760511032509 nofollow noopener\" href=\"https:\/\/www.gran-turismo.com\/images\/c\/i1dHbNnF7ap2Lcc.jpg\" title=\"Empieza familiariz\u00e1ndote con el coche y la pista. Practica en tiempo real, como un piloto de competici\u00f3n en el mundo real\" target=\"_blank\"><br \/>\n\t\t\t\t<img decoding=\"async\" src=\"https:\/\/www.europesays.com\/es\/wp-content\/uploads\/2025\/11\/i15UJPfucJaLU7c.jpg\"  alt=\"Empieza familiariz\u00e1ndote con el coche y la pista. Practica en tiempo real, como un piloto de competici\u00f3n en el mundo real\"\/><br \/>\n\t\t\t<\/a><\/p>\n<p>Empieza familiariz\u00e1ndote con el coche y la pista. Practica en tiempo real, como un piloto de competici\u00f3n en el mundo real<\/p>\n<p>\t\t\t<a class=\"modal-img cboxElement\" rel=\"group-img1760511032509 nofollow noopener\" href=\"https:\/\/www.gran-turismo.com\/images\/c\/i1KN7sq8oXoMdz.jpg\" title=\"Tambi\u00e9n puedes usar la pr\u00e1ctica para observar a tus rivales. Afina la trazada antes de pasar a la clasificatoria y a la carrera en una sesi\u00f3n de juego completa.\" target=\"_blank\"><br \/>\n\t\t\t\t<img decoding=\"async\" src=\"https:\/\/www.europesays.com\/es\/wp-content\/uploads\/2025\/11\/i1hJdT8FPRw9bz.jpg\"  alt=\"Tambi\u00e9n puedes usar la pr\u00e1ctica para observar a tus rivales. Afina la trazada antes de pasar a la clasificatoria y a la carrera en una sesi\u00f3n de juego completa.\"\/><br \/>\n\t\t\t<\/a><\/p>\n<p>Tambi\u00e9n puedes usar la pr\u00e1ctica para observar a tus rivales. Afina la trazada antes de pasar a la clasificatoria y a la carrera en una sesi\u00f3n de juego completa.<\/p>\n<p>\nParticipa en carreras basadas en eventos reales.\n<\/p>\n<p>\t\t\t<a class=\"modal-img cboxElement\" rel=\"group-img1761214476325 nofollow noopener\" href=\"https:\/\/www.gran-turismo.com\/images\/c\/i19xpYYDnVftNb.jpg\" title=\"Recuerdos del Grupo\u00a0C\" target=\"_blank\"><br \/>\n\t\t\t\t<img decoding=\"async\" src=\"https:\/\/www.europesays.com\/es\/wp-content\/uploads\/2025\/11\/i1eoQUrVHiA42.jpg\"  alt=\"Recuerdos del Grupo\u00a0C\"\/><br \/>\n\t\t\t<\/a><\/p>\n<p>Recuerdos del Grupo\u00a0C<\/p>\n<p>\t\t\t<a class=\"modal-img cboxElement\" rel=\"group-img1761214476325 nofollow noopener\" href=\"https:\/\/www.gran-turismo.com\/images\/c\/i1KmfCMcR1jkAEE.jpg\" title=\"Grupo\u00a03 de N\u00fcrburgring\" target=\"_blank\"><br \/>\n\t\t\t\t<img decoding=\"async\" src=\"https:\/\/www.europesays.com\/es\/wp-content\/uploads\/2025\/11\/i1dkl3V3ttTcU8c.jpg\"  alt=\"Grupo\u00a03 de N\u00fcrburgring\"\/><br \/>\n\t\t\t<\/a><\/p>\n<p>Grupo\u00a03 de N\u00fcrburgring<\/p>\n<p>\t\t\t<a class=\"modal-img cboxElement\" rel=\"group-img1761214476325 nofollow noopener\" href=\"https:\/\/www.gran-turismo.com\/images\/c\/i1CgXVF9XGvJuz.jpg\" title=\"Carrera de Civic de los 90\" target=\"_blank\"><br \/>\n\t\t\t\t<img decoding=\"async\" src=\"https:\/\/www.europesays.com\/es\/wp-content\/uploads\/2025\/11\/i12KoVxLKcYYr.jpg\"  alt=\"Carrera de Civic de los 90\"\/><br \/>\n\t\t\t<\/a><\/p>\n<p>Carrera de Civic de los 90<\/p>\n<p>\t\t\t<a class=\"modal-img cboxElement\" rel=\"group-img1761214476325 nofollow noopener\" href=\"https:\/\/www.gran-turismo.com\/images\/c\/i16fZwtMCjzAeSH.jpg\" title=\"GT500 japon\u00e9s de los 90\" target=\"_blank\"><br \/>\n\t\t\t\t<img decoding=\"async\" src=\"https:\/\/www.europesays.com\/es\/wp-content\/uploads\/2025\/11\/i1AALRbb50u6mTB.jpg\"  alt=\"GT500 japon\u00e9s de los 90\"\/><br \/>\n\t\t\t<\/a><\/p>\n<p>GT500 japon\u00e9s de los 90<\/p>\n","protected":false},"excerpt":{"rendered":"Gran Turismo\u2122 7 12\/11\/2025 El 4 de diciembre de 2025, lanzaremos el DLC Pack de potencia, un contenido&hellip;\n","protected":false},"author":2,"featured_media":231250,"comment_status":"","ping_status":"","sticky":false,"template":"","format":"standard","meta":{"footnotes":""},"categories":[81],"tags":[119,123,124,25,24,117,121,122,23,118,120],"class_list":{"0":"post-231249","1":"post","2":"type-post","3":"status-publish","4":"format-standard","5":"has-post-thumbnail","7":"category-ciencia-y-tecnologia","8":"tag-ciencia","9":"tag-ciencia-y-tecnologia","10":"tag-cienciaytecnologia","11":"tag-es","12":"tag-espana","13":"tag-science","14":"tag-science-and-technology","15":"tag-scienceandtechnology","16":"tag-spain","17":"tag-technology","18":"tag-tecnologia"},"share_on_mastodon":{"url":"https:\/\/pubeurope.com\/@es\/115533758292575885","error":""},"_links":{"self":[{"href":"https:\/\/www.europesays.com\/es\/wp-json\/wp\/v2\/posts\/231249","targetHints":{"allow":["GET"]}}],"collection":[{"href":"https:\/\/www.europesays.com\/es\/wp-json\/wp\/v2\/posts"}],"about":[{"href":"https:\/\/www.europesays.com\/es\/wp-json\/wp\/v2\/types\/post"}],"author":[{"embeddable":true,"href":"https:\/\/www.europesays.com\/es\/wp-json\/wp\/v2\/users\/2"}],"replies":[{"embeddable":true,"href":"https:\/\/www.europesays.com\/es\/wp-json\/wp\/v2\/comments?post=231249"}],"version-history":[{"count":0,"href":"https:\/\/www.europesays.com\/es\/wp-json\/wp\/v2\/posts\/231249\/revisions"}],"wp:featuredmedia":[{"embeddable":true,"href":"https:\/\/www.europesays.com\/es\/wp-json\/wp\/v2\/media\/231250"}],"wp:attachment":[{"href":"https:\/\/www.europesays.com\/es\/wp-json\/wp\/v2\/media?parent=231249"}],"wp:term":[{"taxonomy":"category","embeddable":true,"href":"https:\/\/www.europesays.com\/es\/wp-json\/wp\/v2\/categories?post=231249"},{"taxonomy":"post_tag","embeddable":true,"href":"https:\/\/www.europesays.com\/es\/wp-json\/wp\/v2\/tags?post=231249"}],"curies":[{"name":"wp","href":"https:\/\/api.w.org\/{rel}","templated":true}]}}