{"id":231255,"date":"2025-11-11T23:55:09","date_gmt":"2025-11-11T23:55:09","guid":{"rendered":"https:\/\/www.europesays.com\/es\/231255\/"},"modified":"2025-11-11T23:55:09","modified_gmt":"2025-11-11T23:55:09","slug":"ya-ves-tu-que-problema","status":"publish","type":"post","link":"https:\/\/www.europesays.com\/es\/231255\/","title":{"rendered":"Ya ves t\u00fa qu\u00e9 problema"},"content":{"rendered":"\n<p> La fontanera de <strong>Santos Cerd\u00e1n<\/strong>, <strong>Leire D\u00edez Castro<\/strong>, y el empresario Javier P\u00e9rez Dolset reconocieron en un encuentro con <a href=\"https:\/\/www.elconfidencial.com\/espana\/2025-11-11\/leire-fontanera-psoe-sanchez-cerdan-stampa-ferraz_4245485\/\" target=\"_self\" rel=\"nofollow noopener\">el fiscal Ignacio Stampa <\/a>que trasladar\u00edan la existencia de esa cita al fiscal general del Estado,<strong> \u00c1lvaro Garc\u00eda Ortiz<\/strong>; el ministro de Justicia, <strong>F\u00e9lix Bola\u00f1os<\/strong>, y el presidente del Gobierno, <strong>Pedro S\u00e1nchez<\/strong>, seg\u00fan demuestra un audio al que ha tenido acceso a El Confidencial. <\/p>\n<p> El propio Stampa grab\u00f3 la reuni\u00f3n con Leire D\u00edez y P\u00e9rez Dolset, que se celebr\u00f3 el 7 de mayo de 2025 en el despacho en Madrid del constructor <strong>Luis del Rivero<\/strong>. El fiscal ha aportado e<strong>l audio, de 3 h 10 min de duraci\u00f3n,<\/strong> en el Juzgado de Instrucci\u00f3n n\u00famero 9 de Plaza de Castilla, que investiga a <a href=\"https:\/\/www.elconfidencial.com\/espana\/2025-11-10\/leire-psoe-marchena-fiscal-alvaro-garcia-supremo_4243756\/\" target=\"_self\" rel=\"nofollow noopener\">los miembros de las cloacas del PSOE<\/a> por cohecho, tr\u00e1fico de influencias e intento de soborno, entre otros delitos. <\/p>\n<p> Del contenido de esa conversaci\u00f3n se desprende que los fontaneros de Ferraz <strong>quer\u00edan que Stampa les proporcionara<\/strong> <a href=\"https:\/\/www.elconfidencial.com\/espana\/2025-10-21\/fiscal-cloacas-psoe-jefe-anticorrupcion-caso-koldo_4232212\/\" target=\"_self\" rel=\"nofollow noopener\">supuesta informaci\u00f3n comprometedora <\/a>sobre el fiscal jefe de Anticorrupci\u00f3n, <strong>Alejandro Luz\u00f3n<\/strong>, encargado del caso Koldo. A cambio de su ayuda, seg\u00fan Leire D\u00edez y P\u00e9rez Dolset, el Gobierno premiar\u00eda a Stampa con <strong>un ascenso o un mejor puesto<\/strong> en el Ministerio P\u00fablico. <\/p>\n<p> En un momento de la reuni\u00f3n, el fiscal pidi\u00f3 a sus interlocutores que <strong>aclararan a qui\u00e9n representaban<\/strong>. \u201c\u00bfPero \u00c1lvaro [Garc\u00eda Ortiz] va a saber que yo he estado aqu\u00ed?\u201d, pregunt\u00f3 Stampa. \u201cBueno en alg\u00fan momento lo va a saber, s\u00ed. Yo tambi\u00e9n mido los tiempos. Esta gente que tiene miedo hay que dosificar porque si lo sueltas as\u00ed\u2026\u201d, contest\u00f3 Leire D\u00edez. \u201cSi lo sabe \u00c1lvaro, ya sabes que lo va a saber m\u00e1s gente\u201d, advirti\u00f3 entonces el fiscal. \u201cSi da igual, si yo no tengo ning\u00fan problema\u2026 (ininteligible). Es m\u00e1s,<strong> lo va a saber el jefe de \u00c1lvaro, f\u00edjate t\u00fa qu\u00e9 problema\u201d<\/strong>, respondi\u00f3 nuevamente <a href=\"https:\/\/www.elconfidencial.com\/espana\/2025-11-05\/arranca-caso-fontanera-psoe-fiscales-guardia-civil-juez_4241692\/\" target=\"_self\" rel=\"nofollow noopener\">la fontanera del PSOE<\/a>. <\/p>\n<p> En ese punto, <a href=\"https:\/\/www.elconfidencial.com\/espana\/2025-10-21\/la-denuncia-del-fiscal-stampa-senala-a-sanchez-cuando-imputaron-a-begona-dio-orden-de-limpiar-sin-limite_4232202\/\" target=\"_self\" rel=\"nofollow noopener\">Stampa<\/a> quiso conocer a qui\u00e9n se refer\u00eda exactamente Leire D\u00edez. <strong>\u201cEl jefe de \u00c1lvaro&#8230; \u00bfTe refieres al ministro o al presidente?\u201d<\/strong>, inquiri\u00f3 el fiscal. \u201cA todo el mundo\u201d, dijo Leire. \u201cAmbos\u201d, precis\u00f3 P\u00e9rez Dolset. <\/p>\n<p> La respuesta sorprendi\u00f3 al fiscal, aunque Leire D\u00edez ya hab\u00eda afirmado previamente que era <a href=\"https:\/\/www.elconfidencial.com\/espana\/2025-11-11\/leire-fontanera-psoe-sanchez-cerdan-stampa-ferraz_4245485\/\" target=\"_self\" rel=\"nofollow noopener\">la \u201cmano derecha de Santos Cerd\u00e1n\u201d<\/a>, secretario de Organizaci\u00f3n del PSOE en ese momento. <strong>\u201cQue he estado yo aqu\u00ed lo sabr\u00e1 Santos Cerd\u00e1n. \u00bfLo sabe el ministro de Justicia?\u201d<\/strong>, cuestion\u00f3 Stampa. \u201cLo sabr\u00e1\u201d, reaccion\u00f3 Leire. \u201c\u00bfY [ininteligible] el presidente si lo sabe ya?\u201d, insisti\u00f3 otra vez el representante del Ministerio P\u00fablico. \u201cNo, no, no -zanj\u00f3 Leire D\u00edez, dando la sensaci\u00f3n de que era cuesti\u00f3n de tiempo- Si da igual, si yo no me quedo con nada. \u00bfA m\u00ed de qu\u00e9 me sirve reunirme contigo y saber todas estas historias si no me sirve para nada?\u201d. <\/p>\n<p>              <img decoding=\"async\" class=\"inTextNews__img\" alt=\"Foto: leire-fontanera-psoe-sanchez-cerdan-stampa-ferraz\" src=\"https:\/\/www.europesays.com\/es\/wp-content\/uploads\/2025\/11\/f.elconfidencial.com\/original\/494\/87f\/1c3\/49487f1c36a4a0e45a410b31db2380b8.jpg\"  \/>     <\/p>\n<p>TE PUEDE INTERESAR<\/p>\n<p>      <a class=\"inTextNews__title\" href=\"https:\/\/www.elconfidencial.com\/espana\/2025-11-11\/leire-fontanera-psoe-sanchez-cerdan-stampa-ferraz_4245485\/\" onclick=\"window.ECCO.emit(&#039;amplitude&#039;, { dataEventName: &#039;click_related_article_module&#039;, data: { related_article_url: &#039;https:\/\/www.elconfidencial.com\/espana\/2025-11-11\/leire-fontanera-psoe-sanchez-cerdan-stampa-ferraz_4245485\/&#039;, related_article_author: &#039;Alejandro Requeijo,Jos\u00e9 Mar\u00eda Olmo,Alberto P\u00e9rez Gim\u00e9nez&#039;, related_article_section: &#039;espana&#039; } })\" rel=\"nofollow noopener\" target=\"_blank\"> Una grabaci\u00f3n a Leire implica al PSOE: \u00abSoy la mano derecha de Santos Cerd\u00e1n\u00bb <\/a>   <\/p>\n<p>    Alejandro Requeijo     Jos\u00e9 Mar\u00eda Olmo     Alberto P\u00e9rez Gim\u00e9nez   <\/p>\n<p> En otro momento, P\u00e9rez Dolset afirm\u00f3 que<a href=\"https:\/\/blogs.elconfidencial.com\/espana\/pesca-de-arrastre\/2025-11-11\/bloqueo-congreso-democracia-sanchez-1hms_4245047\/\" target=\"_self\" rel=\"nofollow noopener\"> el presidente del Gobierno estaba al tanto<\/a> de esa reuni\u00f3n ante la sorpresa del fiscal.<strong> \u201c\u00bfLo entiendes que me quiera situar, no? <\/strong>Es que me parece todo tan raro\u201d, reflexion\u00f3 Stampa en voz alta tras dejar claro a los enviados del PSOE que no ten\u00eda \u201cnada que ver con Luz\u00f3n\u201d ni estaba en posici\u00f3n de \u201ccondicionar nada de Luz\u00f3n\u201d. <\/p>\n<p> Con todo, las cloacas <strong>intentaron ganarse la confianza<\/strong> de Stampa expres\u00e1ndole su solidaridad por el modo en el que sali\u00f3 de la Fiscal\u00eda Anticorrupci\u00f3n. <a href=\"https:\/\/www.elconfidencial.com\/espana\/2025-10-30\/el-ts-obliga-al-estado-a-indemnizar-al-fiscal-stampa-por-el-dano-que-le-causo-la-investigacion-en-su-contra_4238537\/\" target=\"_self\" rel=\"nofollow noopener\">Stampa no ten\u00eda plaza fija<\/a> en ese departamento y la entonces fiscal general,<strong> Dolores Delgado<\/strong>, no le renov\u00f3. \u00c9l siempre denunci\u00f3 maniobras en su contra porque en el caso Villarejo investigaba a varios clientes de la pareja de Delgado,<strong> Baltasar Garz\u00f3n<\/strong>. En ese sentido, Stampa considera que le abrieron un expediente por sus v\u00ednculos con la acusaci\u00f3n popular de Podemos y lo mantuvieron abierto para <strong>tener una excusa y no renovarle<\/strong> la plaza cuando le tocaba optar a ella. <\/p>\n<p> El fiscal emprendi\u00f3 una cruzada en los tribunales y logr\u00f3 que la Audiencia Nacional reconociese finalmente que sus jefes <strong>hab\u00edan alargado el expediente <\/strong>de manera innecesaria. Tambi\u00e9n ordenaron al Estado que se <strong>le indemnizara con 4.000 euros<\/strong> por el da\u00f1o causado. El Supremo confirm\u00f3 hace d\u00edas esa resoluci\u00f3n, pero cuando se produjo el contacto entre las <a href=\"https:\/\/www.elconfidencial.com\/espana\/2025-11-07\/cloacas-psoe-enviado-santos-leire-cerdan-sanchez_4243867\/\" target=\"_self\" rel=\"nofollow noopener\">cloacas del PSOE y Stampa<\/a>, ese pleito todav\u00eda estaba pendiente del recurso en el alto tribunal. <\/p>\n<p> Cuando Stampa se sent\u00f3 con Leire D\u00edez y Javier P\u00e9rez Dolset, contest\u00f3 a su inter\u00e9s sobre Alejandro Luz\u00f3n marcando distancias con su ex jefe: \u201cYo no tengo nada que ver nada con Luz\u00f3n ni puedo condicionar nada de Luz\u00f3n, Luz\u00f3n acaba de reunirse con el fiscal general para hacer un acuerdo con Irak\u201d. <\/p>\n<p>                El origen fue la imputaci\u00f3n de Bego\u00f1a           <\/p>\n<p> Tambi\u00e9n mostr\u00f3 la extra\u00f1eza que le generaban sus interlocutores: \u201cSea para lo que sea para lo que vienen a hablar conmigo, m\u00e1s all\u00e1 de preguntarme si lo conoce el presidente (&#8230;) pues me tiene perplejo que el presidente\u2026 lo segundo, \u00bflo sabe el fiscal general del Estado y lo sabe el Ministerio de Justicia? (&#8230;) \u00bfLo entiendes que me quiera situar, no? Es que me parece todo tan raro. (&#8230;) \u201cPero <strong>son fontaneros del partido, ni siquiera del Gobierno\u201d.<\/strong> <\/p>\n<p> Minutos despu\u00e9s, cuando llevaban una media hora sentados, P\u00e9rez Dolset le resumi\u00f3 en un comentario<a href=\"https:\/\/www.elconfidencial.com\/espana\/2025-05-28\/cloacas-sanchez-santos-cerdan-psoe-perez-dolset-x_4139185\/\" target=\"_self\" rel=\"nofollow noopener\"> el origen de esta cloaca<\/a> desvelada en su d\u00eda por El Confidencial. El empresario, investigado por corrupci\u00f3n, admiti\u00f3 que todo empez\u00f3 \u201cla imputaci\u00f3n de Bego\u00f1a G\u00f3mez, la mujer del presidente, en abril del a\u00f1o pasado\u201d. <\/p>\n<p> <strong>\u201cEntonces, Leire me llama y me dice \u2018oye, Javier<\/strong>\u2026\u2019. Yo claro, se monta ah\u00ed un revuelo tremendo, y dice: \u2018\u00bfNo est\u00e1n todos los audios de<a href=\"https:\/\/www.elconfidencial.com\/espana\/2025-06-04\/leire-diez-la-fontanera-del-psoe-da-explicaciones-por-primera-vez_4143749\/\" target=\"_self\" rel=\"nofollow noopener\"> los espionajes del presidente<\/a> ah\u00ed\u2019?. La fontanera se refer\u00eda a la documentaci\u00f3n que ten\u00eda P\u00e9rez Dolset en su poder. El empresario se la entreg\u00f3 y ella la llev\u00f3 al PSOE. \u201cY entonces el presidente ya dijo que se limpie todo esto. Que se limpie sin l\u00edmite\u201d, explic\u00f3. \u201cL\u00edmpiese\u201d, confirm\u00f3 la fontanera a su lado. <\/p>\n<p> En la misma conversaci\u00f3n P\u00e9rez Dolset volvi\u00f3 a presentarse como el brazo ejecutor de los deseos de Pedro S\u00e1nchez en los siguientes t\u00e9rminos: \u201cEsto no puede ser. A esto hay que darle la vuelta. Caiga quien caiga. Y afortunadamente lo que ha dicho el presidente es:<strong> \u2018Oye, esto se limpia, caiga quien caiga\u2019\u00bb.<\/strong> Leire D\u00edez y su socio prestar\u00e1n declaraci\u00f3n como imputados la semana que viene. El juez les har\u00e1 escuchar esta grabaci\u00f3n de tres horas. <\/p>\n<p> La fontanera de <strong>Santos Cerd\u00e1n<\/strong>, <strong>Leire D\u00edez Castro<\/strong>, y el empresario Javier P\u00e9rez Dolset reconocieron en un encuentro con <a href=\"https:\/\/www.elconfidencial.com\/espana\/2025-11-11\/leire-fontanera-psoe-sanchez-cerdan-stampa-ferraz_4245485\/\" target=\"_self\" rel=\"nofollow noopener\">el fiscal Ignacio Stampa <\/a>que trasladar\u00edan la existencia de esa cita al fiscal general del Estado,<strong> \u00c1lvaro Garc\u00eda Ortiz<\/strong>; el ministro de Justicia, <strong>F\u00e9lix Bola\u00f1os<\/strong>, y el presidente del Gobierno, <strong>Pedro S\u00e1nchez<\/strong>, seg\u00fan demuestra un audio al que ha tenido acceso a El Confidencial. <\/p>\n","protected":false},"excerpt":{"rendered":"La fontanera de Santos Cerd\u00e1n, Leire D\u00edez Castro, y el empresario Javier P\u00e9rez Dolset reconocieron en un encuentro&hellip;\n","protected":false},"author":2,"featured_media":231256,"comment_status":"","ping_status":"","sticky":false,"template":"","format":"standard","meta":{"footnotes":""},"categories":[8],"tags":[17,18,25,24,13,14,11,19,20,9,10,15,16,23,12,21,22],"class_list":{"0":"post-231255","1":"post","2":"type-post","3":"status-publish","4":"format-standard","5":"has-post-thumbnail","7":"category-espana","8":"tag-breaking-news","9":"tag-breakingnews","10":"tag-es","11":"tag-espana","12":"tag-featured-news","13":"tag-featurednews","14":"tag-headlines","15":"tag-latest-news","16":"tag-latestnews","17":"tag-news","18":"tag-noticias","19":"tag-noticias-destacadas","20":"tag-noticiasdestacadas","21":"tag-spain","22":"tag-titulares","23":"tag-ultimas-noticias","24":"tag-ultimasnoticias"},"share_on_mastodon":{"url":"https:\/\/pubeurope.com\/@es\/115533770178199344","error":""},"_links":{"self":[{"href":"https:\/\/www.europesays.com\/es\/wp-json\/wp\/v2\/posts\/231255","targetHints":{"allow":["GET"]}}],"collection":[{"href":"https:\/\/www.europesays.com\/es\/wp-json\/wp\/v2\/posts"}],"about":[{"href":"https:\/\/www.europesays.com\/es\/wp-json\/wp\/v2\/types\/post"}],"author":[{"embeddable":true,"href":"https:\/\/www.europesays.com\/es\/wp-json\/wp\/v2\/users\/2"}],"replies":[{"embeddable":true,"href":"https:\/\/www.europesays.com\/es\/wp-json\/wp\/v2\/comments?post=231255"}],"version-history":[{"count":0,"href":"https:\/\/www.europesays.com\/es\/wp-json\/wp\/v2\/posts\/231255\/revisions"}],"wp:featuredmedia":[{"embeddable":true,"href":"https:\/\/www.europesays.com\/es\/wp-json\/wp\/v2\/media\/231256"}],"wp:attachment":[{"href":"https:\/\/www.europesays.com\/es\/wp-json\/wp\/v2\/media?parent=231255"}],"wp:term":[{"taxonomy":"category","embeddable":true,"href":"https:\/\/www.europesays.com\/es\/wp-json\/wp\/v2\/categories?post=231255"},{"taxonomy":"post_tag","embeddable":true,"href":"https:\/\/www.europesays.com\/es\/wp-json\/wp\/v2\/tags?post=231255"}],"curies":[{"name":"wp","href":"https:\/\/api.w.org\/{rel}","templated":true}]}}