{"id":231257,"date":"2025-11-11T23:56:11","date_gmt":"2025-11-11T23:56:11","guid":{"rendered":"https:\/\/www.europesays.com\/es\/231257\/"},"modified":"2025-11-11T23:56:11","modified_gmt":"2025-11-11T23:56:11","slug":"es-de-las-cosas-que-mas-puede-destruir-a-alguien","status":"publish","type":"post","link":"https:\/\/www.europesays.com\/es\/231257\/","title":{"rendered":"Es de las cosas que m\u00e1s puede destruir a alguien"},"content":{"rendered":"<p data-gtm-element-container=\"modulo-texto-link\" class=\"paragraph\">Desde hace m\u00e1s de un a\u00f1o, <strong>Sof\u00eda Suescun rompi\u00f3 su relaci\u00f3n con su madre, Maite Galdeano<\/strong>. La bautizada como \u201cLa elegida de Dios\u201d tuvo que abandonar la casa de la &#8216;influencer&#8217; y empezar una nueva vida, que ha incluido acudir a plat\u00f3s y hablar mal tanto de su hija como de su yerno.<\/p>\n<p>                <img loading=\"lazy\" decoding=\"async\" data-full-src=\"https:\/\/www.mundodeportivo.com\/uploads\/2025\/06\/07\/6844340c1497e.jpeg\" alt=\"Sof\u00eda Suescun, en 'Socialit\u00e9'\" width=\"449\" height=\"253\" src=\"https:\/\/www.europesays.com\/es\/wp-content\/uploads\/2025\/11\/6844340c1497e.jpeg\" class=\"lazy\"\/><\/p>\n<p class=\"caption-title \">Sof\u00eda Suescun, en &#8216;Socialit\u00e9&#8217;<\/p>\n<p>                    Telecinco<\/p>\n<p data-gtm-element-container=\"modulo-texto-link\" class=\"paragraph\">El pasado fin de semana, Galdeano volvi\u00f3 a la carga en sus redes sociales, publicando una imagen de Sof\u00eda y <strong>asegurando que parec\u00eda endemoniada<\/strong>. Aunque despu\u00e9s justific\u00f3 que se trataba de una broma, continu\u00f3 atacando y desvelando supuestos secretos tanto de Kiko Jim\u00e9nez como de su hija. En uno de los v\u00eddeos, incluso lleg\u00f3 a hablar negativamente del f\u00edsico de Sof\u00eda Suescun: \u00abQu\u00e9 cuerpo escombro se le ha puesto, unos brazos de gorda, una cara horrible&#8230; \u00a1Anda ya, pringada!\u00bb.<\/p>\n<p data-gtm-element-container=\"modulo-texto-link\" class=\"paragraph\">Un v\u00eddeo que ha valorado Claudia Nicolasa, psic\u00f3loga y creadora de contenido en redes sociales: \u00ab<strong>Esto es de las cosas que m\u00e1s puede destruir a alguien a nivel psicol\u00f3gico<\/strong>: que la persona que m\u00e1s deber\u00eda aceptarte incondicionalmente, que m\u00e1s deber\u00eda valorarte, sea justamente la que te juzga, la que te compara e incluso te menosprecia. Que la persona que deber\u00eda ser tu refugio, tu lugar seguro, se convierta en tu fuente de ansiedad, de malestar, de amenaza\u00bb<\/p>\n<p>                <img loading=\"lazy\" decoding=\"async\" data-full-src=\"https:\/\/www.mundodeportivo.com\/uploads\/2025\/01\/03\/67785aac5b16e.jpeg\" alt=\"Maite Galdeano, en '\u00a1De viernes!'\" width=\"449\" height=\"253\" src=\"https:\/\/www.europesays.com\/es\/wp-content\/uploads\/2025\/11\/67785aac5b16e.jpeg\" class=\"lazy\"\/><\/p>\n<p class=\"caption-title \">Maite Galdeano, en &#8216;\u00a1De viernes!&#8217;<\/p>\n<p>                    Captura Telecinco<\/p>\n<p>    Lee tambi\u00e9n<\/p>\n<p data-gtm-element-container=\"modulo-texto-link\" class=\"paragraph\">\u00abComo tu madre te trata tiene un impacto directo en tu autoestima y en tu forma de sentirte ante el mundo, porque<strong> el ni\u00f1o se conoce a s\u00ed mismo a trav\u00e9s de la mirada de la madre.<\/strong> Con esa mirada construyes tu identidad, tu estructura, tu sistema nervioso: los cimientos de tu casa interior. Cuando esos cimientos no est\u00e1n bien construidos, todo puede volverse muy fr\u00e1gil\u00bb, explic\u00f3 a sus seguidores.<\/p>\n<p data-gtm-element-container=\"modulo-texto-link\" class=\"paragraph\">Por todo este an\u00e1lisis, la propia psic\u00f3loga justifica que una hija tenga que apartarse de su madre: \u00abAfortunadamente, hay mucho que se puede sanar, pero en ocasiones requiere tomar una de las decisiones m\u00e1s complicadas a las que una persona puede enfrentarse: <strong>renunciar a esa figura que tanto quieres, que tanto querr\u00edas que te quisiera, pero que tanto da\u00f1o te hace<\/strong>\u00ab.<\/p>\n","protected":false},"excerpt":{"rendered":"Desde hace m\u00e1s de un a\u00f1o, Sof\u00eda Suescun rompi\u00f3 su relaci\u00f3n con su madre, Maite Galdeano. La bautizada&hellip;\n","protected":false},"author":2,"featured_media":231258,"comment_status":"","ping_status":"","sticky":false,"template":"","format":"standard","meta":{"footnotes":""},"categories":[5],"tags":[17,18,25,24,13,14,11,19,20,9,10,15,16,23,12,21,22],"class_list":{"0":"post-231257","1":"post","2":"type-post","3":"status-publish","4":"format-standard","5":"has-post-thumbnail","7":"category-titulares","8":"tag-breaking-news","9":"tag-breakingnews","10":"tag-es","11":"tag-espana","12":"tag-featured-news","13":"tag-featurednews","14":"tag-headlines","15":"tag-latest-news","16":"tag-latestnews","17":"tag-news","18":"tag-noticias","19":"tag-noticias-destacadas","20":"tag-noticiasdestacadas","21":"tag-spain","22":"tag-titulares","23":"tag-ultimas-noticias","24":"tag-ultimasnoticias"},"share_on_mastodon":{"url":"https:\/\/pubeurope.com\/@es\/115533773979534051","error":""},"_links":{"self":[{"href":"https:\/\/www.europesays.com\/es\/wp-json\/wp\/v2\/posts\/231257","targetHints":{"allow":["GET"]}}],"collection":[{"href":"https:\/\/www.europesays.com\/es\/wp-json\/wp\/v2\/posts"}],"about":[{"href":"https:\/\/www.europesays.com\/es\/wp-json\/wp\/v2\/types\/post"}],"author":[{"embeddable":true,"href":"https:\/\/www.europesays.com\/es\/wp-json\/wp\/v2\/users\/2"}],"replies":[{"embeddable":true,"href":"https:\/\/www.europesays.com\/es\/wp-json\/wp\/v2\/comments?post=231257"}],"version-history":[{"count":0,"href":"https:\/\/www.europesays.com\/es\/wp-json\/wp\/v2\/posts\/231257\/revisions"}],"wp:featuredmedia":[{"embeddable":true,"href":"https:\/\/www.europesays.com\/es\/wp-json\/wp\/v2\/media\/231258"}],"wp:attachment":[{"href":"https:\/\/www.europesays.com\/es\/wp-json\/wp\/v2\/media?parent=231257"}],"wp:term":[{"taxonomy":"category","embeddable":true,"href":"https:\/\/www.europesays.com\/es\/wp-json\/wp\/v2\/categories?post=231257"},{"taxonomy":"post_tag","embeddable":true,"href":"https:\/\/www.europesays.com\/es\/wp-json\/wp\/v2\/tags?post=231257"}],"curies":[{"name":"wp","href":"https:\/\/api.w.org\/{rel}","templated":true}]}}