{"id":231261,"date":"2025-11-12T00:02:12","date_gmt":"2025-11-12T00:02:12","guid":{"rendered":"https:\/\/www.europesays.com\/es\/231261\/"},"modified":"2025-11-12T00:02:12","modified_gmt":"2025-11-12T00:02:12","slug":"volta-cicloturista-a-menorca-2025-pedaladas-en-el-paraiso","status":"publish","type":"post","link":"https:\/\/www.europesays.com\/es\/231261\/","title":{"rendered":"Volta Cicloturista a Menorca 2025: pedaladas en el para\u00edso"},"content":{"rendered":"<p>                    Hay ediciones que se viven y hay otras que se recuerdan para siempre. Fue el caso de la 24\u00aa Volta Cicloturista Internacional a Menorca, una de esas que dejan huella, que se graban en la piel como el sol menorqu\u00edn en octubre.<\/p>\n<p class=\"c-news-list__author\">Luis Ortega (Ciclored). Fotos: Lucas Abad<\/p>\n<p class=\"c-mainarticle__date\">\n<p>                    11 de noviembre de 2025 (13:00 CET)<\/p>\n<p>                                                                                                                                        <img fetchpriority=\"high\" decoding=\"async\" src=\"https:\/\/www.europesays.com\/es\/wp-content\/uploads\/2025\/11\/volta-cicloturista-a-menorca-2025.jpeg\" alt=\"Volta Cicloturista a Menorca 2025\" title=\"Volta Cicloturista a Menorca 2025\" class=\"c-mainarticle__img\" loading=\"eager\" width=\"790\" height=\"454\"\/><\/p>\n<p>                    Volta Cicloturista a Menorca 2025<\/p>\n<p>Fueron tres d\u00edas de pedaladas, abrazos, risas y esfuerzo compartido. Tres d\u00edas en los que el ciclismo volvi\u00f3 a convertirse en lo que nunca deber\u00eda dejar de ser: una manera de sentir, de vivir y de unirse.<\/p>\n<p><img decoding=\"async\" loading=\"lazy\" alt=\"Volta Cicloturista a Menorca 2025 foto 2\" data-id=\"14625189\" data-resize=\"null\" height=\"503\" src=\"https:\/\/www.europesays.com\/es\/wp-content\/uploads\/2025\/11\/volta-cicloturista-a-menorca-2025-foto-2.jpeg\" title=\"Volta Cicloturista a Menorca 2025 foto 2\" width=\"800\"\/><\/p>\n<p>\u00a0<\/p>\n<p>SOMARRIBA Y 50 MUJERES<\/p>\n<p>Desde el primer momento, Arturo Sintes y Lina Puig, la pareja que ejerce como alma mater de la Volta a Menorca, quisieron rendir homenaje a todas las mujeres que pedalean y abren camino, equilibrando familia, trabajo y pasi\u00f3n. Nos demuestran cada d\u00eda que el ciclismo tambi\u00e9n es suyo. Y para simbolizarlo, nada menos que la mejor ciclista espa\u00f1ola de todos los tiempos: Joane Somarriba.<\/p>\n<p>Joane no s\u00f3lo representa t\u00edtulos -tres Giros, dos Tours, una leyenda viva en definitiva-, sino la fuerza silenciosa de quien inspira sin alzar la voz. Porque ella vivi\u00f3 los a\u00f1os m\u00e1s complicados del ciclismo femenino, cuando ya era un logro que una espa\u00f1ola compitiese a nivel internacional. A su lado, m\u00e1s de 50 mujeres formaron parte de un pelot\u00f3n de 300 participantes. Un n\u00famero que no s\u00f3lo es una estad\u00edstica: tambi\u00e9n es un s\u00edmbolo.<\/p>\n<p>Y as\u00ed, con ese esp\u00edritu, echamos a rodar. Primero con un pr\u00f3logo de 30 kil\u00f3metros el viernes 17 de octubre que cont\u00f3 con un escenario \u00fanico: la Fortaleza de La Mola, una joya frente al mar que aspira a ser Patrimonio de la Humanidad y que pudimos ver desde dentro. Tranquilidad, primeras charlas y fotos; muchas fotos. Sobre todo los que ped\u00edan selfis con Joseba Beloki, Joane Somarriba y Ramontxu Gonz\u00e1lez Arrieta, que lleva toda una vida junto a Joane y comparti\u00f3 pedaladas y vivencias en los a\u00f1os 90 en los equipos Festina y Banesto.<\/p>\n<p><img decoding=\"async\" loading=\"lazy\" alt=\"Volta Cicloturista a Menorca 2025 foto 4\" data-id=\"14625198\" data-resize=\"null\" height=\"520\" src=\"https:\/\/www.europesays.com\/es\/wp-content\/uploads\/2025\/11\/volta-cicloturista-a-menorca-2025-foto-4.jpeg\" title=\"Volta Cicloturista a Menorca 2025 foto 4\" width=\"800\"\/><\/p>\n<p>Al d\u00eda siguiente, s\u00e1bado 18, la primera jornada nos llev\u00f3 por 94 kil\u00f3metros de paisajes interiores, de caminos estrechos tipo Amstel Gold Race, kil\u00f3metros a ritmo tranquilo con tiempo para hablar y descubrir que en el pelot\u00f3n estaba Jes\u00fas Mari Zamora, futbolista hist\u00f3rico de la Real Sociedad y de la Selecci\u00f3n Espa\u00f1ola, que jug\u00f3 aquel Mundial 82 de Naranjito.<\/p>\n<p>Cosas que pasan cuando da tiempo a charlar en el grupo. Subimos Sa Roca, cruzamos Es Migjorn y Es Mercadal, peg\u00e1ndonos el primer calent\u00f3n en S\u2019Enclusa. Porque la Volta a Menorca siempre tiene su puntito competitivo. Retorno a Mah\u00f3n y por la tarde visita al Museo Arturo Sintes de Ciclismo, que cada a\u00f1o incorpora recuerdos e historias nuevas.<\/p>\n<p><img decoding=\"async\" loading=\"lazy\" alt=\"Volta Cicloturista a Menorca 2025 foto 5\" data-id=\"14625208\" data-resize=\"null\" height=\"1050\" src=\"https:\/\/www.europesays.com\/es\/wp-content\/uploads\/2025\/11\/volta-cicloturista-a-menorca-2025-foto-5.jpeg\" title=\"Volta Cicloturista a Menorca 2025 foto 5\" width=\"800\"\/><\/p>\n<p>\u00a0<\/p>\n<p>MONTE TORO<\/p>\n<p>Y lleg\u00f3 el Monte Toro, ese santuario del cicloturismo menorqu\u00edn. Sus rampas del 16% desaf\u00edan nuestras piernas, pero tambi\u00e9n el alma. El joven \u00c1lvaro \u00c1lvarez de Luna, de apenas 17 a\u00f1os, fue el primero en coronarlo, conquistando el Trofeo Arturo Sintes, mientras que Mar\u00eda del Carmen Pons fue la primera f\u00e9mina, llev\u00e1ndose el Trofeo Lina Puig. Sin embargo, m\u00e1s all\u00e1 de los tiempos lo que qued\u00f3 fue la emoci\u00f3n de ver al p\u00fablico animando a un pelot\u00f3n de m\u00e1s de 300 ciclistas.<\/p>\n<p>El ambiente brind\u00f3 una mezcla de acentos e historias. M\u00e1s de 40 ciclistas brit\u00e1nicos volvieron a hacer suya la Volta, encabezados por el grupo Sa\u00a0 Pomada, premiado como el equipo m\u00e1s numeroso. Tambi\u00e9n llegaron ciclistas de Mallorca, de todos los puntos de la pen\u00ednsula ib\u00e9rica, Italia y Alemania, porque la Volta ya no pertenece s\u00f3lo a Menorca: es del mundo.<\/p>\n<p><img decoding=\"async\" loading=\"lazy\" alt=\"Volta Cicloturista a Menorca 2025 foto 3\" data-id=\"14625218\" data-resize=\"null\" height=\"520\" src=\"https:\/\/www.europesays.com\/es\/wp-content\/uploads\/2025\/11\/volta-cicloturista-a-menorca-2025-foto-3.jpeg\" title=\"Volta Cicloturista a Menorca 2025 foto 3\" width=\"800\"\/><\/p>\n<p>\u00a0<\/p>\n<p>BODAS DE PLATA<\/p>\n<p>Mientras todav\u00eda se estaba cerrando la 24\u00aa edici\u00f3n de la Volta con la cl\u00e1sica comida fin de fiesta y la entrega de premios, Arturo Sintes ya anunciaba las fechas de la edici\u00f3n n\u00famero 25, que promete ser la m\u00e1s especial de todas. Apuntad en un lugar destacado de vuestra agenda: 23, 24 y 25 de octubre de 2026.<\/p>\n<p>Porque la Volta no es s\u00f3lo una marcha, sino una forma de entender el ciclismo y de vivirlo como lo hacen Arturo Sintes y Lina Puig. Es compartir, emocionarse, descubrir, sufrir y re\u00edr al mismo tiempo.<\/p>\n<p><img decoding=\"async\" loading=\"lazy\" alt=\"Volta Cicloturista a Menorca 2025 foto 6\" data-id=\"14625228\" data-resize=\"null\" height=\"982\" src=\"https:\/\/www.europesays.com\/es\/wp-content\/uploads\/2025\/11\/volta-cicloturista-a-menorca-2025-foto-6.jpeg\" title=\"Volta Cicloturista a Menorca 2025 foto 6\" width=\"800\"\/><\/p>\n<p>Los\u00a0m\u00e1s r\u00e1pidos\u00a0<\/p>\n<p><strong>PODIUM S\u2019ENCLUSA-MONTE TORO<\/strong><br \/>&#13;<br \/>\n<strong>Mujeres<\/strong><br \/>&#13;<br \/>\n1\u00aa Mar\u00eda del Carmen Pons<br \/>&#13;<br \/>\n2\u00aa Mar\u00eda Carmen Pedraza<br \/>&#13;<br \/>\n3\u00aa Regina Gonz\u00e1lez Somarriba<br \/>&#13;<br \/>\n<strong>Hombres<\/strong><br \/>&#13;<br \/>\n1\u00ba \u00c1lvaro \u00c1lvarez de Luna<br \/>&#13;<br \/>\n2\u00ba Joan Marquet Moll<br \/>&#13;<br \/>\n3\u00ba Antonio Ballester Llobera<\/p>\n<p><strong>TROFEO ARTURO SINTES<\/strong><br \/>&#13;<br \/>\n\u00c1lvaro \u00c1lvarez de Luna<\/p>\n<p><strong>TROFEO LINA PUIG<\/strong><br \/>&#13;<br \/>\nMar\u00eda del Carmen Pons<br \/>&#13;<br \/>\n\u00a0<\/p>\n","protected":false},"excerpt":{"rendered":"Hay ediciones que se viven y hay otras que se recuerdan para siempre. Fue el caso de la&hellip;\n","protected":false},"author":2,"featured_media":231262,"comment_status":"","ping_status":"","sticky":false,"template":"","format":"standard","meta":{"footnotes":""},"categories":[273],"tags":[313,312,168,25,24,23,167],"class_list":{"0":"post-231261","1":"post","2":"type-post","3":"status-publish","4":"format-standard","5":"has-post-thumbnail","7":"category-ciclismo","8":"tag-ciclismo","9":"tag-cycling","10":"tag-deportes","11":"tag-es","12":"tag-espana","13":"tag-spain","14":"tag-sports"},"share_on_mastodon":{"url":"https:\/\/pubeurope.com\/@es\/115533797613131253","error":""},"_links":{"self":[{"href":"https:\/\/www.europesays.com\/es\/wp-json\/wp\/v2\/posts\/231261","targetHints":{"allow":["GET"]}}],"collection":[{"href":"https:\/\/www.europesays.com\/es\/wp-json\/wp\/v2\/posts"}],"about":[{"href":"https:\/\/www.europesays.com\/es\/wp-json\/wp\/v2\/types\/post"}],"author":[{"embeddable":true,"href":"https:\/\/www.europesays.com\/es\/wp-json\/wp\/v2\/users\/2"}],"replies":[{"embeddable":true,"href":"https:\/\/www.europesays.com\/es\/wp-json\/wp\/v2\/comments?post=231261"}],"version-history":[{"count":0,"href":"https:\/\/www.europesays.com\/es\/wp-json\/wp\/v2\/posts\/231261\/revisions"}],"wp:featuredmedia":[{"embeddable":true,"href":"https:\/\/www.europesays.com\/es\/wp-json\/wp\/v2\/media\/231262"}],"wp:attachment":[{"href":"https:\/\/www.europesays.com\/es\/wp-json\/wp\/v2\/media?parent=231261"}],"wp:term":[{"taxonomy":"category","embeddable":true,"href":"https:\/\/www.europesays.com\/es\/wp-json\/wp\/v2\/categories?post=231261"},{"taxonomy":"post_tag","embeddable":true,"href":"https:\/\/www.europesays.com\/es\/wp-json\/wp\/v2\/tags?post=231261"}],"curies":[{"name":"wp","href":"https:\/\/api.w.org\/{rel}","templated":true}]}}