{"id":231268,"date":"2025-11-12T00:09:10","date_gmt":"2025-11-12T00:09:10","guid":{"rendered":"https:\/\/www.europesays.com\/es\/231268\/"},"modified":"2025-11-12T00:09:10","modified_gmt":"2025-11-12T00:09:10","slug":"como-me-metas-la-lengua-en-la-boca-te-la-muerdo","status":"publish","type":"post","link":"https:\/\/www.europesays.com\/es\/231268\/","title":{"rendered":"\u00bbComo me metas la lengua en la boca, te la muerdo\u00bb"},"content":{"rendered":"<p data-gtm-element-container=\"modulo-texto-link\" class=\"paragraph\">Lo que sucede cada noche en las citas de <a href=\"https:\/\/www.lavanguardia.com\/television\/20251111\/11253927\/aparatosa-caida-soltero-pone-alerta-equipo-first-dates-cita-quedado-shock-mmn.html\" target=\"_blank\" rel=\"nofollow noopener\">First Dates<\/a> no deja a nadie indiferente. Sin embargo, los espectadores del espacio de <a href=\"https:\/\/www.lavanguardia.com\/television\/programacion-tv\/cuatro\" target=\"_blank\" rel=\"noopener noreferrer nofollow\">Cuatro<\/a> no est\u00e1n tan acostumbrados a veladas como la que han protagonizado este martes Angelines y Jes\u00fas.\u00a0<\/p>\n<p data-gtm-element-container=\"modulo-texto-link\" class=\"paragraph\">El especialista de rob\u00f3tica jubilado de Valladolid lleg\u00f3 al famoso restaurante con un precioso ramo de flores. \u00bbMe considero un caballero con cualquier dama que se precie\u00bb, declar\u00f3. Tras el fallecimiento de su mujer hace 10 a\u00f1os, el soltero hab\u00eda sido incapaz de encontrar a una nueva compa\u00f1era de viaje. \u00bbQuiero conocer a una mujer con una sonrisa f\u00e1cil, guapa y moderada\u00bb, manifest\u00f3.\u00a0<\/p>\n<p>                <img loading=\"lazy\" decoding=\"async\" data-full-src=\"https:\/\/www.lavanguardia.com\/uploads\/2025\/11\/11\/691398dcb1f00.png\" alt=\"Jes\u00fas en 'First Dates'\" width=\"449\" height=\"245\" src=\"https:\/\/www.europesays.com\/es\/wp-content\/uploads\/2025\/11\/691398dcb1f00.png\" class=\"lazy\"\/><\/p>\n<p class=\"caption-title \">Jes\u00fas en &#8216;First Dates&#8217;<\/p>\n<p>                    Mediaset<\/p>\n<p data-gtm-element-container=\"modulo-texto-link\" class=\"paragraph\">La elegida para cenar con \u00e9l fue Angelines (81), una limpiadora jubilada de Le\u00f3n que lleg\u00f3 al programa de Mediaset con regalos para todo el equipo. \u00bbOs veo todas las noches\u00bb, recalc\u00f3 a su llegada. Sin embargo, la efusividad de Angelines con el presentador y sus compa\u00f1eros no hizo nada de gracia al soltero:\u00a0\u00bbTiene una cara guapita, pero esperaba que me dedicase m\u00e1s tiempo a m\u00ed y no al personal\u00bb.\u00a0<\/p>\n<p>        Lee tambi\u00e9n<\/p>\n<p>    Nerea Parraga Frutos<\/p>\n<p>             <img loading=\"lazy\" decoding=\"async\" data-full-src=\"https:\/\/www.lavanguardia.com\/uploads\/2025\/11\/10\/691249c6e3abd.png\" alt=\"Judith en 'First Dates'\" width=\"104\" height=\"108\" src=\"https:\/\/www.europesays.com\/es\/wp-content\/uploads\/2025\/11\/691249c6e3abd.r_d.754-469.png\" class=\"lazy\"\/><\/p>\n<p data-gtm-element-container=\"modulo-texto-link\" class=\"paragraph\">Pese a todo, la soltera qued\u00f3 encantada con el ramo de flores de Jes\u00fas. \u00bbYo quiero una mujer para vivir con ella\u00bb, dej\u00f3 claro el soltero. \u00bbYo tambi\u00e9n porque vivo sola\u00bb, replic\u00f3 Angelines. \u00bb\u00a1Qu\u00e9 deprisa vais!\u00bb, coment\u00f3 Sobera. \u00bbYo no quiero enga\u00f1ar ni que me enga\u00f1en\u00bb, asever\u00f3 ella. Tras las presentaciones, Carlos Sobera acompa\u00f1o a la pareja hasta su mesa, donde comenzaron la velada poni\u00e9ndose al d\u00eda de sus vidas.\u00a0\u00a0<\/p>\n<p>                <img loading=\"lazy\" decoding=\"async\" data-full-src=\"https:\/\/www.lavanguardia.com\/uploads\/2025\/11\/11\/6913a29f80951.png\" alt=\"Angelines y Jes\u00fas en 'First Dates'\" width=\"449\" height=\"245\" src=\"https:\/\/www.europesays.com\/es\/wp-content\/uploads\/2025\/11\/6913a29f80951.png\" class=\"lazy\"\/><\/p>\n<p class=\"caption-title \">Angelines y Jes\u00fas en &#8216;First Dates&#8217;<\/p>\n<p>                    Mediaset<\/p>\n<p data-gtm-element-container=\"modulo-texto-link\" class=\"paragraph\">\u00bbMi pareja muri\u00f3 hace tres a\u00f1os, pero mi primer marido se mat\u00f3 con 27 a\u00f1os al caer de un andamio y me qued\u00e9 sola con un ni\u00f1o de 7 a\u00f1os\u00bb, relat\u00f3 la soltera. \u00bbYo creo que son cosas que no vienen a colaci\u00f3n porque al final venimos a buscar el amor. Y hablar del pasado y con pena no gusta\u00bb, sentenci\u00f3 Jes\u00fas. Por si fuera poco, Angelines quiso saber si Jes\u00fas estar\u00eda dispuesto a mudarse a su casa. \u00bbEso ya lo hablaremos m\u00e1s adelante. Yo a tu pueblo en principio no voy a ir porque yo tambi\u00e9n tengo cosas en casa\u00bb, sentenci\u00f3 el soltero.\u00a0<\/p>\n<p data-gtm-element-container=\"modulo-texto-link\" class=\"paragraph\">En un punto de la velada, Angelines explic\u00f3 que quer\u00eda conocer a una persona decente. De hecho, aprovech\u00f3 la ocasi\u00f3n para lanzar una advertencia: \u00bbNo me gustan los besos con lengua. Como me metas la lengua en la boca, te la muerdo. Vomito\u00bb. \u00bbA m\u00ed no me gusta que una persona sea tan dr\u00e1stica, no hay que ser tan radical\u00bb, replic\u00f3 el soltero.\u00a0<\/p>\n<p>                <img loading=\"lazy\" decoding=\"async\" data-full-src=\"https:\/\/www.lavanguardia.com\/uploads\/2025\/11\/11\/6913a3432b244.png\" alt=\"Angelines y Jes\u00fas en 'First Dates'\" width=\"449\" height=\"244\" src=\"https:\/\/www.europesays.com\/es\/wp-content\/uploads\/2025\/11\/6913a3432b244.png\" class=\"lazy\"\/><\/p>\n<p class=\"caption-title \">Angelines y Jes\u00fas en &#8216;First Dates&#8217;<\/p>\n<p>                    Mediaset<\/p>\n<p data-gtm-element-container=\"modulo-texto-link\" class=\"paragraph\">De pronto, el ambiente se llen\u00f3 de tensi\u00f3n. El soltero comenz\u00f3 a atragantarse con la cena, lo que provoc\u00f3 que la soltera intentara ayudarle visiblemente asustada. \u00bbNo est\u00e1 en su sano juicio porque tragarse un trozo de carne entero&#8230;Me estoy poniendo muy nerviosa\u00bb, coment\u00f3 la soltera.\u00a0<\/p>\n<p data-gtm-element-container=\"modulo-texto-link\" class=\"paragraph\">Finalmente, el equipo se acerc\u00f3 hasta la mesa para acompa\u00f1ar al soltero al ba\u00f1o. Minutos despu\u00e9s, Jes\u00fas regres\u00f3 a la mesa d\u00e9bil y sin ganas de continuar con la velada. Por ello, el equipo se vio obligado a poner fin a la cita. \u00bbMe encuentro bien porque esto me ha pasado muchas veces\u00bb, reconoci\u00f3 en la decisi\u00f3n final. \u00bbEl susto que me llev\u00e9 que me temblaba todo el cuerpo. Lo pas\u00e9 muy mal\u00bb, afirm\u00f3 Angelines. Como era esperar, los dos rechazaron una segunda cita.\u00a0<\/p>\n","protected":false},"excerpt":{"rendered":"Lo que sucede cada noche en las citas de First Dates no deja a nadie indiferente. Sin embargo,&hellip;\n","protected":false},"author":2,"featured_media":231269,"comment_status":"","ping_status":"","sticky":false,"template":"","format":"standard","meta":{"footnotes":""},"categories":[171],"tags":[146,147,25,24,23,214],"class_list":{"0":"post-231268","1":"post","2":"type-post","3":"status-publish","4":"format-standard","5":"has-post-thumbnail","7":"category-tv","8":"tag-entertainment","9":"tag-entretenimiento","10":"tag-es","11":"tag-espana","12":"tag-spain","13":"tag-tv"},"share_on_mastodon":{"url":"https:\/\/pubeurope.com\/@es\/115533825224865562","error":""},"_links":{"self":[{"href":"https:\/\/www.europesays.com\/es\/wp-json\/wp\/v2\/posts\/231268","targetHints":{"allow":["GET"]}}],"collection":[{"href":"https:\/\/www.europesays.com\/es\/wp-json\/wp\/v2\/posts"}],"about":[{"href":"https:\/\/www.europesays.com\/es\/wp-json\/wp\/v2\/types\/post"}],"author":[{"embeddable":true,"href":"https:\/\/www.europesays.com\/es\/wp-json\/wp\/v2\/users\/2"}],"replies":[{"embeddable":true,"href":"https:\/\/www.europesays.com\/es\/wp-json\/wp\/v2\/comments?post=231268"}],"version-history":[{"count":0,"href":"https:\/\/www.europesays.com\/es\/wp-json\/wp\/v2\/posts\/231268\/revisions"}],"wp:featuredmedia":[{"embeddable":true,"href":"https:\/\/www.europesays.com\/es\/wp-json\/wp\/v2\/media\/231269"}],"wp:attachment":[{"href":"https:\/\/www.europesays.com\/es\/wp-json\/wp\/v2\/media?parent=231268"}],"wp:term":[{"taxonomy":"category","embeddable":true,"href":"https:\/\/www.europesays.com\/es\/wp-json\/wp\/v2\/categories?post=231268"},{"taxonomy":"post_tag","embeddable":true,"href":"https:\/\/www.europesays.com\/es\/wp-json\/wp\/v2\/tags?post=231268"}],"curies":[{"name":"wp","href":"https:\/\/api.w.org\/{rel}","templated":true}]}}