{"id":231270,"date":"2025-11-12T00:11:08","date_gmt":"2025-11-12T00:11:08","guid":{"rendered":"https:\/\/www.europesays.com\/es\/231270\/"},"modified":"2025-11-12T00:11:08","modified_gmt":"2025-11-12T00:11:08","slug":"insidious-6-fecha-de-estreno-en-espana","status":"publish","type":"post","link":"https:\/\/www.europesays.com\/es\/231270\/","title":{"rendered":"Insidious 6: Fecha de Estreno en Espa\u00f1a"},"content":{"rendered":"<p>&#13;<br \/>\n\t\t\t\t\t\t&#13;<br \/>\n\t\t\t\t\t\t&#13;<br \/>\n\t\t\t\t\t\tPor Redacci\u00f3n&#13;<br \/>\n\t\t\t\t\t\t&#13;<br \/>\n\t\t\t\t\t\t&#13;<br \/>\n\t\t\t\t\t\t&#13;<br \/>\n\t\t\t\t\t\t&#13;<br \/>\n\t\t\t\t\t\tPublicado el 11\/11\/2025&#13;<br \/>\n\t\t\t\t\t\t&#13;<br \/>\n\t\t\t\t\t\t&#13;\n\t\t\t\t\t<\/p>\n<p>\t\t\t\t\t&#13;<br \/>\n\t\t\t\t&#13;<br \/>\n\t\t\t\t\t\tLa nueva entrega de la franquicia creada por James Wan y Leigh Whannell&#13;<\/p>\n<p>\t\t\t\t\t&#13;<br \/>\n\t\t\t\t\t&#13;<br \/>\n\t\t\t\t\tTras retrasarse todo un a\u00f1o finalmente ser\u00e1 el pr\u00f3ximo 21 de agosto cuando llegue a los cines espa\u00f1oles <b>Insidous 6<\/b>, la nueva entrega de la franquicia cuya anterior entrega, <b>La Puerta Roja<\/b>, fue el t\u00edtulo m\u00e1s taquillero de la saga hasta la fecha logrando m\u00e1s de 189 millones de d\u00f3lares en todo el mundo.<\/p>\n<p>Ya sab\u00edamos que <b>Lin Shane<\/b> regresar\u00e1 como la parapsic\u00f3loga Elisa Rainer y junto a ella estar\u00e1 la joven Amelia Eve (\u00abLa Maldici\u00f3n de Bly Manor\u00bb). Hoy se ha confirmado que les acompa\u00f1ar\u00e1n Brandon Perea (\u00abNop\u00bb), que adem\u00e1s ser\u00e1 el protagonista masculino principal.<\/p>\n<p>El resto del reparto lo formar\u00e1n Maisie Richardson-Sellers (\u201cLegends of Tomorrow\u201d), Sam Spruell (\u201cFargo\u201d) e Island Austin mientras que <b>Jacob Chase<\/b> (Come Play), ser\u00e1 el encargado de dirigir la pel\u00edcula.<\/p>\n<p>De este modo el terror\u00edfico universo <b>creado por James Wan y Leigh Whannell<\/b> hace ya quince a\u00f1os se sigue expandiendo con esta secuela.<\/p>\n<p>&#13;<br \/>\n\t\t\t\t\t&#13;<\/p>\n","protected":false},"excerpt":{"rendered":"&#13; &#13; &#13; Por Redacci\u00f3n&#13; &#13; &#13; &#13; &#13; Publicado el 11\/11\/2025&#13; &#13; &#13; &#13; &#13; La nueva&hellip;\n","protected":false},"author":2,"featured_media":231271,"comment_status":"","ping_status":"","sticky":false,"template":"","format":"standard","meta":{"footnotes":""},"categories":[169],"tags":[177,146,147,25,24,176,175,23],"class_list":{"0":"post-231270","1":"post","2":"type-post","3":"status-publish","4":"format-standard","5":"has-post-thumbnail","7":"category-cine","8":"tag-cine","9":"tag-entertainment","10":"tag-entretenimiento","11":"tag-es","12":"tag-espana","13":"tag-film","14":"tag-movies","15":"tag-spain"},"share_on_mastodon":{"url":"https:\/\/pubeurope.com\/@es\/115533832836100151","error":""},"_links":{"self":[{"href":"https:\/\/www.europesays.com\/es\/wp-json\/wp\/v2\/posts\/231270","targetHints":{"allow":["GET"]}}],"collection":[{"href":"https:\/\/www.europesays.com\/es\/wp-json\/wp\/v2\/posts"}],"about":[{"href":"https:\/\/www.europesays.com\/es\/wp-json\/wp\/v2\/types\/post"}],"author":[{"embeddable":true,"href":"https:\/\/www.europesays.com\/es\/wp-json\/wp\/v2\/users\/2"}],"replies":[{"embeddable":true,"href":"https:\/\/www.europesays.com\/es\/wp-json\/wp\/v2\/comments?post=231270"}],"version-history":[{"count":0,"href":"https:\/\/www.europesays.com\/es\/wp-json\/wp\/v2\/posts\/231270\/revisions"}],"wp:featuredmedia":[{"embeddable":true,"href":"https:\/\/www.europesays.com\/es\/wp-json\/wp\/v2\/media\/231271"}],"wp:attachment":[{"href":"https:\/\/www.europesays.com\/es\/wp-json\/wp\/v2\/media?parent=231270"}],"wp:term":[{"taxonomy":"category","embeddable":true,"href":"https:\/\/www.europesays.com\/es\/wp-json\/wp\/v2\/categories?post=231270"},{"taxonomy":"post_tag","embeddable":true,"href":"https:\/\/www.europesays.com\/es\/wp-json\/wp\/v2\/tags?post=231270"}],"curies":[{"name":"wp","href":"https:\/\/api.w.org\/{rel}","templated":true}]}}