{"id":231282,"date":"2025-11-12T00:19:10","date_gmt":"2025-11-12T00:19:10","guid":{"rendered":"https:\/\/www.europesays.com\/es\/231282\/"},"modified":"2025-11-12T00:19:10","modified_gmt":"2025-11-12T00:19:10","slug":"carlos-mazon-en-la-comision-de-la-dana-en-les-corts-poco-tenia-que-aportar-yo-a-la-emergencia","status":"publish","type":"post","link":"https:\/\/www.europesays.com\/es\/231282\/","title":{"rendered":"Carlos Maz\u00f3n, en la comisi\u00f3n de la DANA en Les Corts: \u201cPoco ten\u00eda que aportar yo a la emergencia\u201d"},"content":{"rendered":"<p><img alt=\"El presidente de la Generalitat\" class=\"global-image\" decoding=\"async\" fetchpriority=\"high\" height=\"3821\" loading=\"eager\" src=\"https:\/\/www.europesays.com\/es\/wp-content\/uploads\/2025\/11\/C2QU2RDD2ZE5NCWTBJGKV7VMWU.JPG\" width=\"5500\"\/>El presidente de la Generalitat Valenciana, Carlos Maz\u00f3n, comparece en Les Corts, este 11 de noviembre de 2025. (REUTERS\/Eva Manez)<\/p>\n<p class=\"paragraph\">Una semana -y un d\u00eda- despu\u00e9s de que anunciara su dimisi\u00f3n como president de la Generalitat -y el mismo d\u00eda que se anuncia a su candidato como sucesor- Carlos Maz\u00f3n comparece este martes en la <b>comisi\u00f3n de investigaci\u00f3n <\/b>sobre la gesti\u00f3n de la DANA en las Corts Valencianes, que se cobr\u00f3 la vida de 229 personas. Fue el propio Maz\u00f3n el que <a href=\"https:\/\/www.infobae.com\/espana\/2025\/11\/05\/carlos-mazon-solicita-comparecer-el-martes-11-de-noviembre-en-la-comision-de-la-dana\/\" target=\"_blank\" rel=\"noreferrer nofollow noopener\" title=\"https:\/\/www.infobae.com\/espana\/2025\/11\/05\/carlos-mazon-solicita-comparecer-el-martes-11-de-noviembre-en-la-comision-de-la-dana\/\">solicit\u00f3 declarar voluntariamente<\/a> \u201cpara <b>dar cuenta de las actuaciones <\/b>llevadas a cabo por la Generalitat\u201d. Su intervenci\u00f3n se produce, adem\u00e1s, <b>antes de que lo hagan las v\u00edctimas. <\/b>De hecho, las asociaciones de v\u00edctimas han protestado en la puerta de las Cortes, donde han decidido quedarse tras <b>no poder acceder a la comisi\u00f3n<\/b>, puesto que la Generalitat ha copado todas las invitaciones. <\/p>\n<p class=\"paragraph\">Tras unos 20 minutos en los que los diputados del PSOE, Comprom\u00eds, PP y Vox han lanzado sus preguntas a Maz\u00f3n, el actual president en funciones ha comenzado, de nuevo y como ya hizo durante la comparecencia de su dimisi\u00f3n, eludiendo responsabilidades por lo ocurrido hace m\u00e1s de un a\u00f1o. \u201cMis errores han servido para <b>transmitir una imagen de lejan\u00eda<\/b>, mi persona sigue siendo la gran excusa pol\u00edtica para tapar las excusas de la tragedia, para justificar la falta de cooperaci\u00f3n del Gobierno de Espa\u00f1a en la reconstrucci\u00f3n\u201d, ha arrancado, para a\u00f1adir que su \u201cpersona\u201d ha sido utilizada como \u201cuna <b>gran excusa para rehuir el deber<\/b> de la reconstrucci\u00f3n que solos no podemos acometer\u201d. <\/p>\n<p class=\"paragraph\">Sin embargo, el president no se ha ce\u00f1ido a responder a las preguntas lanzadas, entre las que se encontraba si hab\u00eda tra\u00eddo el ticket del restaurante El Ventorro, donde pas\u00f3 las primeras horas de la tragedia comienzo con la periodista Maribel Vilaplana o el listado de las m\u00faltiples llamadas que recibi\u00f3 y realiz\u00f3 en dicha casa de comidas. En su lugar, el jefe del Consell se ha dedicado a <b>leer un discurso <\/b>ya preparado durante 23 minutos.<\/p>\n<p class=\"paragraph\">As\u00ed mismo, tras asegurar en repetidas ocasiones que \u201cha reconocido sus errores, dado explicaciones y asumido las consecuencias\u201d tras su dimisi\u00f3n, y asegurar que \u201cse activaron las alertas hidrol\u00f3gicas en tiempo y forma\u201d, ha afirmado que \u201cten\u00eda poco que aportar a la emergencia\u201d. \u201cYo no soy miembro del Centro de Coordinaci\u00f3n Operativa Integrado (CECOPI), \u00bfsolo yo deb\u00ed cambiar la agenda?\u201c, ha preguntado, tras citar a otros altos cargos como el ministro de Interior Grande-Marlaska, la de Defensa Margarita Robles, \u201cni de la UME, ni de Protecci\u00f3n Civil, ni la delegada del Gobierno, ni de la Aemet\u201d. \u201dQuiz\u00e1 no me llamaron porque <b>operativamente poco ten\u00eda que aportar<\/b> a la emergencia\u201d.<\/p>\n<p class=\"paragraph\">Maz\u00f3n tampoco ha respondido a una de las grandes inc\u00f3gnitas que a\u00fan persisten m\u00e1s de un a\u00f1o despu\u00e9s: que hizo entre las 18:57 hasta las 19:34 horas. En total, <b>37 minutos de silencio<\/b> donde la exconsellera de Interior Salom\u00e9 Pradas <a href=\"https:\/\/www.infobae.com\/espana\/2025\/04\/15\/la-exconsejera-de-emergencias-de-la-generalitat-intento-sin-exito-ponerse-en-contacto-con-mazon-en-varias-ocasiones\/\" target=\"_blank\" rel=\"noreferrer nofollow noopener\" title=\"https:\/\/www.infobae.com\/espana\/2025\/04\/15\/la-exconsejera-de-emergencias-de-la-generalitat-intento-sin-exito-ponerse-en-contacto-con-mazon-en-varias-ocasiones\/\">le llam\u00f3 dos veces<\/a> sin obtener respuesta. \u201cNadie en su sano juicio puede pensar que la gesti\u00f3n de una emergencia puede depender de si yo realizaba llamadas desde un despacho, desde la calle o desde la India\u201d, ha a\u00f1adido.<\/p>\n<p class=\"paragraph\">De la misma manera, el president ha asegurado que nadie le pidi\u00f3 permiso para enviar el mensaje de alerta masiva a los m\u00f3viles de los valencianos. \u201cSi el mensaje no lleg\u00f3 a tiempo, no fue porque nadie lo bloqueara, fue <b>porque el CECOPI ignoraba lo que pasaba<\/b>\u201d, ha se\u00f1alado. \u201cExistieron avisos especiales con recomendaciones concretas, se activaron alertas hidrol\u00f3gicas, los avisos se difundieron masivamente a los municipios, se enviaron m\u00e1s de 22.000 SMS y m\u00e1s de 6.000 correos electr\u00f3nicos\u201d. <\/p>\n<p class=\"paragraph\">A las respuestas de los diputados de la oposici\u00f3n, ha respondido que \u201cpara algunas fuerzas pol\u00edticas\u201d su decisi\u00f3n de dimitir les ha parecido. \u201cInsuficiente o tard\u00eda. Algunos solo han tenido un \u00fanico objetivo y una \u00fanica prioridad: acabar con un gobierno leg\u00edtimamente salido de las urnas. Las 229 personas cuyas vidas se cobr\u00f3 la DANA merecen que den lo mejor de nosotros mismos\u201d.<\/p>\n","protected":false},"excerpt":{"rendered":"El presidente de la Generalitat Valenciana, Carlos Maz\u00f3n, comparece en Les Corts, este 11 de noviembre de 2025.&hellip;\n","protected":false},"author":2,"featured_media":231283,"comment_status":"","ping_status":"","sticky":false,"template":"","format":"standard","meta":{"footnotes":""},"categories":[5],"tags":[17,18,46519,25,24,406,13,14,5638,11,19,20,9,10,15,16,88,23,12,21,22],"class_list":{"0":"post-231282","1":"post","2":"type-post","3":"status-publish","4":"format-standard","5":"has-post-thumbnail","7":"category-titulares","8":"tag-breaking-news","9":"tag-breakingnews","10":"tag-domestic","11":"tag-es","12":"tag-espana","13":"tag-europe","14":"tag-featured-news","15":"tag-featurednews","16":"tag-government-politics","17":"tag-headlines","18":"tag-latest-news","19":"tag-latestnews","20":"tag-news","21":"tag-noticias","22":"tag-noticias-destacadas","23":"tag-noticiasdestacadas","24":"tag-politics","25":"tag-spain","26":"tag-titulares","27":"tag-ultimas-noticias","28":"tag-ultimasnoticias"},"share_on_mastodon":{"url":"https:\/\/pubeurope.com\/@es\/115533864410554688","error":""},"_links":{"self":[{"href":"https:\/\/www.europesays.com\/es\/wp-json\/wp\/v2\/posts\/231282","targetHints":{"allow":["GET"]}}],"collection":[{"href":"https:\/\/www.europesays.com\/es\/wp-json\/wp\/v2\/posts"}],"about":[{"href":"https:\/\/www.europesays.com\/es\/wp-json\/wp\/v2\/types\/post"}],"author":[{"embeddable":true,"href":"https:\/\/www.europesays.com\/es\/wp-json\/wp\/v2\/users\/2"}],"replies":[{"embeddable":true,"href":"https:\/\/www.europesays.com\/es\/wp-json\/wp\/v2\/comments?post=231282"}],"version-history":[{"count":0,"href":"https:\/\/www.europesays.com\/es\/wp-json\/wp\/v2\/posts\/231282\/revisions"}],"wp:featuredmedia":[{"embeddable":true,"href":"https:\/\/www.europesays.com\/es\/wp-json\/wp\/v2\/media\/231283"}],"wp:attachment":[{"href":"https:\/\/www.europesays.com\/es\/wp-json\/wp\/v2\/media?parent=231282"}],"wp:term":[{"taxonomy":"category","embeddable":true,"href":"https:\/\/www.europesays.com\/es\/wp-json\/wp\/v2\/categories?post=231282"},{"taxonomy":"post_tag","embeddable":true,"href":"https:\/\/www.europesays.com\/es\/wp-json\/wp\/v2\/tags?post=231282"}],"curies":[{"name":"wp","href":"https:\/\/api.w.org\/{rel}","templated":true}]}}