{"id":231286,"date":"2025-11-12T00:25:13","date_gmt":"2025-11-12T00:25:13","guid":{"rendered":"https:\/\/www.europesays.com\/es\/231286\/"},"modified":"2025-11-12T00:25:13","modified_gmt":"2025-11-12T00:25:13","slug":"este-ciclista-sera-una-mina-de-puntos-uci","status":"publish","type":"post","link":"https:\/\/www.europesays.com\/es\/231286\/","title":{"rendered":"este ciclista ser\u00e1 una mina de puntos UCI"},"content":{"rendered":"<p>En plena temporada baja, mucho se est\u00e1 hablando del gran <a href=\"https:\/\/ciclismoaldia.es\/mercado-ciclista\" title=\"Mercado Ciclista\" rel=\"nofollow noopener\" target=\"_blank\">mercado ciclista<\/a> que ha hecho <a href=\"https:\/\/ciclismoaldia.es\/movistar-team\" title=\"Movistar Team\" rel=\"nofollow noopener\" target=\"_blank\">Movistar Team<\/a>. El equipo telef\u00f3nico sabe que, con el inicio del nuevo trienio, la lucha por el descenso ser\u00e1 brutal hasta 2028. Por eso, adem\u00e1s de crear un necesario filial sub 23, la escuadra espa\u00f1ola ha realizado fichajes de la talla de Cian Uijtdebroeks o Roger Adri\u00e0, entre otros. Pero el mejor estaba ya en casa.No es un fichaje como tal, obviamente, porque lleva ya 2 temporadas en el equipo. Pero la explosi\u00f3n de <a href=\"https:\/\/ciclismoaldia.es\/carlos-canal\" title=\"Carlos Canal\" rel=\"nofollow noopener\" target=\"_blank\">Carlos Canal<\/a> en esta finalizada campa\u00f1a 2025 le convierten en uno de los ciclistas que m\u00e1s ilusi\u00f3n est\u00e1n generando de cara a la mencionada pelea por retener la licencia World Tour otros 3 a\u00f1os m\u00e1s. Es m\u00e1s, si sigue creciendo como se espera podr\u00eda ser su mayor fuente de puntos UCI.<\/p>\n<p>Porque, adem\u00e1s de las victorias (clave para cualquier equipo de la primera \u00abdivisi\u00f3n\u00bb del ciclismo), lo m\u00e1s importante para Movistar Team ser\u00e1 rascar puntos en la mayor\u00eda de carreras que dispute. A continuaci\u00f3n explicamos por qu\u00e9 Carlos Canal lo tiene todo para ser una de las grandes estrellas del equipo.<\/p>\n<p>Movistar ten\u00eda claro el potencial de Canal desde el principio. Por eso, en 2024, decidieron renovarle con un contrato hasta 2028, incluido. Durante las siguientes 3 temporadas, el ciclista espa\u00f1ol de 24 a\u00f1os continuar\u00e1 demostrando, con casi total seguridad, que el equipo navarro no se equivoc\u00f3 en absoluto al apostar por su talento a largo plazo.<\/p>\n<p>Carlos Canal es un ciclista que destaca sobre todo en carreras de un d\u00eda. Las cl\u00e1sicas son las pruebas que m\u00e1s puntos UCI reparten a lo largo de la temporada por la enorme cantidad que hay en cada mes del a\u00f1o. Adem\u00e1s, es el aspecto donde m\u00e1s flojea Movistar Team desde la salida de <a href=\"https:\/\/www.procyclingstats.com\/rider\/alex-aranburu\" target=\"_blank\" rel=\"nofollow noopener\">Alex Aranburu<\/a> (por eso tambi\u00e9n fichajes como el de Roger Adri\u00e0).En media monta\u00f1a, Canal es una aut\u00e9ntica flecha. De hecho, este a\u00f1o no consigui\u00f3 ganar al menos una vez simplemente por mala suerte. En la <a href=\"https:\/\/ciclismoaldia.es\/ciclismo\/resultados-coppa-agostoni-2025-adam-yates-se-aprovecha-de-un-pinchazo-de-carlos-canal-que-termino-2\" target=\"_self\" rel=\"nofollow noopener\">Coppa Agostoni ten\u00eda la victoria<\/a> en el bolsillo. Lideraba la carrera junto a Adam Yates, pero sufri\u00f3 un desafortunad\u00edsimo pinchazo con el que perdi\u00f3 tiempo respecto a su rival, al que habr\u00eda ganado sin duda en un esprint cara a cara, para terminar 2\u00ba.<img decoding=\"async\" width=\"500\" height=\"280\" loading=\"lazy\" src=\"https:\/\/www.europesays.com\/es\/wp-content\/uploads\/2025\/11\/carlos-canal-1235074213-68db6c68e75c9.jpg@webp.webp\" class=\"w-auto h-auto\" alt=\"Carlos Canal ser\u00e1 clave para Movistar Team en la lucha por evitar el descenso\"\/><\/p>\n<p>Carlos Canal ser\u00e1 clave para Movistar Team en la lucha por evitar el descenso<\/p>\n<p>El ilusionante 2025 de Carlos Canal<\/p>\n<p>Esa capacidad permite tambi\u00e9n al ciclista de Movistar Team a pelear clasificaciones generales de vueltas por etapas menores, donde tambi\u00e9n podr\u00e1 seguir acumulando puntos UCI. En definitiva, Carlos Canal es un corredor que, si sigue mejorando (todo apunta a que as\u00ed ser\u00e1), se convertir\u00e1 en uno de los grandes pilares del equipo telef\u00f3nico en el pr\u00f3ximo trienio.<\/p>\n<p>Solo hay que ver sus resultados de la temporada 2025 al completo, sin ser l\u00edder y muy joven todav\u00eda, para saber que no estamos ante un ciclista corriente y que pase desapercibido en un equipo World Tour. Y, adem\u00e1s, que con un poco m\u00e1s de suerte conseguir\u00e1 m\u00faltiples victorias en los pr\u00f3ximos a\u00f1os. Porque la cantidad de remates al palo que ha dado ha sido hasta surrealista:<\/p>\n<ul class=\"&#10;          list-outside pl-10&#10;          list-disc &#10;        \">\n<li class=\"[&amp;&gt;a]:text-primary dark:[&amp;&gt;a]:text-white [&amp;&gt;a]:underline md:text-lg text-base\">Top 3 en la clasificaci\u00f3n general de los 4 D\u00edas de Dunkerque.<\/li>\n<li class=\"[&amp;&gt;a]:text-primary dark:[&amp;&gt;a]:text-white [&amp;&gt;a]:underline md:text-lg text-base\">4\u00ba en la clasificaci\u00f3n general del Tour de Valonia.<\/li>\n<li class=\"[&amp;&gt;a]:text-primary dark:[&amp;&gt;a]:text-white [&amp;&gt;a]:underline md:text-lg text-base\">2\u00ba en la mencionada Coppa Agostoni.<\/li>\n<li class=\"[&amp;&gt;a]:text-primary dark:[&amp;&gt;a]:text-white [&amp;&gt;a]:underline md:text-lg text-base\">2\u00ba en la etapa final de O Gran Cami\u00f1o.<\/li>\n<li class=\"[&amp;&gt;a]:text-primary dark:[&amp;&gt;a]:text-white [&amp;&gt;a]:underline md:text-lg text-base\">2\u00ba en la etapa 4 de los 4 D\u00edas de Dunkerque.<\/li>\n<li class=\"[&amp;&gt;a]:text-primary dark:[&amp;&gt;a]:text-white [&amp;&gt;a]:underline md:text-lg text-base\">Top 3 en la etapa 4 del Tour de Valonia.<\/li>\n<li class=\"[&amp;&gt;a]:text-primary dark:[&amp;&gt;a]:text-white [&amp;&gt;a]:underline md:text-lg text-base\">Top 3 en la etapa 2 de O Gran Cami\u00f1o.<\/li>\n<li class=\"[&amp;&gt;a]:text-primary dark:[&amp;&gt;a]:text-white [&amp;&gt;a]:underline md:text-lg text-base\">Top 8 en la Cl\u00e1sica Ja\u00e9n Para\u00edso Interior.<\/li>\n<li class=\"[&amp;&gt;a]:text-primary dark:[&amp;&gt;a]:text-white [&amp;&gt;a]:underline md:text-lg text-base\">Top 8 en la Surf Coast Classic.<\/li>\n<\/ul>\n<p>Pero la cosa no se queda ah\u00ed, ya que Carlos Canal tambi\u00e9n tuvo una buena actuaci\u00f3n en el pasado Mundial de Kigali, donde fue el \u00fanico que junto a Ayuso logr\u00f3 acabar la carrera de la selecci\u00f3n Espa\u00f1a, y estuvo en los momentos decisivos de la prueba adelante.<\/p>\n<p>De hecho, tras las subidas al Monte Kigali y al Muro de Kigali que destrozaron la prueba dejando a Pogacar y Del Toro en cabeza, el gallego estuvo en el grupo perseguidor de los ciclistas de UAE con el resto de favoritos durante bastantes kil\u00f3metros.<\/p>\n<p>Estuvo como tuvo que estar ofreciendo mejor rendimiento que otros de los que quiz\u00e1s se pudo esperar m\u00e1s. Finaliz\u00f3 en la posici\u00f3n n\u00famero 20 a apenas un minuto del top 10 de Tom Pidcock y de hombres como Primoz Roglic o Jai Hindley. Por todo ello, hay que creer en que Canal es uno de los ciclistas que m\u00e1s le puede dar a Movistar Team estos pr\u00f3ximos a\u00f1os. Lo tiene todo para ello.<\/p>\n","protected":false},"excerpt":{"rendered":"En plena temporada baja, mucho se est\u00e1 hablando del gran mercado ciclista que ha hecho Movistar Team. El&hellip;\n","protected":false},"author":2,"featured_media":231287,"comment_status":"","ping_status":"","sticky":false,"template":"","format":"standard","meta":{"footnotes":""},"categories":[273],"tags":[313,312,168,25,24,23,167],"class_list":{"0":"post-231286","1":"post","2":"type-post","3":"status-publish","4":"format-standard","5":"has-post-thumbnail","7":"category-ciclismo","8":"tag-ciclismo","9":"tag-cycling","10":"tag-deportes","11":"tag-es","12":"tag-espana","13":"tag-spain","14":"tag-sports"},"share_on_mastodon":{"url":"https:\/\/pubeurope.com\/@es\/115533888075294795","error":""},"_links":{"self":[{"href":"https:\/\/www.europesays.com\/es\/wp-json\/wp\/v2\/posts\/231286","targetHints":{"allow":["GET"]}}],"collection":[{"href":"https:\/\/www.europesays.com\/es\/wp-json\/wp\/v2\/posts"}],"about":[{"href":"https:\/\/www.europesays.com\/es\/wp-json\/wp\/v2\/types\/post"}],"author":[{"embeddable":true,"href":"https:\/\/www.europesays.com\/es\/wp-json\/wp\/v2\/users\/2"}],"replies":[{"embeddable":true,"href":"https:\/\/www.europesays.com\/es\/wp-json\/wp\/v2\/comments?post=231286"}],"version-history":[{"count":0,"href":"https:\/\/www.europesays.com\/es\/wp-json\/wp\/v2\/posts\/231286\/revisions"}],"wp:featuredmedia":[{"embeddable":true,"href":"https:\/\/www.europesays.com\/es\/wp-json\/wp\/v2\/media\/231287"}],"wp:attachment":[{"href":"https:\/\/www.europesays.com\/es\/wp-json\/wp\/v2\/media?parent=231286"}],"wp:term":[{"taxonomy":"category","embeddable":true,"href":"https:\/\/www.europesays.com\/es\/wp-json\/wp\/v2\/categories?post=231286"},{"taxonomy":"post_tag","embeddable":true,"href":"https:\/\/www.europesays.com\/es\/wp-json\/wp\/v2\/tags?post=231286"}],"curies":[{"name":"wp","href":"https:\/\/api.w.org\/{rel}","templated":true}]}}