{"id":231292,"date":"2025-11-12T00:29:16","date_gmt":"2025-11-12T00:29:16","guid":{"rendered":"https:\/\/www.europesays.com\/es\/231292\/"},"modified":"2025-11-12T00:29:16","modified_gmt":"2025-11-12T00:29:16","slug":"paula-vazquez-explica-a-broncano-su-celibato-voluntario-ya-me-hago-yo-mi-comidita","status":"publish","type":"post","link":"https:\/\/www.europesays.com\/es\/231292\/","title":{"rendered":"Paula V\u00e1zquez explica a Broncano su celibato voluntario: \u00abYa me hago yo mi comidita\u00bb"},"content":{"rendered":"<p><a class=\"v-mdl-ath__fig-a\" href=\"https:\/\/www.elcorreo.com\/autor\/gabriel-cuesta-2310.html\" title=\"Gabriel Cuesta\" rel=\"nofollow noopener\" target=\"_blank\"><br \/>\n<img decoding=\"async\" class=\"v-mdl-ath__img\" src=\"https:\/\/www.europesays.com\/es\/wp-content\/uploads\/2025\/09\/autor-2310-foto-2.jpeg\" alt=\"Gabriel Cuesta\"\/><br \/>\n<\/a><\/p>\n<p class=\"v-mdl-ath__p v-mdl-ath__p--6\">\nMartes, 11 de noviembre 2025, 22:53<\/p>\n<p class=\"v-p\">Paula V\u00e1zquez entr\u00f3 en el Teatro Pr\u00edncipe \u00abun poco nerviosa\u00bb para presentar &#8216;Hasta el fin del mundo&#8217;, una suerte de Pek\u00edn Express que se estrena en La 1. Es una competici\u00f3n de viajes y aventurar cuyos concursantes recorren 15.000 kil\u00f3metros atravesando ocho pa\u00edses hasta llegar a Ushuaia. No hay expulsados y concursan seis parejas de famosos entre los que se encuentran Roc\u00edo Carrasco, Alba Carrillo, Cristina Cifuentes, Yolanda Ramos, NIA&#8230; \u00ab\u00bfNadie ha fallecido?\u00bb, se re\u00eda David Broncano.<\/p>\n<p><a href=\"http:\/\/www.elcorreo.com\/gente-estilo\/broncano-confirma-repetira-campanadas-gusto-20251111224612-nt.html#vtm_modulosEngag=mod-rel:gente-estilo:noticia:1:cmp:1-not\" class=\"v-a-link\" aria-label=\"Imagen\" rel=\"nofollow noopener\" target=\"_blank\"><\/p>\n<p><img decoding=\"async\" loading=\"lazy\" src=\"https:\/\/www.europesays.com\/es\/wp-content\/uploads\/2025\/11\/broncano-campanadas-kKDC--366x256@El Correo.jpg\" class=\"v-a-img\" width=\"258\" height=\"180\" alt=\"\" data-voc-vtm-id=\"in-text-traffic\"\/><\/p>\n<p><\/a><\/p>\n<p class=\"v-p\">De regalo, el c\u00f3mico se llev\u00f3 una pegatina del programa. A\u00fan con la resaca de su r\u00e9cord de audiencia con la visita de Rosal\u00eda, la presentadora gallega aprovech\u00f3 a repetir un pique: el pulso con Broncano. De nuevo, derrota del presentador, acusado de volver a dejarse. \u00abMuy fuerte desde el principio. \u00a1Pensaba que ibas a darle un poco m\u00e1s de tensi\u00f3n!\u00bb, se excusaba el humorista. \u00abYa, quiz\u00e1 por eso no follo\u00bb, sorprend\u00eda la presentadora como respuesta.<\/p>\n<p class=\"v-p\">V\u00e1zquez cumple 51 a\u00f1os en un par de semanas. Acababa de aterrizar, todav\u00eda con &#8216;jet lag&#8217; de la grabaci\u00f3n. \u00abHe visto volcanes, desiertos&#8230; Una pasada\u00bb. Hablaron sobre sus experiencias previas en una dilatada carrera televisiva. Y m\u00e1s de una vez le toc\u00f3 dar las Campanadas. Ah\u00ed Broncano confirm\u00f3 que no ten\u00eda pensado repetir. \u00abMe gust\u00f3, pero no tanto como pa no estar en el monte\u00bb, explicaba. <\/p>\n<p class=\"v-p\">El chascarrillo del pulso dejaba encaminada la respuesta de las preguntas cl\u00e1sicas. \u00abMe da mucha verg\u00fcenza\u00bb. Asegur\u00f3 que hab\u00eda tenido menos sexo que Rosal\u00eda, que hab\u00eda dicho que fueron \u00abcero patatero\u00bb. Y explic\u00f3 el motivo de su celibato. Primero, con un audio de un amiga con la que habl\u00f3 del tema por tel\u00e9fono y a la que le explicaba los \u00abmuchos requisitos\u00bb que exig\u00eda. \u00abLo m\u00edo es voluntario. Primero, porque no me f\u00edo. Meterme una polla que no conozco bien ya me da cosa. Y encima, tanto pre\u00e1mbulo para luego\u2026 que no, yo ya me hago mi comidita\u00bb, explicaba la amiga en su representaci\u00f3n. Confes\u00f3 tener cibersexo con su pareja porque \u00abviaja mucho\u00bb. \u00abNo quiero decir mucho porque luego me hackean\u00bb, se excusaba. <\/p>\n<p class=\"v-p\">\u00bfY dinero en el banco? \u00abLlevo m\u00e1s de 30 a\u00f1os en la tele&#8230; as\u00ed que tres veces m\u00e1s que t\u00fa. No tengo ni idea. Aunque nuestros sueldos son p\u00fablicos\u00bb, zanjaba en ese aspecto. <\/p>\n<p>Reporta un error<\/p>\n","protected":false},"excerpt":{"rendered":"Martes, 11 de noviembre 2025, 22:53 Paula V\u00e1zquez entr\u00f3 en el Teatro Pr\u00edncipe \u00abun poco nerviosa\u00bb para presentar&hellip;\n","protected":false},"author":2,"featured_media":231293,"comment_status":"","ping_status":"","sticky":false,"template":"","format":"standard","meta":{"footnotes":""},"categories":[174],"tags":[255,60264,60509,146,147,25,24,5134,256,34784,8464,23,5783,12590],"class_list":{"0":"post-231292","1":"post","2":"type-post","3":"status-publish","4":"format-standard","5":"has-post-thumbnail","7":"category-famosos","8":"tag-celebrities","9":"tag-celibato","10":"tag-comidita","11":"tag-entertainment","12":"tag-entretenimiento","13":"tag-es","14":"tag-espana","15":"tag-explica","16":"tag-famosos","17":"tag-hago","18":"tag-paula","19":"tag-spain","20":"tag-vazquez","21":"tag-voluntario"},"share_on_mastodon":{"url":"https:\/\/pubeurope.com\/@es\/115533903919085981","error":""},"_links":{"self":[{"href":"https:\/\/www.europesays.com\/es\/wp-json\/wp\/v2\/posts\/231292","targetHints":{"allow":["GET"]}}],"collection":[{"href":"https:\/\/www.europesays.com\/es\/wp-json\/wp\/v2\/posts"}],"about":[{"href":"https:\/\/www.europesays.com\/es\/wp-json\/wp\/v2\/types\/post"}],"author":[{"embeddable":true,"href":"https:\/\/www.europesays.com\/es\/wp-json\/wp\/v2\/users\/2"}],"replies":[{"embeddable":true,"href":"https:\/\/www.europesays.com\/es\/wp-json\/wp\/v2\/comments?post=231292"}],"version-history":[{"count":0,"href":"https:\/\/www.europesays.com\/es\/wp-json\/wp\/v2\/posts\/231292\/revisions"}],"wp:featuredmedia":[{"embeddable":true,"href":"https:\/\/www.europesays.com\/es\/wp-json\/wp\/v2\/media\/231293"}],"wp:attachment":[{"href":"https:\/\/www.europesays.com\/es\/wp-json\/wp\/v2\/media?parent=231292"}],"wp:term":[{"taxonomy":"category","embeddable":true,"href":"https:\/\/www.europesays.com\/es\/wp-json\/wp\/v2\/categories?post=231292"},{"taxonomy":"post_tag","embeddable":true,"href":"https:\/\/www.europesays.com\/es\/wp-json\/wp\/v2\/tags?post=231292"}],"curies":[{"name":"wp","href":"https:\/\/api.w.org\/{rel}","templated":true}]}}