{"id":231311,"date":"2025-11-12T00:47:12","date_gmt":"2025-11-12T00:47:12","guid":{"rendered":"https:\/\/www.europesays.com\/es\/231311\/"},"modified":"2025-11-12T00:47:12","modified_gmt":"2025-11-12T00:47:12","slug":"musetti-tambien-remonta-y-arma-un-lio-en-el-grupo-de-alcaraz","status":"publish","type":"post","link":"https:\/\/www.europesays.com\/es\/231311\/","title":{"rendered":"Musetti tambi\u00e9n remonta y arma un l\u00edo en el grupo de Alcaraz"},"content":{"rendered":"<p class=\"\"><b>Lorenzo Musetti<\/b>, que fue el \u00faltimo tenista en lograr su clasificaci\u00f3n para las <b>ATP Finals<\/b>, a\u00fan tiene opciones de clasificarse para las semifinales. Tras perder contra <b>Taylor Fritz<\/b> en la jornada del lunes, el italiano se jug\u00f3 este martes, sin d\u00eda de descanso, su superviviencia en el torneo. Y un inesperado giro de los acontecimientos, remont\u00f3 para vencer en tres sets (5-7, 6-3 y 7-5 en 2h47) a <b>Alex de Mi\u00f1aur<\/b> y formar un buen l\u00edo en el <b>Grupo Jimmy Connors<\/b>, <a href=\"https:\/\/as.com\/tenis\/final_atp\/alcaraz-remonta-y-acaricia-el-pase-a-los-cruces-de-las-atp-finals-f202511-n\/\" target=\"_self\" rel=\"nofollow noopener\" title=\"https:\/\/as.com\/tenis\/final_atp\/alcaraz-remonta-y-acaricia-el-pase-a-los-cruces-de-las-atp-finals-f202511-n\/\">el de <b>Carlos Alcaraz<\/b><\/a>. <\/p>\n<p class=\"\">Porque ahora, los cuatro jugadores que lo forman a\u00fan tienen opciones de avanzar. El que mejor lo tiene es el espa\u00f1ol, que depende de s\u00ed mismo. Una victoria el jueves contra <b>Musetti<\/b> le coloca en los cruces. Y tambi\u00e9n podr\u00eda pasar si pierde, preferiblemente, en tres sets. Es, adem\u00e1s, <a href=\"https:\/\/www.nittoatpfinals.com\/en\/scores-centre\/group-standings\" target=\"_self\" rel=\"nofollow noopener\" title=\"https:\/\/www.nittoatpfinals.com\/en\/scores-centre\/group-standings\">el que mejor porcentaje tiene de sets (80%) y de juegos ganados (58,2%)<\/a><\/p>\n<p class=\"\">\u201cHe tenido la mentalidad de un guerrero despu\u00e9s de sufrir mucho f\u00edsicamente porque Alex elev\u00f3 mucho su nivel. Le puse mucho coraz\u00f3n y pasi\u00f3n. No s\u00e9 de d\u00f3nde lo saqu\u00e9, pero empec\u00e9 a jugar mejor con el apoyo de la gente, que fue asombroso\u201d, celebr\u00f3 <b>Lorenzo<\/b>, debutante en la competici\u00f3n, que no pudo reprimir la emoci\u00f3n de ganar un partido antes sus paisanos. Ni \u00e9l se lo cre\u00eda despu\u00e9s de ir por detr\u00e1s en la tercera manga desde el primer juego, cuando <b>De <\/b><b>Mi\u00f1aur<\/b> le hizo break. El australiano sac\u00f3 con 5-4 para cerrar el encuentro, pero se arrug\u00f3 y <b>Musetti<\/b> fue tan r\u00e1pido o m\u00e1s que \u00e9l para contraatacar y ganar algunos puntos vibrantes y bonitos en un encuentro que estuvo parado durante unos minutos mediado ese \u00faltimo parcial, por los problemas de un espectador. Otro susto el d\u00eda despu\u00e9s del fallecimiento de dos aficionados de avanzada edad en el torneo. <\/p>\n<p>Noticias relacionadas<a href=\"https:\/\/as.com\/tenis\/mas_tenis\/la-solucion-de-toni-nadal-para-mejorar-el-tenis-el-juego-seria-menos-violento-f202511-n\/\" class=\"s_m_w _rt-16x9\" title=\"El t\u00edo y exentrenador de Rafa propone un cambio en las raquetas para favorecer el espect\u00e1culo ya que, seg\u00fan \u00e9l, se ha convertido en ver \u201cqui\u00e9n le pega m\u00e1s fuerte\u201d.\" data-tb-link=\"\" rel=\"nofollow noopener\" target=\"_blank\"><img decoding=\"async\" src=\"https:\/\/www.europesays.com\/es\/wp-content\/uploads\/2025\/11\/1762908431_848_UEOLSJT5RJPRLEZCOK4ANNDYUY.jpg\" alt=\"La soluci\u00f3n de Toni Nadal para mejorar el tenis: \u201cEl juego ser\u00eda menos violento\u201d\" class=\"\" height=\"9\" width=\"16\"   loading=\"lazy\" data-tb-thumbnail=\"\"\/><\/a><a href=\"https:\/\/as.com\/tenis\/final_atp\/la-excelencia-es-una-eleccion-lavazza-y-sinner-hasta-2030-f202511-n\/\" class=\"s_m_w _rt-16x9\" title=\"Contin\u00faa el viaje entre dos iconos italianos reconocidos mundialmente. La marca turinesa extiende la duraci\u00f3n de un acuerdo que se inici\u00f3 en 2019.\" data-tb-link=\"\" rel=\"nofollow noopener\" target=\"_blank\"><img decoding=\"async\" src=\"https:\/\/www.europesays.com\/es\/wp-content\/uploads\/2025\/11\/J5M5MD5WFRCRBAEAZTACH4T3FE.jpeg\" alt=\"La Excelencia es una Elecci\u00f3n: Lavazza y Sinner, hasta 2030\" class=\"\" height=\"9\" width=\"16\"   loading=\"lazy\" data-tb-thumbnail=\"\"\/><\/a><\/p>\n<p class=\"\">El de <b>Carrara<\/b>, que ha jugado tres partidos en los \u00faltimos cuatro d\u00edas (el s\u00e1bado perdi\u00f3 la final de <b>Atenas<\/b> contra <b>Novak Djokovic<\/b>), le ha ganado a <b>De Mi\u00f1aur <\/b>en sus \u00faltimas tres confrontaciones, las tres esta misma temporada. Tambi\u00e9n pudo con \u00e9l en <b>Montecarlo<\/b> y en <b>Madrid<\/b>.<\/p>\n<p class=\"\"><b>\u00a1Tus opiniones importan!<\/b> Comenta en los art\u00edculos y suscr\u00edbete gratis a nuestra <a href=\"https:\/\/asfan.as.com\/newsletters\/\" target=\"_blank\" rel=\"nofollow noopener\" title=\"https:\/\/asfan.as.com\/newsletters\/\">newsletter<\/a> y a las alertas informativas en la <a href=\"https:\/\/as.com\/aplicacion-de-as-n\/\" target=\"_blank\" rel=\"nofollow noopener\" title=\"https:\/\/as.com\/aplicacion-de-as-n\/\">App<\/a> o el canal de <a href=\"https:\/\/www.whatsapp.com\/channel\/0029VaAasdA7j6g745nz9M10\" target=\"_blank\" rel=\"nofollow noopener\" title=\"https:\/\/www.whatsapp.com\/channel\/0029VaAasdA7j6g745nz9M10\">WhatsApp<\/a>. \u00bfBuscas licenciar contenido? Haz clic <a href=\"https:\/\/profesional.elpais.com\/soluciones-sindicacion?utm_medium=interno&amp;utm_source=crosslinking&amp;utm_campaign=sindicacion_as_pie_articulos\" target=\"_blank\" rel=\"nofollow noopener\" title=\"https:\/\/profesional.elpais.com\/soluciones-sindicacion?utm_medium=interno&amp;utm_source=crosslinking&amp;utm_campaign=sindicacion_as_pie_articulos\">aqu\u00ed<\/a><\/p>\n","protected":false},"excerpt":{"rendered":"Lorenzo Musetti, que fue el \u00faltimo tenista en lograr su clasificaci\u00f3n para las ATP Finals, a\u00fan tiene opciones&hellip;\n","protected":false},"author":2,"featured_media":231312,"comment_status":"","ping_status":"","sticky":false,"template":"","format":"standard","meta":{"footnotes":""},"categories":[274],"tags":[168,25,24,23,167,327,326],"class_list":{"0":"post-231311","1":"post","2":"type-post","3":"status-publish","4":"format-standard","5":"has-post-thumbnail","7":"category-tenis","8":"tag-deportes","9":"tag-es","10":"tag-espana","11":"tag-spain","12":"tag-sports","13":"tag-tenis","14":"tag-tennis"},"share_on_mastodon":{"url":"https:\/\/pubeurope.com\/@es\/115533975299843237","error":""},"_links":{"self":[{"href":"https:\/\/www.europesays.com\/es\/wp-json\/wp\/v2\/posts\/231311","targetHints":{"allow":["GET"]}}],"collection":[{"href":"https:\/\/www.europesays.com\/es\/wp-json\/wp\/v2\/posts"}],"about":[{"href":"https:\/\/www.europesays.com\/es\/wp-json\/wp\/v2\/types\/post"}],"author":[{"embeddable":true,"href":"https:\/\/www.europesays.com\/es\/wp-json\/wp\/v2\/users\/2"}],"replies":[{"embeddable":true,"href":"https:\/\/www.europesays.com\/es\/wp-json\/wp\/v2\/comments?post=231311"}],"version-history":[{"count":0,"href":"https:\/\/www.europesays.com\/es\/wp-json\/wp\/v2\/posts\/231311\/revisions"}],"wp:featuredmedia":[{"embeddable":true,"href":"https:\/\/www.europesays.com\/es\/wp-json\/wp\/v2\/media\/231312"}],"wp:attachment":[{"href":"https:\/\/www.europesays.com\/es\/wp-json\/wp\/v2\/media?parent=231311"}],"wp:term":[{"taxonomy":"category","embeddable":true,"href":"https:\/\/www.europesays.com\/es\/wp-json\/wp\/v2\/categories?post=231311"},{"taxonomy":"post_tag","embeddable":true,"href":"https:\/\/www.europesays.com\/es\/wp-json\/wp\/v2\/tags?post=231311"}],"curies":[{"name":"wp","href":"https:\/\/api.w.org\/{rel}","templated":true}]}}